{"id":10810,"date":"2025-10-09T13:36:47","date_gmt":"2025-10-09T13:36:47","guid":{"rendered":"https:\/\/catunescoforum.upv.es\/?p=10810"},"modified":"2025-10-09T13:57:26","modified_gmt":"2025-10-09T13:57:26","slug":"la-catedra-refuerza-su-compromiso-con-la-cultura-global-en-mondiacult-2025","status":"publish","type":"post","link":"https:\/\/catunescoforum.upv.es\/?p=10810","title":{"rendered":"La C\u00e1tedra en MONDIACULT 2025"},"content":{"rendered":"<div id=\"pl-10810\"  class=\"panel-layout\" ><div id=\"pg-10810-0\"  class=\"panel-grid panel-no-style\" ><div id=\"pgc-10810-0-0\"  class=\"panel-grid-cell\" ><div id=\"panel-10810-0-0-0\" class=\"so-panel widget widget_sow-image panel-first-child panel-last-child\" data-index=\"0\" ><div\n\t\t\t\n\t\t\tclass=\"so-widget-sow-image so-widget-sow-image-default-8b5b6f678277-10810\"\n\t\t\t\n\t\t>\n<div class=\"sow-image-container\">\n\t\t<img \n\tsrc=\"https:\/\/catunescoforum.upv.es\/wp-content\/uploads\/2025\/10\/PHOTO-2025-10-08-11-33-00-3-e1760017737787.jpg\" width=\"1280\" height=\"734\" srcset=\"https:\/\/catunescoforum.upv.es\/wp-content\/uploads\/2025\/10\/PHOTO-2025-10-08-11-33-00-3-e1760017737787.jpg 1280w, https:\/\/catunescoforum.upv.es\/wp-content\/uploads\/2025\/10\/PHOTO-2025-10-08-11-33-00-3-e1760017737787-768x440.jpg 768w\" sizes=\"(max-width: 1280px) 100vw, 1280px\" title=\"PHOTO-2025-10-08-11-33-00 3\" alt=\"\" \t\tclass=\"so-widget-image\"\/>\n\t<\/div>\n\n<\/div><\/div><\/div><\/div><div id=\"pg-10810-1\"  class=\"panel-grid panel-no-style\" ><div id=\"pgc-10810-1-0\"  class=\"panel-grid-cell panel-grid-cell-empty\" ><\/div><div id=\"pgc-10810-1-1\"  class=\"panel-grid-cell panel-grid-cell-mobile-last\" ><div id=\"panel-10810-1-1-0\" class=\"so-panel widget widget_sow-headline panel-first-child panel-last-child\" data-index=\"1\" ><div\n\t\t\t\n\t\t\tclass=\"so-widget-sow-headline so-widget-sow-headline-default-cc9e7c93486b-10810\"\n\t\t\t\n\t\t><div class=\"sow-headline-container \">\n\t\t\t\t\t\t\t<h2 class=\"sow-headline\">\n\t\t\t\t\t\tLa C\u00e1tedra refuerza su compromiso con la cultura global en Mondiacult 2025\t\t\t\t\t\t<\/h2>\n\t\t\t\t\t\t\t\t\t\t\t<div class=\"decoration\">\n\t\t\t\t\t\t<div class=\"decoration-inside\"><\/div>\n\t\t\t\t\t<\/div>\n\t\t\t\t\t<\/div>\n<\/div><\/div><\/div><div id=\"pgc-10810-1-2\"  class=\"panel-grid-cell panel-grid-cell-empty\" ><\/div><\/div><div id=\"pg-10810-2\"  class=\"panel-grid panel-no-style\" ><div id=\"pgc-10810-2-0\"  class=\"panel-grid-cell\" ><div id=\"panel-10810-2-0-0\" class=\"so-panel widget widget_sow-editor panel-first-child panel-last-child\" data-index=\"2\" ><div\n\t\t\t\n\t\t\tclass=\"so-widget-sow-editor so-widget-sow-editor-base\"\n\t\t\t\n\t\t>\n<div class=\"siteorigin-widget-tinymce textwidget\">\n\t<p>La directora de la C\u00e1tedra UNESCO Forum, Universidad y Patrimonio Cultural UPV, <strong>Mar\u00eda Victoria Vivancos Ram\u00f3n<\/strong>, tambi\u00e9n directora del <strong>Instituto de Restauraci\u00f3n del Patrimonio de la Universitat Polit\u00e8cnica de Val\u00e8ncia (IRP-UPV)<\/strong>, \u00a0particip\u00f3 activamente en <span style=\"color: #0000ff\"><a style=\"color: #0000ff\" href=\"https:\/\/catunescoforum.upv.es\/mondiacult-2025\/\"><strong>MONDIACULT 2025<\/strong><\/a><\/span>, el principal foro internacional sobre pol\u00edticas culturales y sostenibilidad organizado por la <strong>UNESCO<\/strong>. Celebrado en <strong>Barcelona del 29 de septiembre al 1 de octubre<\/strong>, el encuentro reuni\u00f3 a <strong>delegaciones de m\u00e1s de 160 pa\u00edses<\/strong> con el objetivo de situar la <strong>cultura en el centro de las pol\u00edticas de desarrollo<\/strong> y como <strong>respuesta a las crisis globales<\/strong>.<\/p>\n<p>Durante el evento, se han llevado a cabo sesiones dedicadas a <strong>los derechos culturales, el impacto de la inteligencia artificial en la cultura<\/strong> y la <strong>integraci\u00f3n de la cultura en las agendas de desarrollo sostenible<\/strong>, defendiendo la necesidad de situar la cultura como un bien p\u00fablico esencial.<\/p>\n<h3><strong><br \/>\nEncuentro con la Directora General de la UNESCO<\/strong><\/h3>\n<p>Uno de los momentos m\u00e1s significativos fue el <strong>encuentro informal entre Victoria Vivancos y la Directora General de la UNESCO, Audrey Azoulay<\/strong>, quien pudo participar finalmente en la clausura del evento tras haber cancelado inicialmente su asistencia por motivos de salud. Azoulay subray\u00f3 la importancia de \u201c<strong>hacer de la cultura un lenguaje com\u00fan que permita construir sociedad, generar consensos y ofrecer razones para la esperanza<\/strong>\u201d, destacando el papel de Mondiacult como un espacio de di\u00e1logo global frente a las tensiones y desigualdades actuales.<\/p>\n<p>La conferencia concluy\u00f3 con la <strong>adopci\u00f3n de una declaraci\u00f3n internacional<\/strong> que propone <strong>reconocer la cultura como un derecho humano<\/strong> y consolidarla como un <strong>pilar independiente en la futura agenda post-2030 de las Naciones Unidas<\/strong>. Este compromiso supone un avance en la consolidaci\u00f3n de la cultura como motor del desarrollo sostenible y de la cohesi\u00f3n social.<\/p>\n<h3><strong><br \/>\nIniciativas innovadoras y nuevos compromisos<\/strong><\/h3>\n<p>Durante Mondiacult 2025, la UNESCO present\u00f3 su <span style=\"color: #0000ff\"><a style=\"color: #0000ff\" href=\"https:\/\/unesdoc.unesco.org\/ark:\/48223\/pf0000395709\"><strong>P<\/strong><strong>rimer Informe Mundial sobre Pol\u00edticas Culturales<\/strong><\/a><\/span>, que ofrece indicadores clave sobre la evoluci\u00f3n del sector a nivel internacional. El estudio revela que las <strong>industrias culturales y creativas representan el 3,39 % del PIB mundial<\/strong>, aunque a\u00fan existen grandes desigualdades en la inversi\u00f3n cultural entre pa\u00edses.<\/p>\n<p>Asimismo, se lanz\u00f3 el <span style=\"color: #0000ff\"><a style=\"color: #0000ff\" href=\"https:\/\/museum.unesco.org\/\"><strong>Museo Virtual de Bienes Culturales Robados<\/strong><\/a><\/span>, dise\u00f1ado por el arquitecto <strong>Francis K\u00e9r\u00e9<\/strong>, una plataforma inmersiva \u00fanica en el mundo que busca <strong>combatir el tr\u00e1fico il\u00edcito de patrimonio<\/strong> y sensibilizar a la sociedad, especialmente a las generaciones j\u00f3venes, sobre la importancia de su protecci\u00f3n.<\/p>\n<h3><strong data-start=\"271\" data-end=\"350\"><br \/>\nCompromiso desde la C\u00e1tedra UNESCO Forum, Universidad y Patrimonio Cultural<\/strong><\/h3>\n<p data-start=\"352\" data-end=\"819\">La participaci\u00f3n de la <strong data-start=\"375\" data-end=\"434\">C\u00e1tedra UNESCO Forum, Universidad y Patrimonio Cultural<\/strong> en <strong data-start=\"438\" data-end=\"457\">Mondiacult 2025<\/strong> consolida el v\u00ednculo entre la <strong data-start=\"488\" data-end=\"519\">investigaci\u00f3n universitaria<\/strong>, la <strong data-start=\"524\" data-end=\"550\">gesti\u00f3n del patrimonio<\/strong> y las <strong data-start=\"557\" data-end=\"597\">pol\u00edticas culturales internacionales<\/strong>. Desde su labor conjunta con el <strong data-start=\"630\" data-end=\"684\">Instituto de Restauraci\u00f3n del Patrimonio (IRP-UPV)<\/strong>, la C\u00e1tedra reafirma su liderazgo en la promoci\u00f3n de la <strong data-start=\"741\" data-end=\"818\">cultura como motor de desarrollo sostenible, innovaci\u00f3n y cohesi\u00f3n social<\/strong>.<\/p>\n<p data-start=\"1066\" data-end=\"1425\">En el marco de la conferencia, el IRP y la C\u00e1tedra realizaron <strong data-start=\"1128\" data-end=\"1181\">aportaciones a la <span style=\"color: #0000ff\"><a style=\"color: #0000ff\" href=\"https:\/\/www.unesco.org\/es\/mondiacult\/digital-library\">Biblioteca Digital de la UNESCO<\/a><\/span><\/strong>, contribuyendo al fortalecimiento de la <strong data-start=\"1222\" data-end=\"1258\">cultura como bien p\u00fablico global<\/strong> y a la consolidaci\u00f3n de una <strong data-start=\"1287\" data-end=\"1324\">transformaci\u00f3n digital sostenible<\/strong> que favorezca el <strong data-start=\"1342\" data-end=\"1378\">acceso universal al conocimiento<\/strong> y la <strong data-start=\"1384\" data-end=\"1424\">preservaci\u00f3n del patrimonio cultural<\/strong>.<\/p>\n<p data-start=\"1427\" data-end=\"1711\">Con estas acciones, la <strong data-start=\"1450\" data-end=\"1487\">C\u00e1tedra UNESCO Forum y el IRP-UPV<\/strong> reafirman su compromiso con los principios de la <strong data-start=\"1537\" data-end=\"1547\">UNESCO<\/strong>, impulsando una cultura <strong data-start=\"1572\" data-end=\"1613\">m\u00e1s inclusiva, sostenible y accesible<\/strong>, y estrechando la colaboraci\u00f3n entre el <strong data-start=\"1654\" data-end=\"1710\">\u00e1mbito acad\u00e9mico y las pol\u00edticas culturales globales<\/strong>.<\/p>\n<\/div>\n<\/div><\/div><\/div><\/div><div id=\"pg-10810-3\"  class=\"panel-grid panel-no-style\" ><div id=\"pgc-10810-3-0\"  class=\"panel-grid-cell\" ><div id=\"panel-10810-3-0-0\" class=\"so-panel widget widget_media_gallery panel-first-child panel-last-child\" data-index=\"3\" >\n\t\t<style>\n\t\t\t#gallery-1 {\n\t\t\t\tmargin: auto;\n\t\t\t}\n\t\t\t#gallery-1 .gallery-item {\n\t\t\t\tfloat: left;\n\t\t\t\tmargin-top: 10px;\n\t\t\t\ttext-align: center;\n\t\t\t\twidth: 25%;\n\t\t\t}\n\t\t\t#gallery-1 img {\n\t\t\t\tborder: 2px solid #cfcfcf;\n\t\t\t}\n\t\t\t#gallery-1 .gallery-caption {\n\t\t\t\tmargin-left: 0;\n\t\t\t}\n\t\t\t\/* see gallery_shortcode() in wp-includes\/media.php *\/\n\t\t<\/style>\n\t\t<div id='gallery-1' class='gallery galleryid-10810 gallery-columns-4 gallery-size-medium'><dl class='gallery-item'>\n\t\t\t<dt class='gallery-icon landscape'>\n\t\t\t\t<a href='https:\/\/catunescoforum.upv.es\/?attachment_id=10816#main'><img loading=\"lazy\" decoding=\"async\" width=\"850\" height=\"478\" src=\"https:\/\/catunescoforum.upv.es\/wp-content\/uploads\/2025\/10\/PHOTO-2025-10-08-11-33-16-850x478.jpg\" class=\"attachment-medium size-medium\" alt=\"\" srcset=\"https:\/\/catunescoforum.upv.es\/wp-content\/uploads\/2025\/10\/PHOTO-2025-10-08-11-33-16-850x478.jpg 850w, https:\/\/catunescoforum.upv.es\/wp-content\/uploads\/2025\/10\/PHOTO-2025-10-08-11-33-16-1200x675.jpg 1200w, https:\/\/catunescoforum.upv.es\/wp-content\/uploads\/2025\/10\/PHOTO-2025-10-08-11-33-16-250x141.jpg 250w\" sizes=\"auto, (max-width: 850px) 100vw, 850px\" \/><\/a>\n\t\t\t<\/dt><\/dl><dl class='gallery-item'>\n\t\t\t<dt class='gallery-icon landscape'>\n\t\t\t\t<a href='https:\/\/catunescoforum.upv.es\/?attachment_id=10817#main'><img loading=\"lazy\" decoding=\"async\" width=\"850\" height=\"478\" src=\"https:\/\/catunescoforum.upv.es\/wp-content\/uploads\/2025\/10\/PHOTO-2025-10-08-11-32-59-3-850x478.jpg\" class=\"attachment-medium size-medium\" alt=\"\" srcset=\"https:\/\/catunescoforum.upv.es\/wp-content\/uploads\/2025\/10\/PHOTO-2025-10-08-11-32-59-3-850x478.jpg 850w, https:\/\/catunescoforum.upv.es\/wp-content\/uploads\/2025\/10\/PHOTO-2025-10-08-11-32-59-3-1200x675.jpg 1200w, https:\/\/catunescoforum.upv.es\/wp-content\/uploads\/2025\/10\/PHOTO-2025-10-08-11-32-59-3-250x141.jpg 250w\" sizes=\"auto, (max-width: 850px) 100vw, 850px\" \/><\/a>\n\t\t\t<\/dt><\/dl><dl class='gallery-item'>\n\t\t\t<dt class='gallery-icon landscape'>\n\t\t\t\t<a href='https:\/\/catunescoforum.upv.es\/?attachment_id=10818#main'><img loading=\"lazy\" decoding=\"async\" width=\"850\" height=\"478\" src=\"https:\/\/catunescoforum.upv.es\/wp-content\/uploads\/2025\/10\/PHOTO-2025-10-08-11-32-59-2-850x478.jpg\" class=\"attachment-medium size-medium\" alt=\"\" srcset=\"https:\/\/catunescoforum.upv.es\/wp-content\/uploads\/2025\/10\/PHOTO-2025-10-08-11-32-59-2-850x478.jpg 850w, https:\/\/catunescoforum.upv.es\/wp-content\/uploads\/2025\/10\/PHOTO-2025-10-08-11-32-59-2-1200x675.jpg 1200w, https:\/\/catunescoforum.upv.es\/wp-content\/uploads\/2025\/10\/PHOTO-2025-10-08-11-32-59-2-250x141.jpg 250w, https:\/\/catunescoforum.upv.es\/wp-content\/uploads\/2025\/10\/PHOTO-2025-10-08-11-32-59-2-768x432.jpg 768w, https:\/\/catunescoforum.upv.es\/wp-content\/uploads\/2025\/10\/PHOTO-2025-10-08-11-32-59-2-1536x864.jpg 1536w, https:\/\/catunescoforum.upv.es\/wp-content\/uploads\/2025\/10\/PHOTO-2025-10-08-11-32-59-2.jpg 1600w\" sizes=\"auto, (max-width: 850px) 100vw, 850px\" \/><\/a>\n\t\t\t<\/dt><\/dl><dl class='gallery-item'>\n\t\t\t<dt class='gallery-icon landscape'>\n\t\t\t\t<a href='https:\/\/catunescoforum.upv.es\/?attachment_id=10820#main'><img loading=\"lazy\" decoding=\"async\" width=\"850\" height=\"478\" src=\"https:\/\/catunescoforum.upv.es\/wp-content\/uploads\/2025\/10\/PHOTO-2025-10-08-11-33-00-3-1-850x478.jpg\" class=\"attachment-medium size-medium\" alt=\"\" srcset=\"https:\/\/catunescoforum.upv.es\/wp-content\/uploads\/2025\/10\/PHOTO-2025-10-08-11-33-00-3-1-850x478.jpg 850w, https:\/\/catunescoforum.upv.es\/wp-content\/uploads\/2025\/10\/PHOTO-2025-10-08-11-33-00-3-1-1200x675.jpg 1200w, https:\/\/catunescoforum.upv.es\/wp-content\/uploads\/2025\/10\/PHOTO-2025-10-08-11-33-00-3-1-250x141.jpg 250w\" sizes=\"auto, (max-width: 850px) 100vw, 850px\" \/><\/a>\n\t\t\t<\/dt><\/dl><br style=\"clear: both\" \/><dl class='gallery-item'>\n\t\t\t<dt class='gallery-icon landscape'>\n\t\t\t\t<a href='https:\/\/catunescoforum.upv.es\/?attachment_id=10821#main'><img loading=\"lazy\" decoding=\"async\" width=\"850\" height=\"478\" src=\"https:\/\/catunescoforum.upv.es\/wp-content\/uploads\/2025\/10\/PHOTO-2025-10-08-11-33-00-6-850x478.jpg\" class=\"attachment-medium size-medium\" alt=\"\" srcset=\"https:\/\/catunescoforum.upv.es\/wp-content\/uploads\/2025\/10\/PHOTO-2025-10-08-11-33-00-6-850x478.jpg 850w, https:\/\/catunescoforum.upv.es\/wp-content\/uploads\/2025\/10\/PHOTO-2025-10-08-11-33-00-6-1200x675.jpg 1200w, https:\/\/catunescoforum.upv.es\/wp-content\/uploads\/2025\/10\/PHOTO-2025-10-08-11-33-00-6-250x141.jpg 250w\" sizes=\"auto, (max-width: 850px) 100vw, 850px\" \/><\/a>\n\t\t\t<\/dt><\/dl><dl class='gallery-item'>\n\t\t\t<dt class='gallery-icon landscape'>\n\t\t\t\t<a href='https:\/\/catunescoforum.upv.es\/?attachment_id=10822#main'><img loading=\"lazy\" decoding=\"async\" width=\"850\" height=\"478\" src=\"https:\/\/catunescoforum.upv.es\/wp-content\/uploads\/2025\/10\/PHOTO-2025-10-08-11-33-00-4-850x478.jpg\" class=\"attachment-medium size-medium\" alt=\"\" srcset=\"https:\/\/catunescoforum.upv.es\/wp-content\/uploads\/2025\/10\/PHOTO-2025-10-08-11-33-00-4-850x478.jpg 850w, https:\/\/catunescoforum.upv.es\/wp-content\/uploads\/2025\/10\/PHOTO-2025-10-08-11-33-00-4-1200x675.jpg 1200w, https:\/\/catunescoforum.upv.es\/wp-content\/uploads\/2025\/10\/PHOTO-2025-10-08-11-33-00-4-250x141.jpg 250w\" sizes=\"auto, (max-width: 850px) 100vw, 850px\" \/><\/a>\n\t\t\t<\/dt><\/dl><dl class='gallery-item'>\n\t\t\t<dt class='gallery-icon landscape'>\n\t\t\t\t<a href='https:\/\/catunescoforum.upv.es\/?attachment_id=10823#main'><img loading=\"lazy\" decoding=\"async\" width=\"850\" height=\"478\" src=\"https:\/\/catunescoforum.upv.es\/wp-content\/uploads\/2025\/10\/PHOTO-2025-10-08-11-32-59-4-850x478.jpg\" class=\"attachment-medium size-medium\" alt=\"\" srcset=\"https:\/\/catunescoforum.upv.es\/wp-content\/uploads\/2025\/10\/PHOTO-2025-10-08-11-32-59-4-850x478.jpg 850w, https:\/\/catunescoforum.upv.es\/wp-content\/uploads\/2025\/10\/PHOTO-2025-10-08-11-32-59-4-1200x675.jpg 1200w, https:\/\/catunescoforum.upv.es\/wp-content\/uploads\/2025\/10\/PHOTO-2025-10-08-11-32-59-4-250x141.jpg 250w\" sizes=\"auto, (max-width: 850px) 100vw, 850px\" \/><\/a>\n\t\t\t<\/dt><\/dl><dl class='gallery-item'>\n\t\t\t<dt class='gallery-icon landscape'>\n\t\t\t\t<a href='https:\/\/catunescoforum.upv.es\/?attachment_id=10824#main'><img loading=\"lazy\" decoding=\"async\" width=\"850\" height=\"478\" src=\"https:\/\/catunescoforum.upv.es\/wp-content\/uploads\/2025\/10\/PHOTO-2025-10-08-11-33-02-850x478.jpg\" class=\"attachment-medium size-medium\" alt=\"\" srcset=\"https:\/\/catunescoforum.upv.es\/wp-content\/uploads\/2025\/10\/PHOTO-2025-10-08-11-33-02-850x478.jpg 850w, https:\/\/catunescoforum.upv.es\/wp-content\/uploads\/2025\/10\/PHOTO-2025-10-08-11-33-02-1200x675.jpg 1200w, https:\/\/catunescoforum.upv.es\/wp-content\/uploads\/2025\/10\/PHOTO-2025-10-08-11-33-02-250x141.jpg 250w\" sizes=\"auto, (max-width: 850px) 100vw, 850px\" \/><\/a>\n\t\t\t<\/dt><\/dl><br style=\"clear: both\" \/><dl class='gallery-item'>\n\t\t\t<dt class='gallery-icon landscape'>\n\t\t\t\t<a href='https:\/\/catunescoforum.upv.es\/?attachment_id=10825#main'><img loading=\"lazy\" decoding=\"async\" width=\"850\" height=\"478\" src=\"https:\/\/catunescoforum.upv.es\/wp-content\/uploads\/2025\/10\/PHOTO-2025-10-08-11-33-02-3-850x478.jpg\" class=\"attachment-medium size-medium\" alt=\"\" srcset=\"https:\/\/catunescoforum.upv.es\/wp-content\/uploads\/2025\/10\/PHOTO-2025-10-08-11-33-02-3-850x478.jpg 850w, https:\/\/catunescoforum.upv.es\/wp-content\/uploads\/2025\/10\/PHOTO-2025-10-08-11-33-02-3-1200x675.jpg 1200w, https:\/\/catunescoforum.upv.es\/wp-content\/uploads\/2025\/10\/PHOTO-2025-10-08-11-33-02-3-250x141.jpg 250w\" sizes=\"auto, (max-width: 850px) 100vw, 850px\" \/><\/a>\n\t\t\t<\/dt><\/dl><dl class='gallery-item'>\n\t\t\t<dt class='gallery-icon landscape'>\n\t\t\t\t<a href='https:\/\/catunescoforum.upv.es\/?attachment_id=10826#main'><img loading=\"lazy\" decoding=\"async\" width=\"850\" height=\"478\" src=\"https:\/\/catunescoforum.upv.es\/wp-content\/uploads\/2025\/10\/PHOTO-2025-10-08-11-33-03-850x478.jpg\" class=\"attachment-medium size-medium\" alt=\"\" srcset=\"https:\/\/catunescoforum.upv.es\/wp-content\/uploads\/2025\/10\/PHOTO-2025-10-08-11-33-03-850x478.jpg 850w, https:\/\/catunescoforum.upv.es\/wp-content\/uploads\/2025\/10\/PHOTO-2025-10-08-11-33-03-1200x675.jpg 1200w, https:\/\/catunescoforum.upv.es\/wp-content\/uploads\/2025\/10\/PHOTO-2025-10-08-11-33-03-250x141.jpg 250w\" sizes=\"auto, (max-width: 850px) 100vw, 850px\" \/><\/a>\n\t\t\t<\/dt><\/dl><dl class='gallery-item'>\n\t\t\t<dt class='gallery-icon portrait'>\n\t\t\t\t<a href='https:\/\/catunescoforum.upv.es\/?attachment_id=10827#main'><img loading=\"lazy\" decoding=\"async\" width=\"850\" height=\"478\" src=\"https:\/\/catunescoforum.upv.es\/wp-content\/uploads\/2025\/10\/PHOTO-2025-10-08-11-33-03-4-850x478.jpg\" class=\"attachment-medium size-medium\" alt=\"\" srcset=\"https:\/\/catunescoforum.upv.es\/wp-content\/uploads\/2025\/10\/PHOTO-2025-10-08-11-33-03-4-850x478.jpg 850w, https:\/\/catunescoforum.upv.es\/wp-content\/uploads\/2025\/10\/PHOTO-2025-10-08-11-33-03-4-1200x675.jpg 1200w, https:\/\/catunescoforum.upv.es\/wp-content\/uploads\/2025\/10\/PHOTO-2025-10-08-11-33-03-4-250x141.jpg 250w\" sizes=\"auto, (max-width: 850px) 100vw, 850px\" \/><\/a>\n\t\t\t<\/dt><\/dl><dl class='gallery-item'>\n\t\t\t<dt class='gallery-icon portrait'>\n\t\t\t\t<a href='https:\/\/catunescoforum.upv.es\/?attachment_id=10828#main'><img loading=\"lazy\" decoding=\"async\" width=\"850\" height=\"478\" src=\"https:\/\/catunescoforum.upv.es\/wp-content\/uploads\/2025\/10\/PHOTO-2025-10-08-11-33-15-850x478.jpg\" class=\"attachment-medium size-medium\" alt=\"\" srcset=\"https:\/\/catunescoforum.upv.es\/wp-content\/uploads\/2025\/10\/PHOTO-2025-10-08-11-33-15-850x478.jpg 850w, https:\/\/catunescoforum.upv.es\/wp-content\/uploads\/2025\/10\/PHOTO-2025-10-08-11-33-15-1200x675.jpg 1200w, https:\/\/catunescoforum.upv.es\/wp-content\/uploads\/2025\/10\/PHOTO-2025-10-08-11-33-15-250x141.jpg 250w\" sizes=\"auto, (max-width: 850px) 100vw, 850px\" \/><\/a>\n\t\t\t<\/dt><\/dl><br style=\"clear: both\" \/>\n\t\t<\/div>\n<\/div><\/div><\/div><div id=\"pg-10810-4\"  class=\"panel-grid panel-no-style\" ><div id=\"pgc-10810-4-0\"  class=\"panel-grid-cell\" ><div id=\"panel-10810-4-0-0\" class=\"so-panel widget widget_sow-headline panel-first-child panel-last-child\" data-index=\"4\" ><div\n\t\t\t\n\t\t\tclass=\"so-widget-sow-headline so-widget-sow-headline-default-4511576e9064-10810\"\n\t\t\t\n\t\t><div class=\"sow-headline-container \">\n\t\t\t\t\t\t<div class=\"decoration\">\n\t\t\t\t\t\t<div class=\"decoration-inside\"><\/div>\n\t\t\t\t\t<\/div>\n\t\t\t\t\t<\/div>\n<\/div><\/div><\/div><\/div><div id=\"pg-10810-5\"  class=\"panel-grid panel-no-style\" ><div id=\"pgc-10810-5-0\"  class=\"panel-grid-cell\" ><div id=\"panel-10810-5-0-0\" class=\"so-panel widget widget_sow-editor panel-first-child panel-last-child\" data-index=\"5\" ><div\n\t\t\t\n\t\t\tclass=\"so-widget-sow-editor so-widget-sow-editor-base\"\n\t\t\t\n\t\t><h3 class=\"widget-title\">The Chair reinforces its commitment to global culture at Mondiacult 2025<\/h3>\n<div class=\"siteorigin-widget-tinymce textwidget\">\n\t<p>The director of the UNESCO Forum, University and Cultural Heritage Chair at the UPV, Mar\u00eda Victoria Vivancos Ram\u00f3n, who is also director of the Institute for Heritage Restoration at the Polytechnic University of Valencia (IRP-UPV), actively participated in MONDIACULT 2025, the leading international forum on cultural policies and sustainability organised by UNESCO. Held in Barcelona from 29 September to 1 October, the meeting brought together delegations from more than 160 countries with the aim of placing culture at the centre of development policies and as a response to global crises.<\/p>\n<p>During the event, sessions were held on cultural rights, the impact of artificial intelligence on culture and the integration of culture into sustainable development agendas, defending the need to place culture as an essential public good.<\/p>\n<h4>\nMeeting with the Director-General of UNESCO<\/h4>\n<p>One of the most significant moments was the informal meeting between Victoria Vivancos and the Director-General of UNESCO, Audrey Azoulay, who was finally able to participate in the closing ceremony after initially cancelling her attendance for health reasons. Azoulay stressed the importance of \u2018making culture a common language that allows us to build society, generate consensus and offer reasons for hope\u2019, highlighting the role of Mondiacult as a space for global dialogue in the face of current tensions and inequalities.<\/p>\n<p>The conference concluded with the adoption of an international declaration proposing to recognise culture as a human right and consolidate it as an independent pillar in the United Nations' future post-2030 agenda. This commitment represents a step forward in consolidating culture as a driver of sustainable development and social cohesion.<\/p>\n<h4>\nInnovative initiatives and new commitments<\/h4>\n<p>During Mondiacult 2025, UNESCO presented its first World Report on Cultural Policies, which provides key indicators on the evolution of the sector at the international level. The study reveals that cultural and creative industries account for 3.39% of global GDP, although there are still major inequalities in cultural investment between countries.<\/p>\n<p>The Virtual Museum of Stolen Cultural Property, designed by architect Francis K\u00e9r\u00e9, was also launched. This unique immersive platform seeks to combat illicit trafficking in heritage and raise awareness among society, especially younger generations, of the importance of protecting it.<\/p>\n<h4>\nCommitment from the UNESCO Chair Forum, University and Cultural Heritage<\/h4>\n<p>The participation of the UNESCO Chair Forum, University and Cultural Heritage in Mondiacult 2025 consolidates the link between university research, heritage management and international cultural policies. Through its joint work with the Institute for Heritage Restoration (IRP-UPV), the Chair reaffirms its leadership in promoting culture as a driver of sustainable development, innovation and social cohesion.<\/p>\n<p>Within the framework of the conference, the IRP and the Chair made contributions to the UNESCO Digital Library, helping to strengthen culture as a global public good and consolidate a sustainable digital transformation that promotes universal access to knowledge and the preservation of cultural heritage.<\/p>\n<p>Through these actions, the UNESCO Forum Chair and the IRP-UPV reaffirm their commitment to UNESCO's principles, promoting a more inclusive, sustainable and accessible culture, and strengthening collaboration between academia and global cultural policies.<\/p>\n<p>&nbsp;<\/p>\n<p>&nbsp;<\/p>\n<\/div>\n<\/div><\/div><\/div><\/div><\/div>","protected":false},"excerpt":{"rendered":"<p>Apunta esta fecha en tu calendario. <\/p>\n","protected":false},"author":56076,"featured_media":10811,"comment_status":"open","ping_status":"open","sticky":false,"template":"","format":"standard","meta":{"_monsterinsights_skip_tracking":false,"footnotes":""},"categories":[4,10],"tags":[16,281,178,258,265,444,676,170,677,112,121,678],"class_list":["post-10810","post","type-post","status-publish","format-standard","has-post-thumbnail","hentry","category-eventos","category-news","tag-catedraunescoforumupv","tag-evento","tag-ods-2","tag-cultura","tag-educacion","tag-online","tag-sdg","tag-sostenibilidad","tag-teams","tag-unesco","tag-upv","tag-worldheritage"],"yoast_head":"<!-- This site is optimized with the Yoast SEO plugin v28.4 - https:\/\/yoast.com\/product\/yoast-seo-wordpress\/ -->\n<title>La C\u00e1tedra en MONDIACULT 2025 - C\u00e1tedra UNESCO Forum Universidad y Patrimonio Cultural<\/title>\n<meta name=\"robots\" content=\"index, follow, max-snippet:-1, max-image-preview:large, max-video-preview:-1\" \/>\n<link rel=\"canonical\" href=\"https:\/\/catunescoforum.upv.es\/?p=10810\" \/>\n<meta property=\"og:locale\" content=\"es_ES\" \/>\n<meta property=\"og:type\" content=\"article\" \/>\n<meta property=\"og:title\" content=\"La C\u00e1tedra en MONDIACULT 2025 - C\u00e1tedra UNESCO Forum Universidad y Patrimonio Cultural\" \/>\n<meta property=\"og:description\" content=\"Apunta esta fecha en tu calendario.\" \/>\n<meta property=\"og:url\" content=\"https:\/\/catunescoforum.upv.es\/?p=10810\" \/>\n<meta property=\"og:site_name\" content=\"C\u00e1tedra UNESCO Forum Universidad y Patrimonio Cultural\" \/>\n<meta property=\"article:published_time\" content=\"2025-10-09T13:36:47+00:00\" \/>\n<meta property=\"article:modified_time\" content=\"2025-10-09T13:57:26+00:00\" \/>\n<meta property=\"og:image\" content=\"https:\/\/catunescoforum.upv.es\/wp-content\/uploads\/2025\/10\/PHOTO-2025-10-08-11-33-00-3-e1760017737787.jpg\" \/>\n\t<meta property=\"og:image:width\" content=\"1280\" \/>\n\t<meta property=\"og:image:height\" content=\"734\" \/>\n\t<meta property=\"og:image:type\" content=\"image\/jpeg\" \/>\n<meta name=\"author\" content=\"prilehgr\" \/>\n<meta name=\"twitter:card\" content=\"summary_large_image\" \/>\n<meta name=\"twitter:label1\" content=\"Escrito por\" \/>\n\t<meta name=\"twitter:data1\" content=\"prilehgr\" \/>\n\t<meta name=\"twitter:label2\" content=\"Tiempo de lectura\" \/>\n\t<meta name=\"twitter:data2\" content=\"6 minutos\" \/>\n<script type=\"application\/ld+json\" class=\"yoast-schema-graph\">{\"@context\":\"https:\\\/\\\/schema.org\",\"@graph\":[{\"@type\":\"Article\",\"@id\":\"https:\\\/\\\/catunescoforum.upv.es\\\/?p=10810#article\",\"isPartOf\":{\"@id\":\"https:\\\/\\\/catunescoforum.upv.es\\\/?p=10810\"},\"author\":{\"name\":\"prilehgr\",\"@id\":\"https:\\\/\\\/catunescoforum.upv.es\\\/#\\\/schema\\\/person\\\/db5475dd68f89dd9bb4f73e096a42b07\"},\"headline\":\"La C\u00e1tedra en MONDIACULT 2025\",\"datePublished\":\"2025-10-09T13:36:47+00:00\",\"dateModified\":\"2025-10-09T13:57:26+00:00\",\"mainEntityOfPage\":{\"@id\":\"https:\\\/\\\/catunescoforum.upv.es\\\/?p=10810\"},\"wordCount\":1150,\"commentCount\":0,\"publisher\":{\"@id\":\"https:\\\/\\\/catunescoforum.upv.es\\\/#organization\"},\"image\":{\"@id\":\"https:\\\/\\\/catunescoforum.upv.es\\\/?p=10810#primaryimage\"},\"thumbnailUrl\":\"https:\\\/\\\/catunescoforum.upv.es\\\/wp-content\\\/uploads\\\/2025\\\/10\\\/PHOTO-2025-10-08-11-33-00-3-e1760017737787.jpg\",\"keywords\":[\"#catedraunescoforumupv\",\"#evento\",\"#ods\",\"cultura\",\"educaci\u00f3n\",\"online\",\"sdg\",\"sostenibilidad\",\"teams\",\"UNESCO\",\"UPV\",\"worldheritage\"],\"articleSection\":[\"Eventos\",\"Noticias\"],\"inLanguage\":\"es\",\"potentialAction\":[{\"@type\":\"CommentAction\",\"name\":\"Comment\",\"target\":[\"https:\\\/\\\/catunescoforum.upv.es\\\/?p=10810#respond\"]}]},{\"@type\":\"WebPage\",\"@id\":\"https:\\\/\\\/catunescoforum.upv.es\\\/?p=10810\",\"url\":\"https:\\\/\\\/catunescoforum.upv.es\\\/?p=10810\",\"name\":\"La C\u00e1tedra en MONDIACULT 2025 - C\u00e1tedra UNESCO Forum Universidad y Patrimonio Cultural\",\"isPartOf\":{\"@id\":\"https:\\\/\\\/catunescoforum.upv.es\\\/#website\"},\"primaryImageOfPage\":{\"@id\":\"https:\\\/\\\/catunescoforum.upv.es\\\/?p=10810#primaryimage\"},\"image\":{\"@id\":\"https:\\\/\\\/catunescoforum.upv.es\\\/?p=10810#primaryimage\"},\"thumbnailUrl\":\"https:\\\/\\\/catunescoforum.upv.es\\\/wp-content\\\/uploads\\\/2025\\\/10\\\/PHOTO-2025-10-08-11-33-00-3-e1760017737787.jpg\",\"datePublished\":\"2025-10-09T13:36:47+00:00\",\"dateModified\":\"2025-10-09T13:57:26+00:00\",\"breadcrumb\":{\"@id\":\"https:\\\/\\\/catunescoforum.upv.es\\\/?p=10810#breadcrumb\"},\"inLanguage\":\"es\",\"potentialAction\":[{\"@type\":\"ReadAction\",\"target\":[\"https:\\\/\\\/catunescoforum.upv.es\\\/?p=10810\"]}]},{\"@type\":\"ImageObject\",\"inLanguage\":\"es\",\"@id\":\"https:\\\/\\\/catunescoforum.upv.es\\\/?p=10810#primaryimage\",\"url\":\"https:\\\/\\\/catunescoforum.upv.es\\\/wp-content\\\/uploads\\\/2025\\\/10\\\/PHOTO-2025-10-08-11-33-00-3-e1760017737787.jpg\",\"contentUrl\":\"https:\\\/\\\/catunescoforum.upv.es\\\/wp-content\\\/uploads\\\/2025\\\/10\\\/PHOTO-2025-10-08-11-33-00-3-e1760017737787.jpg\",\"width\":1280,\"height\":734},{\"@type\":\"BreadcrumbList\",\"@id\":\"https:\\\/\\\/catunescoforum.upv.es\\\/?p=10810#breadcrumb\",\"itemListElement\":[{\"@type\":\"ListItem\",\"position\":1,\"name\":\"Home\",\"item\":\"https:\\\/\\\/catunescoforum.upv.es\\\/\"},{\"@type\":\"ListItem\",\"position\":2,\"name\":\"La C\u00e1tedra en MONDIACULT 2025\"}]},{\"@type\":\"WebSite\",\"@id\":\"https:\\\/\\\/catunescoforum.upv.es\\\/#website\",\"url\":\"https:\\\/\\\/catunescoforum.upv.es\\\/\",\"name\":\"C\u00e1tedra UNESCO Forum Universidad y Patrimonio Cultural\",\"description\":\"Una red universitaria internacional al cuidado del Patrimonio Cultural\",\"publisher\":{\"@id\":\"https:\\\/\\\/catunescoforum.upv.es\\\/#organization\"},\"potentialAction\":[{\"@type\":\"SearchAction\",\"target\":{\"@type\":\"EntryPoint\",\"urlTemplate\":\"https:\\\/\\\/catunescoforum.upv.es\\\/?s={search_term_string}\"},\"query-input\":{\"@type\":\"PropertyValueSpecification\",\"valueRequired\":true,\"valueName\":\"search_term_string\"}}],\"inLanguage\":\"es\"},{\"@type\":\"Organization\",\"@id\":\"https:\\\/\\\/catunescoforum.upv.es\\\/#organization\",\"name\":\"C\u00e1tedra UNESCO Forum Universidad y Patrimonio Cultura\",\"url\":\"https:\\\/\\\/catunescoforum.upv.es\\\/\",\"logo\":{\"@type\":\"ImageObject\",\"inLanguage\":\"es\",\"@id\":\"https:\\\/\\\/catunescoforum.upv.es\\\/#\\\/schema\\\/logo\\\/image\\\/\",\"url\":\"https:\\\/\\\/catunescoforum.upv.es\\\/wp-content\\\/uploads\\\/2025\\\/07\\\/cropped-Logo_catedra_2025_julio-scaled-1.png\",\"contentUrl\":\"https:\\\/\\\/catunescoforum.upv.es\\\/wp-content\\\/uploads\\\/2025\\\/07\\\/cropped-Logo_catedra_2025_julio-scaled-1.png\",\"width\":2560,\"height\":329,\"caption\":\"C\u00e1tedra UNESCO Forum Universidad y Patrimonio Cultura\"},\"image\":{\"@id\":\"https:\\\/\\\/catunescoforum.upv.es\\\/#\\\/schema\\\/logo\\\/image\\\/\"}},{\"@type\":\"Person\",\"@id\":\"https:\\\/\\\/catunescoforum.upv.es\\\/#\\\/schema\\\/person\\\/db5475dd68f89dd9bb4f73e096a42b07\",\"name\":\"prilehgr\",\"image\":{\"@type\":\"ImageObject\",\"inLanguage\":\"es\",\"@id\":\"https:\\\/\\\/secure.gravatar.com\\\/avatar\\\/5b388b0bdb1f4905d2c82f072c3498d15b87f4d5f109712d9d859b12e08d0da3?s=96&d=mm&r=g\",\"url\":\"https:\\\/\\\/secure.gravatar.com\\\/avatar\\\/5b388b0bdb1f4905d2c82f072c3498d15b87f4d5f109712d9d859b12e08d0da3?s=96&d=mm&r=g\",\"contentUrl\":\"https:\\\/\\\/secure.gravatar.com\\\/avatar\\\/5b388b0bdb1f4905d2c82f072c3498d15b87f4d5f109712d9d859b12e08d0da3?s=96&d=mm&r=g\",\"caption\":\"prilehgr\"},\"url\":\"https:\\\/\\\/catunescoforum.upv.es\\\/?author=56076\"}]}<\/script>\n<!-- \/ Yoast SEO plugin. -->","yoast_head_json":{"title":"La C\u00e1tedra en MONDIACULT 2025 - C\u00e1tedra UNESCO Forum Universidad y Patrimonio Cultural","robots":{"index":"index","follow":"follow","max-snippet":"max-snippet:-1","max-image-preview":"max-image-preview:large","max-video-preview":"max-video-preview:-1"},"canonical":"https:\/\/catunescoforum.upv.es\/?p=10810","og_locale":"es_ES","og_type":"article","og_title":"La C\u00e1tedra en MONDIACULT 2025 - C\u00e1tedra UNESCO Forum Universidad y Patrimonio Cultural","og_description":"Apunta esta fecha en tu calendario.","og_url":"https:\/\/catunescoforum.upv.es\/?p=10810","og_site_name":"C\u00e1tedra UNESCO Forum Universidad y Patrimonio Cultural","article_published_time":"2025-10-09T13:36:47+00:00","article_modified_time":"2025-10-09T13:57:26+00:00","og_image":[{"width":1280,"height":734,"url":"https:\/\/catunescoforum.upv.es\/wp-content\/uploads\/2025\/10\/PHOTO-2025-10-08-11-33-00-3-e1760017737787.jpg","type":"image\/jpeg"}],"author":"prilehgr","twitter_card":"summary_large_image","twitter_misc":{"Escrito por":"prilehgr","Tiempo de lectura":"6 minutos"},"schema":{"@context":"https:\/\/schema.org","@graph":[{"@type":"Article","@id":"https:\/\/catunescoforum.upv.es\/?p=10810#article","isPartOf":{"@id":"https:\/\/catunescoforum.upv.es\/?p=10810"},"author":{"name":"prilehgr","@id":"https:\/\/catunescoforum.upv.es\/#\/schema\/person\/db5475dd68f89dd9bb4f73e096a42b07"},"headline":"La C\u00e1tedra en MONDIACULT 2025","datePublished":"2025-10-09T13:36:47+00:00","dateModified":"2025-10-09T13:57:26+00:00","mainEntityOfPage":{"@id":"https:\/\/catunescoforum.upv.es\/?p=10810"},"wordCount":1150,"commentCount":0,"publisher":{"@id":"https:\/\/catunescoforum.upv.es\/#organization"},"image":{"@id":"https:\/\/catunescoforum.upv.es\/?p=10810#primaryimage"},"thumbnailUrl":"https:\/\/catunescoforum.upv.es\/wp-content\/uploads\/2025\/10\/PHOTO-2025-10-08-11-33-00-3-e1760017737787.jpg","keywords":["#catedraunescoforumupv","#evento","#ods","cultura","educaci\u00f3n","online","sdg","sostenibilidad","teams","UNESCO","UPV","worldheritage"],"articleSection":["Eventos","Noticias"],"inLanguage":"es","potentialAction":[{"@type":"CommentAction","name":"Comment","target":["https:\/\/catunescoforum.upv.es\/?p=10810#respond"]}]},{"@type":"WebPage","@id":"https:\/\/catunescoforum.upv.es\/?p=10810","url":"https:\/\/catunescoforum.upv.es\/?p=10810","name":"La C\u00e1tedra en MONDIACULT 2025 - C\u00e1tedra UNESCO Forum Universidad y Patrimonio Cultural","isPartOf":{"@id":"https:\/\/catunescoforum.upv.es\/#website"},"primaryImageOfPage":{"@id":"https:\/\/catunescoforum.upv.es\/?p=10810#primaryimage"},"image":{"@id":"https:\/\/catunescoforum.upv.es\/?p=10810#primaryimage"},"thumbnailUrl":"https:\/\/catunescoforum.upv.es\/wp-content\/uploads\/2025\/10\/PHOTO-2025-10-08-11-33-00-3-e1760017737787.jpg","datePublished":"2025-10-09T13:36:47+00:00","dateModified":"2025-10-09T13:57:26+00:00","breadcrumb":{"@id":"https:\/\/catunescoforum.upv.es\/?p=10810#breadcrumb"},"inLanguage":"es","potentialAction":[{"@type":"ReadAction","target":["https:\/\/catunescoforum.upv.es\/?p=10810"]}]},{"@type":"ImageObject","inLanguage":"es","@id":"https:\/\/catunescoforum.upv.es\/?p=10810#primaryimage","url":"https:\/\/catunescoforum.upv.es\/wp-content\/uploads\/2025\/10\/PHOTO-2025-10-08-11-33-00-3-e1760017737787.jpg","contentUrl":"https:\/\/catunescoforum.upv.es\/wp-content\/uploads\/2025\/10\/PHOTO-2025-10-08-11-33-00-3-e1760017737787.jpg","width":1280,"height":734},{"@type":"BreadcrumbList","@id":"https:\/\/catunescoforum.upv.es\/?p=10810#breadcrumb","itemListElement":[{"@type":"ListItem","position":1,"name":"Home","item":"https:\/\/catunescoforum.upv.es\/"},{"@type":"ListItem","position":2,"name":"La C\u00e1tedra en MONDIACULT 2025"}]},{"@type":"WebSite","@id":"https:\/\/catunescoforum.upv.es\/#website","url":"https:\/\/catunescoforum.upv.es\/","name":"C\u00e1tedra UNESCO Forum Universidad y Patrimonio Cultural","description":"Una red universitaria internacional al cuidado del Patrimonio Cultural","publisher":{"@id":"https:\/\/catunescoforum.upv.es\/#organization"},"potentialAction":[{"@type":"SearchAction","target":{"@type":"EntryPoint","urlTemplate":"https:\/\/catunescoforum.upv.es\/?s={search_term_string}"},"query-input":{"@type":"PropertyValueSpecification","valueRequired":true,"valueName":"search_term_string"}}],"inLanguage":"es"},{"@type":"Organization","@id":"https:\/\/catunescoforum.upv.es\/#organization","name":"C\u00e1tedra UNESCO Forum Universidad y Patrimonio Cultura","url":"https:\/\/catunescoforum.upv.es\/","logo":{"@type":"ImageObject","inLanguage":"es","@id":"https:\/\/catunescoforum.upv.es\/#\/schema\/logo\/image\/","url":"https:\/\/catunescoforum.upv.es\/wp-content\/uploads\/2025\/07\/cropped-Logo_catedra_2025_julio-scaled-1.png","contentUrl":"https:\/\/catunescoforum.upv.es\/wp-content\/uploads\/2025\/07\/cropped-Logo_catedra_2025_julio-scaled-1.png","width":2560,"height":329,"caption":"C\u00e1tedra UNESCO Forum Universidad y Patrimonio Cultura"},"image":{"@id":"https:\/\/catunescoforum.upv.es\/#\/schema\/logo\/image\/"}},{"@type":"Person","@id":"https:\/\/catunescoforum.upv.es\/#\/schema\/person\/db5475dd68f89dd9bb4f73e096a42b07","name":"prilehgr","image":{"@type":"ImageObject","inLanguage":"es","@id":"https:\/\/secure.gravatar.com\/avatar\/5b388b0bdb1f4905d2c82f072c3498d15b87f4d5f109712d9d859b12e08d0da3?s=96&d=mm&r=g","url":"https:\/\/secure.gravatar.com\/avatar\/5b388b0bdb1f4905d2c82f072c3498d15b87f4d5f109712d9d859b12e08d0da3?s=96&d=mm&r=g","contentUrl":"https:\/\/secure.gravatar.com\/avatar\/5b388b0bdb1f4905d2c82f072c3498d15b87f4d5f109712d9d859b12e08d0da3?s=96&d=mm&r=g","caption":"prilehgr"},"url":"https:\/\/catunescoforum.upv.es\/?author=56076"}]}},"_links":{"self":[{"href":"https:\/\/catunescoforum.upv.es\/index.php?rest_route=\/wp\/v2\/posts\/10810","targetHints":{"allow":["GET"]}}],"collection":[{"href":"https:\/\/catunescoforum.upv.es\/index.php?rest_route=\/wp\/v2\/posts"}],"about":[{"href":"https:\/\/catunescoforum.upv.es\/index.php?rest_route=\/wp\/v2\/types\/post"}],"author":[{"embeddable":true,"href":"https:\/\/catunescoforum.upv.es\/index.php?rest_route=\/wp\/v2\/users\/56076"}],"replies":[{"embeddable":true,"href":"https:\/\/catunescoforum.upv.es\/index.php?rest_route=%2Fwp%2Fv2%2Fcomments&post=10810"}],"version-history":[{"count":2,"href":"https:\/\/catunescoforum.upv.es\/index.php?rest_route=\/wp\/v2\/posts\/10810\/revisions"}],"predecessor-version":[{"id":10835,"href":"https:\/\/catunescoforum.upv.es\/index.php?rest_route=\/wp\/v2\/posts\/10810\/revisions\/10835"}],"wp:featuredmedia":[{"embeddable":true,"href":"https:\/\/catunescoforum.upv.es\/index.php?rest_route=\/wp\/v2\/media\/10811"}],"wp:attachment":[{"href":"https:\/\/catunescoforum.upv.es\/index.php?rest_route=%2Fwp%2Fv2%2Fmedia&parent=10810"}],"wp:term":[{"taxonomy":"category","embeddable":true,"href":"https:\/\/catunescoforum.upv.es\/index.php?rest_route=%2Fwp%2Fv2%2Fcategories&post=10810"},{"taxonomy":"post_tag","embeddable":true,"href":"https:\/\/catunescoforum.upv.es\/index.php?rest_route=%2Fwp%2Fv2%2Ftags&post=10810"}],"curies":[{"name":"wp","href":"https:\/\/api.w.org\/{rel}","templated":true}]}}