{"id":11009,"date":"2026-04-23T12:28:51","date_gmt":"2026-04-23T12:28:51","guid":{"rendered":"https:\/\/catunescoforum.upv.es\/?p=11009"},"modified":"2026-04-23T12:28:51","modified_gmt":"2026-04-23T12:28:51","slug":"catedra-unesco-celebra-el-dia-internacional-de-los-monumentos-y-sitios","status":"publish","type":"post","link":"https:\/\/catunescoforum.upv.es\/?p=11009","title":{"rendered":"C\u00e1tedra UNESCO celebra el D\u00eda Internacional de los Monumentos y Sitios"},"content":{"rendered":"<div id=\"pl-11009\"  class=\"panel-layout\" ><div id=\"pg-11009-0\"  class=\"panel-grid panel-no-style\" ><div id=\"pgc-11009-0-0\"  class=\"panel-grid-cell\" ><div id=\"panel-11009-0-0-0\" class=\"so-panel widget widget_sow-image panel-first-child panel-last-child\" data-index=\"0\" ><div\n\t\t\t\n\t\t\tclass=\"so-widget-sow-image so-widget-sow-image-default-e8513d21b1d5-11009\"\n\t\t\t\n\t\t>\n<div class=\"sow-image-container\">\n\t\t\t<a href=\"https:\/\/youtu.be\/hgplDC01P8Y?si=etB0AVJltHs2N3HJ\"\n\t\t\t\t\t>\n\t\t\t<img \n\tsrc=\"https:\/\/catunescoforum.upv.es\/wp-content\/uploads\/2026\/04\/5WhatsApp-Image-2026-04-22-at-18.58.03.jpeg\" width=\"1600\" height=\"1038\" srcset=\"https:\/\/catunescoforum.upv.es\/wp-content\/uploads\/2026\/04\/5WhatsApp-Image-2026-04-22-at-18.58.03.jpeg 1600w, https:\/\/catunescoforum.upv.es\/wp-content\/uploads\/2026\/04\/5WhatsApp-Image-2026-04-22-at-18.58.03-768x498.jpeg 768w, https:\/\/catunescoforum.upv.es\/wp-content\/uploads\/2026\/04\/5WhatsApp-Image-2026-04-22-at-18.58.03-1536x996.jpeg 1536w\" sizes=\"(max-width: 1600px) 100vw, 1600px\" title=\"&lt;strong&gt;CONFERENCIA Y VISITA - D\u00cdA INTERNACIONAL DE LOS MONUMENTOS Y SITIOS. LA LONJA DE LA SEDA DE VALENCIA 1996-2026. 30 A\u00d1OS DECLARADA PATRIMONIO MUNDIAL&lt;\/strong&gt;&lt;strong&gt;&lt;\/strong&gt;\" alt=\"\" \t\tclass=\"so-widget-image\"\/>\n\t\t\t<\/a><\/div>\n\n<h3 class=\"widget-title\"><strong>CONFERENCIA Y VISITA - D\u00cdA INTERNACIONAL DE LOS MONUMENTOS Y SITIOS. LA LONJA DE LA SEDA DE VALENCIA 1996-2026. 30 A\u00d1OS DECLARADA PATRIMONIO MUNDIAL<\/strong><strong><\/strong><\/h3><\/div><\/div><\/div><\/div><div id=\"pg-11009-1\"  class=\"panel-grid panel-no-style\" ><div id=\"pgc-11009-1-0\"  class=\"panel-grid-cell\" ><div id=\"panel-11009-1-0-0\" class=\"so-panel widget widget_sow-editor panel-first-child panel-last-child\" data-index=\"1\" ><div\n\t\t\t\n\t\t\tclass=\"so-widget-sow-editor so-widget-sow-editor-base\"\n\t\t\t\n\t\t>\n<div class=\"siteorigin-widget-tinymce textwidget\">\n\t<p>El 18 de abril se celebr\u00f3 el D\u00eda Internacional de los Monumentos y Sitios (DIMS), una iniciativa de ICOMOS que comenz\u00f3 en 1982 con el objetivo de sensibilizar sobre la importancia del patrimonio cultural y la necesidad de protegerlo.<\/p>\n<p>Para conmemorar esta efem\u00e9ride la C\u00e1tedra EMR-CPA el IRP y el M\u00e1ster CPA de la UPV organizaron un acto de reflexi\u00f3n en torno al \u00fanico monumento patrimonio de la humanidad por la UNESCO en la ciudad de Valencia: La Lonja de la Seda.<\/p>\n<p>Nos acompa\u00f1aron Marta Alonso, Secretaria Auton\u00f3mica de Cultura de la GVA, M\u00aa Victoria Vivancos, directora del Instituto de Restauraci\u00f3n del Patrimonio (IRP) de la UPV y directora de la C\u00e1tedra UNESCO F\u00f3rum Universidad y Patrimonio Cultural, Francisco Gim\u00e9nez, representante de ICOMOS-Espa\u00f1a y Barbara Cordero, Directora General de Hispania Nostra, que present\u00f3 el libro \u201c50 a\u00f1os de Hispania Nostra\u201d.<\/p>\n<p>La conferencia Reflexiones fue impartida por el Dr. Arquitecto Arturo Zaragoz\u00e1, especialista en arquitectura medieval valenciana, historia de la construcci\u00f3n y conservaci\u00f3n del patrimonio.\u00a0El encuentro culmin\u00f3 con una visita guiada por la Lonja, redescubriendo sus espacios, detalles y significado como s\u00edmbolo del legado valenciano.<\/p>\n<p data-start=\"680\" data-end=\"813\">Una experiencia para recordar la importancia de conservar, valorar y transmitir nuestro patrimonio a las futuras generaciones.<\/p>\n<\/div>\n<\/div><\/div><\/div><\/div><div id=\"pg-11009-2\"  class=\"panel-grid panel-no-style\" ><div id=\"pgc-11009-2-0\"  class=\"panel-grid-cell\" ><div id=\"panel-11009-2-0-0\" class=\"so-panel widget widget_media_image panel-first-child panel-last-child\" data-index=\"2\" ><img loading=\"lazy\" decoding=\"async\" width=\"850\" height=\"478\" src=\"https:\/\/catunescoforum.upv.es\/wp-content\/uploads\/2026\/04\/3WhatsApp-Image-2026-04-22-at-18.58.02-850x478.jpeg\" class=\"image wp-image-11017  attachment-medium size-medium\" alt=\"\" style=\"max-width: 100%; height: auto;\" srcset=\"https:\/\/catunescoforum.upv.es\/wp-content\/uploads\/2026\/04\/3WhatsApp-Image-2026-04-22-at-18.58.02-850x478.jpeg 850w, https:\/\/catunescoforum.upv.es\/wp-content\/uploads\/2026\/04\/3WhatsApp-Image-2026-04-22-at-18.58.02-1200x675.jpeg 1200w, https:\/\/catunescoforum.upv.es\/wp-content\/uploads\/2026\/04\/3WhatsApp-Image-2026-04-22-at-18.58.02-250x141.jpeg 250w\" sizes=\"auto, (max-width: 850px) 100vw, 850px\" \/><\/div><\/div><div id=\"pgc-11009-2-1\"  class=\"panel-grid-cell\" ><div id=\"panel-11009-2-1-0\" class=\"so-panel widget widget_media_image panel-first-child panel-last-child\" data-index=\"3\" ><img loading=\"lazy\" decoding=\"async\" width=\"850\" height=\"478\" src=\"https:\/\/catunescoforum.upv.es\/wp-content\/uploads\/2026\/04\/8WhatsApp-Image-2026-04-22-at-18.58.06-850x478.jpeg\" class=\"image wp-image-11028  attachment-medium size-medium\" alt=\"\" style=\"max-width: 100%; height: auto;\" srcset=\"https:\/\/catunescoforum.upv.es\/wp-content\/uploads\/2026\/04\/8WhatsApp-Image-2026-04-22-at-18.58.06-850x478.jpeg 850w, https:\/\/catunescoforum.upv.es\/wp-content\/uploads\/2026\/04\/8WhatsApp-Image-2026-04-22-at-18.58.06-1200x675.jpeg 1200w, https:\/\/catunescoforum.upv.es\/wp-content\/uploads\/2026\/04\/8WhatsApp-Image-2026-04-22-at-18.58.06-250x141.jpeg 250w, https:\/\/catunescoforum.upv.es\/wp-content\/uploads\/2026\/04\/8WhatsApp-Image-2026-04-22-at-18.58.06-768x432.jpeg 768w, https:\/\/catunescoforum.upv.es\/wp-content\/uploads\/2026\/04\/8WhatsApp-Image-2026-04-22-at-18.58.06-1536x864.jpeg 1536w, https:\/\/catunescoforum.upv.es\/wp-content\/uploads\/2026\/04\/8WhatsApp-Image-2026-04-22-at-18.58.06.jpeg 1600w\" sizes=\"auto, (max-width: 850px) 100vw, 850px\" \/><\/div><\/div><\/div><div id=\"pg-11009-3\"  class=\"panel-grid panel-no-style\" ><div id=\"pgc-11009-3-0\"  class=\"panel-grid-cell\" ><div id=\"panel-11009-3-0-0\" class=\"so-panel widget widget_media_image panel-first-child panel-last-child\" data-index=\"4\" ><img loading=\"lazy\" decoding=\"async\" width=\"850\" height=\"478\" src=\"https:\/\/catunescoforum.upv.es\/wp-content\/uploads\/2026\/04\/18WhatsApp-Image-2026-04-22-at-18.58.08-850x478.jpeg\" class=\"image wp-image-11041  attachment-medium size-medium\" alt=\"\" style=\"max-width: 100%; height: auto;\" srcset=\"https:\/\/catunescoforum.upv.es\/wp-content\/uploads\/2026\/04\/18WhatsApp-Image-2026-04-22-at-18.58.08-850x478.jpeg 850w, https:\/\/catunescoforum.upv.es\/wp-content\/uploads\/2026\/04\/18WhatsApp-Image-2026-04-22-at-18.58.08-1200x675.jpeg 1200w, https:\/\/catunescoforum.upv.es\/wp-content\/uploads\/2026\/04\/18WhatsApp-Image-2026-04-22-at-18.58.08-250x141.jpeg 250w, https:\/\/catunescoforum.upv.es\/wp-content\/uploads\/2026\/04\/18WhatsApp-Image-2026-04-22-at-18.58.08-768x432.jpeg 768w, https:\/\/catunescoforum.upv.es\/wp-content\/uploads\/2026\/04\/18WhatsApp-Image-2026-04-22-at-18.58.08-1536x864.jpeg 1536w, https:\/\/catunescoforum.upv.es\/wp-content\/uploads\/2026\/04\/18WhatsApp-Image-2026-04-22-at-18.58.08.jpeg 2048w\" sizes=\"auto, (max-width: 850px) 100vw, 850px\" \/><\/div><\/div><div id=\"pgc-11009-3-1\"  class=\"panel-grid-cell\" ><div id=\"panel-11009-3-1-0\" class=\"so-panel widget widget_media_image panel-first-child panel-last-child\" data-index=\"5\" ><img loading=\"lazy\" decoding=\"async\" width=\"850\" height=\"478\" src=\"https:\/\/catunescoforum.upv.es\/wp-content\/uploads\/2026\/04\/12WhatsApp-Image-2026-04-22-at-18.58.06-850x478.jpeg\" class=\"image wp-image-11036  attachment-medium size-medium\" alt=\"\" style=\"max-width: 100%; height: auto;\" srcset=\"https:\/\/catunescoforum.upv.es\/wp-content\/uploads\/2026\/04\/12WhatsApp-Image-2026-04-22-at-18.58.06-850x478.jpeg 850w, https:\/\/catunescoforum.upv.es\/wp-content\/uploads\/2026\/04\/12WhatsApp-Image-2026-04-22-at-18.58.06-1200x675.jpeg 1200w, https:\/\/catunescoforum.upv.es\/wp-content\/uploads\/2026\/04\/12WhatsApp-Image-2026-04-22-at-18.58.06-250x141.jpeg 250w, https:\/\/catunescoforum.upv.es\/wp-content\/uploads\/2026\/04\/12WhatsApp-Image-2026-04-22-at-18.58.06-768x432.jpeg 768w, https:\/\/catunescoforum.upv.es\/wp-content\/uploads\/2026\/04\/12WhatsApp-Image-2026-04-22-at-18.58.06-1536x864.jpeg 1536w, https:\/\/catunescoforum.upv.es\/wp-content\/uploads\/2026\/04\/12WhatsApp-Image-2026-04-22-at-18.58.06.jpeg 1600w\" sizes=\"auto, (max-width: 850px) 100vw, 850px\" \/><\/div><\/div><\/div><div id=\"pg-11009-4\"  class=\"panel-grid panel-no-style\" ><div id=\"pgc-11009-4-0\"  class=\"panel-grid-cell\" ><div id=\"panel-11009-4-0-0\" class=\"so-panel widget widget_media_image panel-first-child panel-last-child\" data-index=\"6\" ><img loading=\"lazy\" decoding=\"async\" width=\"850\" height=\"478\" src=\"https:\/\/catunescoforum.upv.es\/wp-content\/uploads\/2026\/04\/13WhatsApp-Image-2026-04-22-at-18.58.07-850x478.jpeg\" class=\"image wp-image-11037  attachment-medium size-medium\" alt=\"\" style=\"max-width: 100%; height: auto;\" srcset=\"https:\/\/catunescoforum.upv.es\/wp-content\/uploads\/2026\/04\/13WhatsApp-Image-2026-04-22-at-18.58.07-850x478.jpeg 850w, https:\/\/catunescoforum.upv.es\/wp-content\/uploads\/2026\/04\/13WhatsApp-Image-2026-04-22-at-18.58.07-1200x675.jpeg 1200w, https:\/\/catunescoforum.upv.es\/wp-content\/uploads\/2026\/04\/13WhatsApp-Image-2026-04-22-at-18.58.07-250x141.jpeg 250w, https:\/\/catunescoforum.upv.es\/wp-content\/uploads\/2026\/04\/13WhatsApp-Image-2026-04-22-at-18.58.07-768x432.jpeg 768w, https:\/\/catunescoforum.upv.es\/wp-content\/uploads\/2026\/04\/13WhatsApp-Image-2026-04-22-at-18.58.07-1536x864.jpeg 1536w, https:\/\/catunescoforum.upv.es\/wp-content\/uploads\/2026\/04\/13WhatsApp-Image-2026-04-22-at-18.58.07.jpeg 1599w\" sizes=\"auto, (max-width: 850px) 100vw, 850px\" \/><\/div><\/div><div id=\"pgc-11009-4-1\"  class=\"panel-grid-cell\" ><div id=\"panel-11009-4-1-0\" class=\"so-panel widget widget_media_image panel-first-child panel-last-child\" data-index=\"7\" ><img loading=\"lazy\" decoding=\"async\" width=\"850\" height=\"478\" src=\"https:\/\/catunescoforum.upv.es\/wp-content\/uploads\/2026\/04\/7WhatsApp-Image-2026-04-22-at-18.58.05-850x478.jpeg\" class=\"image wp-image-11025  attachment-medium size-medium\" alt=\"\" style=\"max-width: 100%; height: auto;\" srcset=\"https:\/\/catunescoforum.upv.es\/wp-content\/uploads\/2026\/04\/7WhatsApp-Image-2026-04-22-at-18.58.05-850x478.jpeg 850w, https:\/\/catunescoforum.upv.es\/wp-content\/uploads\/2026\/04\/7WhatsApp-Image-2026-04-22-at-18.58.05-1200x675.jpeg 1200w, https:\/\/catunescoforum.upv.es\/wp-content\/uploads\/2026\/04\/7WhatsApp-Image-2026-04-22-at-18.58.05-250x141.jpeg 250w, https:\/\/catunescoforum.upv.es\/wp-content\/uploads\/2026\/04\/7WhatsApp-Image-2026-04-22-at-18.58.05-768x432.jpeg 768w, https:\/\/catunescoforum.upv.es\/wp-content\/uploads\/2026\/04\/7WhatsApp-Image-2026-04-22-at-18.58.05-1536x864.jpeg 1536w, https:\/\/catunescoforum.upv.es\/wp-content\/uploads\/2026\/04\/7WhatsApp-Image-2026-04-22-at-18.58.05.jpeg 1600w\" sizes=\"auto, (max-width: 850px) 100vw, 850px\" \/><\/div><\/div><\/div><\/div>","protected":false},"excerpt":{"rendered":"<p>Apunta esta fecha en tu calendario. <\/p>\n","protected":false},"author":56078,"featured_media":11010,"comment_status":"open","ping_status":"open","sticky":false,"template":"","format":"standard","meta":{"_monsterinsights_skip_tracking":false,"_monsterinsights_sitenote_active":false,"_monsterinsights_sitenote_note":"","_monsterinsights_sitenote_category":0,"footnotes":""},"categories":[163,4,10,13],"tags":[281,157,70,694,251,382,112,121],"class_list":["post-11009","post","type-post","status-publish","format-standard","has-post-thumbnail","hentry","category-charlas-y-conferencias","category-eventos","category-news","category-unesco","tag-evento","tag-charla","tag-irp","tag-lalonja","tag-patrimoniocultural","tag-restauracion","tag-unesco","tag-upv"],"yoast_head":"<!-- This site is optimized with the Yoast SEO plugin v27.4 - https:\/\/yoast.com\/product\/yoast-seo-wordpress\/ -->\n<title>C\u00e1tedra UNESCO celebra el D\u00eda Internacional de los Monumentos y Sitios - C\u00e1tedra UNESCO Forum Universidad y Patrimonio Cultural<\/title>\n<meta name=\"robots\" content=\"index, follow, max-snippet:-1, max-image-preview:large, max-video-preview:-1\" \/>\n<link rel=\"canonical\" href=\"https:\/\/catunescoforum.upv.es\/?p=11009\" \/>\n<meta property=\"og:locale\" content=\"es_ES\" \/>\n<meta property=\"og:type\" content=\"article\" \/>\n<meta property=\"og:title\" content=\"C\u00e1tedra UNESCO celebra el D\u00eda Internacional de los Monumentos y Sitios - C\u00e1tedra UNESCO Forum Universidad y Patrimonio Cultural\" \/>\n<meta property=\"og:description\" content=\"Apunta esta fecha en tu calendario.\" \/>\n<meta property=\"og:url\" content=\"https:\/\/catunescoforum.upv.es\/?p=11009\" \/>\n<meta property=\"og:site_name\" content=\"C\u00e1tedra UNESCO Forum Universidad y Patrimonio Cultural\" \/>\n<meta property=\"article:published_time\" content=\"2026-04-23T12:28:51+00:00\" \/>\n<meta property=\"og:image\" content=\"https:\/\/catunescoforum.upv.es\/wp-content\/uploads\/2026\/04\/5WhatsApp-Image-2026-04-22-at-18.58.03.jpeg\" \/>\n\t<meta property=\"og:image:width\" content=\"1600\" \/>\n\t<meta property=\"og:image:height\" content=\"1038\" \/>\n\t<meta property=\"og:image:type\" content=\"image\/jpeg\" \/>\n<meta name=\"author\" content=\"Cristina Morcillo Casta\u00f1o\" \/>\n<meta name=\"twitter:card\" content=\"summary_large_image\" \/>\n<meta name=\"twitter:label1\" content=\"Escrito por\" \/>\n\t<meta name=\"twitter:data1\" content=\"Cristina Morcillo Casta\u00f1o\" \/>\n\t<meta name=\"twitter:label2\" content=\"Tiempo de lectura\" \/>\n\t<meta name=\"twitter:data2\" content=\"3 minutos\" \/>\n<script type=\"application\/ld+json\" class=\"yoast-schema-graph\">{\"@context\":\"https:\\\/\\\/schema.org\",\"@graph\":[{\"@type\":\"Article\",\"@id\":\"https:\\\/\\\/catunescoforum.upv.es\\\/?p=11009#article\",\"isPartOf\":{\"@id\":\"https:\\\/\\\/catunescoforum.upv.es\\\/?p=11009\"},\"author\":{\"name\":\"Cristina Morcillo Casta\u00f1o\",\"@id\":\"https:\\\/\\\/catunescoforum.upv.es\\\/#\\\/schema\\\/person\\\/7d2d3f354a141d6390d6ddc11df738e4\"},\"headline\":\"C\u00e1tedra UNESCO celebra el D\u00eda Internacional de los Monumentos y Sitios\",\"datePublished\":\"2026-04-23T12:28:51+00:00\",\"mainEntityOfPage\":{\"@id\":\"https:\\\/\\\/catunescoforum.upv.es\\\/?p=11009\"},\"wordCount\":291,\"commentCount\":0,\"publisher\":{\"@id\":\"https:\\\/\\\/catunescoforum.upv.es\\\/#organization\"},\"image\":{\"@id\":\"https:\\\/\\\/catunescoforum.upv.es\\\/?p=11009#primaryimage\"},\"thumbnailUrl\":\"https:\\\/\\\/catunescoforum.upv.es\\\/wp-content\\\/uploads\\\/2026\\\/04\\\/5WhatsApp-Image-2026-04-22-at-18.58.03.jpeg\",\"keywords\":[\"#evento\",\"charla\",\"irp\",\"LaLonja\",\"patrimoniocultural\",\"restauraci\u00f3n\",\"UNESCO\",\"UPV\"],\"articleSection\":[\"CHARLAS Y CONFERENCIAS\",\"Eventos\",\"Noticias\",\"UNESCO\"],\"inLanguage\":\"es\",\"potentialAction\":[{\"@type\":\"CommentAction\",\"name\":\"Comment\",\"target\":[\"https:\\\/\\\/catunescoforum.upv.es\\\/?p=11009#respond\"]}]},{\"@type\":\"WebPage\",\"@id\":\"https:\\\/\\\/catunescoforum.upv.es\\\/?p=11009\",\"url\":\"https:\\\/\\\/catunescoforum.upv.es\\\/?p=11009\",\"name\":\"C\u00e1tedra UNESCO celebra el D\u00eda Internacional de los Monumentos y Sitios - C\u00e1tedra UNESCO Forum Universidad y Patrimonio Cultural\",\"isPartOf\":{\"@id\":\"https:\\\/\\\/catunescoforum.upv.es\\\/#website\"},\"primaryImageOfPage\":{\"@id\":\"https:\\\/\\\/catunescoforum.upv.es\\\/?p=11009#primaryimage\"},\"image\":{\"@id\":\"https:\\\/\\\/catunescoforum.upv.es\\\/?p=11009#primaryimage\"},\"thumbnailUrl\":\"https:\\\/\\\/catunescoforum.upv.es\\\/wp-content\\\/uploads\\\/2026\\\/04\\\/5WhatsApp-Image-2026-04-22-at-18.58.03.jpeg\",\"datePublished\":\"2026-04-23T12:28:51+00:00\",\"breadcrumb\":{\"@id\":\"https:\\\/\\\/catunescoforum.upv.es\\\/?p=11009#breadcrumb\"},\"inLanguage\":\"es\",\"potentialAction\":[{\"@type\":\"ReadAction\",\"target\":[\"https:\\\/\\\/catunescoforum.upv.es\\\/?p=11009\"]}]},{\"@type\":\"ImageObject\",\"inLanguage\":\"es\",\"@id\":\"https:\\\/\\\/catunescoforum.upv.es\\\/?p=11009#primaryimage\",\"url\":\"https:\\\/\\\/catunescoforum.upv.es\\\/wp-content\\\/uploads\\\/2026\\\/04\\\/5WhatsApp-Image-2026-04-22-at-18.58.03.jpeg\",\"contentUrl\":\"https:\\\/\\\/catunescoforum.upv.es\\\/wp-content\\\/uploads\\\/2026\\\/04\\\/5WhatsApp-Image-2026-04-22-at-18.58.03.jpeg\",\"width\":1600,\"height\":1038},{\"@type\":\"BreadcrumbList\",\"@id\":\"https:\\\/\\\/catunescoforum.upv.es\\\/?p=11009#breadcrumb\",\"itemListElement\":[{\"@type\":\"ListItem\",\"position\":1,\"name\":\"Home\",\"item\":\"https:\\\/\\\/catunescoforum.upv.es\\\/\"},{\"@type\":\"ListItem\",\"position\":2,\"name\":\"C\u00e1tedra UNESCO celebra el D\u00eda Internacional de los Monumentos y Sitios\"}]},{\"@type\":\"WebSite\",\"@id\":\"https:\\\/\\\/catunescoforum.upv.es\\\/#website\",\"url\":\"https:\\\/\\\/catunescoforum.upv.es\\\/\",\"name\":\"C\u00e1tedra UNESCO Forum Universidad y Patrimonio Cultural\",\"description\":\"Una red universitaria internacional al cuidado del Patrimonio Cultural\",\"publisher\":{\"@id\":\"https:\\\/\\\/catunescoforum.upv.es\\\/#organization\"},\"potentialAction\":[{\"@type\":\"SearchAction\",\"target\":{\"@type\":\"EntryPoint\",\"urlTemplate\":\"https:\\\/\\\/catunescoforum.upv.es\\\/?s={search_term_string}\"},\"query-input\":{\"@type\":\"PropertyValueSpecification\",\"valueRequired\":true,\"valueName\":\"search_term_string\"}}],\"inLanguage\":\"es\"},{\"@type\":\"Organization\",\"@id\":\"https:\\\/\\\/catunescoforum.upv.es\\\/#organization\",\"name\":\"C\u00e1tedra UNESCO Forum Universidad y Patrimonio Cultura\",\"url\":\"https:\\\/\\\/catunescoforum.upv.es\\\/\",\"logo\":{\"@type\":\"ImageObject\",\"inLanguage\":\"es\",\"@id\":\"https:\\\/\\\/catunescoforum.upv.es\\\/#\\\/schema\\\/logo\\\/image\\\/\",\"url\":\"https:\\\/\\\/catunescoforum.upv.es\\\/wp-content\\\/uploads\\\/2025\\\/07\\\/cropped-Logo_catedra_2025_julio-scaled-1.png\",\"contentUrl\":\"https:\\\/\\\/catunescoforum.upv.es\\\/wp-content\\\/uploads\\\/2025\\\/07\\\/cropped-Logo_catedra_2025_julio-scaled-1.png\",\"width\":2560,\"height\":329,\"caption\":\"C\u00e1tedra UNESCO Forum Universidad y Patrimonio Cultura\"},\"image\":{\"@id\":\"https:\\\/\\\/catunescoforum.upv.es\\\/#\\\/schema\\\/logo\\\/image\\\/\"}},{\"@type\":\"Person\",\"@id\":\"https:\\\/\\\/catunescoforum.upv.es\\\/#\\\/schema\\\/person\\\/7d2d3f354a141d6390d6ddc11df738e4\",\"name\":\"Cristina Morcillo Casta\u00f1o\",\"image\":{\"@type\":\"ImageObject\",\"inLanguage\":\"es\",\"@id\":\"https:\\\/\\\/secure.gravatar.com\\\/avatar\\\/390f0d310a4e0555b3e0664b22843a1fae401d1e04b54ab8e872ba354e99f47f?s=96&d=mm&r=g\",\"url\":\"https:\\\/\\\/secure.gravatar.com\\\/avatar\\\/390f0d310a4e0555b3e0664b22843a1fae401d1e04b54ab8e872ba354e99f47f?s=96&d=mm&r=g\",\"contentUrl\":\"https:\\\/\\\/secure.gravatar.com\\\/avatar\\\/390f0d310a4e0555b3e0664b22843a1fae401d1e04b54ab8e872ba354e99f47f?s=96&d=mm&r=g\",\"caption\":\"Cristina Morcillo Casta\u00f1o\"},\"url\":\"https:\\\/\\\/catunescoforum.upv.es\\\/?author=56078\"}]}<\/script>\n<!-- \/ Yoast SEO plugin. -->","yoast_head_json":{"title":"C\u00e1tedra UNESCO celebra el D\u00eda Internacional de los Monumentos y Sitios - C\u00e1tedra UNESCO Forum Universidad y Patrimonio Cultural","robots":{"index":"index","follow":"follow","max-snippet":"max-snippet:-1","max-image-preview":"max-image-preview:large","max-video-preview":"max-video-preview:-1"},"canonical":"https:\/\/catunescoforum.upv.es\/?p=11009","og_locale":"es_ES","og_type":"article","og_title":"C\u00e1tedra UNESCO celebra el D\u00eda Internacional de los Monumentos y Sitios - C\u00e1tedra UNESCO Forum Universidad y Patrimonio Cultural","og_description":"Apunta esta fecha en tu calendario.","og_url":"https:\/\/catunescoforum.upv.es\/?p=11009","og_site_name":"C\u00e1tedra UNESCO Forum Universidad y Patrimonio Cultural","article_published_time":"2026-04-23T12:28:51+00:00","og_image":[{"width":1600,"height":1038,"url":"https:\/\/catunescoforum.upv.es\/wp-content\/uploads\/2026\/04\/5WhatsApp-Image-2026-04-22-at-18.58.03.jpeg","type":"image\/jpeg"}],"author":"Cristina Morcillo Casta\u00f1o","twitter_card":"summary_large_image","twitter_misc":{"Escrito por":"Cristina Morcillo Casta\u00f1o","Tiempo de lectura":"3 minutos"},"schema":{"@context":"https:\/\/schema.org","@graph":[{"@type":"Article","@id":"https:\/\/catunescoforum.upv.es\/?p=11009#article","isPartOf":{"@id":"https:\/\/catunescoforum.upv.es\/?p=11009"},"author":{"name":"Cristina Morcillo Casta\u00f1o","@id":"https:\/\/catunescoforum.upv.es\/#\/schema\/person\/7d2d3f354a141d6390d6ddc11df738e4"},"headline":"C\u00e1tedra UNESCO celebra el D\u00eda Internacional de los Monumentos y Sitios","datePublished":"2026-04-23T12:28:51+00:00","mainEntityOfPage":{"@id":"https:\/\/catunescoforum.upv.es\/?p=11009"},"wordCount":291,"commentCount":0,"publisher":{"@id":"https:\/\/catunescoforum.upv.es\/#organization"},"image":{"@id":"https:\/\/catunescoforum.upv.es\/?p=11009#primaryimage"},"thumbnailUrl":"https:\/\/catunescoforum.upv.es\/wp-content\/uploads\/2026\/04\/5WhatsApp-Image-2026-04-22-at-18.58.03.jpeg","keywords":["#evento","charla","irp","LaLonja","patrimoniocultural","restauraci\u00f3n","UNESCO","UPV"],"articleSection":["CHARLAS Y CONFERENCIAS","Eventos","Noticias","UNESCO"],"inLanguage":"es","potentialAction":[{"@type":"CommentAction","name":"Comment","target":["https:\/\/catunescoforum.upv.es\/?p=11009#respond"]}]},{"@type":"WebPage","@id":"https:\/\/catunescoforum.upv.es\/?p=11009","url":"https:\/\/catunescoforum.upv.es\/?p=11009","name":"C\u00e1tedra UNESCO celebra el D\u00eda Internacional de los Monumentos y Sitios - C\u00e1tedra UNESCO Forum Universidad y Patrimonio Cultural","isPartOf":{"@id":"https:\/\/catunescoforum.upv.es\/#website"},"primaryImageOfPage":{"@id":"https:\/\/catunescoforum.upv.es\/?p=11009#primaryimage"},"image":{"@id":"https:\/\/catunescoforum.upv.es\/?p=11009#primaryimage"},"thumbnailUrl":"https:\/\/catunescoforum.upv.es\/wp-content\/uploads\/2026\/04\/5WhatsApp-Image-2026-04-22-at-18.58.03.jpeg","datePublished":"2026-04-23T12:28:51+00:00","breadcrumb":{"@id":"https:\/\/catunescoforum.upv.es\/?p=11009#breadcrumb"},"inLanguage":"es","potentialAction":[{"@type":"ReadAction","target":["https:\/\/catunescoforum.upv.es\/?p=11009"]}]},{"@type":"ImageObject","inLanguage":"es","@id":"https:\/\/catunescoforum.upv.es\/?p=11009#primaryimage","url":"https:\/\/catunescoforum.upv.es\/wp-content\/uploads\/2026\/04\/5WhatsApp-Image-2026-04-22-at-18.58.03.jpeg","contentUrl":"https:\/\/catunescoforum.upv.es\/wp-content\/uploads\/2026\/04\/5WhatsApp-Image-2026-04-22-at-18.58.03.jpeg","width":1600,"height":1038},{"@type":"BreadcrumbList","@id":"https:\/\/catunescoforum.upv.es\/?p=11009#breadcrumb","itemListElement":[{"@type":"ListItem","position":1,"name":"Home","item":"https:\/\/catunescoforum.upv.es\/"},{"@type":"ListItem","position":2,"name":"C\u00e1tedra UNESCO celebra el D\u00eda Internacional de los Monumentos y Sitios"}]},{"@type":"WebSite","@id":"https:\/\/catunescoforum.upv.es\/#website","url":"https:\/\/catunescoforum.upv.es\/","name":"C\u00e1tedra UNESCO Forum Universidad y Patrimonio Cultural","description":"Una red universitaria internacional al cuidado del Patrimonio Cultural","publisher":{"@id":"https:\/\/catunescoforum.upv.es\/#organization"},"potentialAction":[{"@type":"SearchAction","target":{"@type":"EntryPoint","urlTemplate":"https:\/\/catunescoforum.upv.es\/?s={search_term_string}"},"query-input":{"@type":"PropertyValueSpecification","valueRequired":true,"valueName":"search_term_string"}}],"inLanguage":"es"},{"@type":"Organization","@id":"https:\/\/catunescoforum.upv.es\/#organization","name":"C\u00e1tedra UNESCO Forum Universidad y Patrimonio Cultura","url":"https:\/\/catunescoforum.upv.es\/","logo":{"@type":"ImageObject","inLanguage":"es","@id":"https:\/\/catunescoforum.upv.es\/#\/schema\/logo\/image\/","url":"https:\/\/catunescoforum.upv.es\/wp-content\/uploads\/2025\/07\/cropped-Logo_catedra_2025_julio-scaled-1.png","contentUrl":"https:\/\/catunescoforum.upv.es\/wp-content\/uploads\/2025\/07\/cropped-Logo_catedra_2025_julio-scaled-1.png","width":2560,"height":329,"caption":"C\u00e1tedra UNESCO Forum Universidad y Patrimonio Cultura"},"image":{"@id":"https:\/\/catunescoforum.upv.es\/#\/schema\/logo\/image\/"}},{"@type":"Person","@id":"https:\/\/catunescoforum.upv.es\/#\/schema\/person\/7d2d3f354a141d6390d6ddc11df738e4","name":"Cristina Morcillo Casta\u00f1o","image":{"@type":"ImageObject","inLanguage":"es","@id":"https:\/\/secure.gravatar.com\/avatar\/390f0d310a4e0555b3e0664b22843a1fae401d1e04b54ab8e872ba354e99f47f?s=96&d=mm&r=g","url":"https:\/\/secure.gravatar.com\/avatar\/390f0d310a4e0555b3e0664b22843a1fae401d1e04b54ab8e872ba354e99f47f?s=96&d=mm&r=g","contentUrl":"https:\/\/secure.gravatar.com\/avatar\/390f0d310a4e0555b3e0664b22843a1fae401d1e04b54ab8e872ba354e99f47f?s=96&d=mm&r=g","caption":"Cristina Morcillo Casta\u00f1o"},"url":"https:\/\/catunescoforum.upv.es\/?author=56078"}]}},"_links":{"self":[{"href":"https:\/\/catunescoforum.upv.es\/index.php?rest_route=\/wp\/v2\/posts\/11009","targetHints":{"allow":["GET"]}}],"collection":[{"href":"https:\/\/catunescoforum.upv.es\/index.php?rest_route=\/wp\/v2\/posts"}],"about":[{"href":"https:\/\/catunescoforum.upv.es\/index.php?rest_route=\/wp\/v2\/types\/post"}],"author":[{"embeddable":true,"href":"https:\/\/catunescoforum.upv.es\/index.php?rest_route=\/wp\/v2\/users\/56078"}],"replies":[{"embeddable":true,"href":"https:\/\/catunescoforum.upv.es\/index.php?rest_route=%2Fwp%2Fv2%2Fcomments&post=11009"}],"version-history":[{"count":7,"href":"https:\/\/catunescoforum.upv.es\/index.php?rest_route=\/wp\/v2\/posts\/11009\/revisions"}],"predecessor-version":[{"id":11049,"href":"https:\/\/catunescoforum.upv.es\/index.php?rest_route=\/wp\/v2\/posts\/11009\/revisions\/11049"}],"wp:featuredmedia":[{"embeddable":true,"href":"https:\/\/catunescoforum.upv.es\/index.php?rest_route=\/wp\/v2\/media\/11010"}],"wp:attachment":[{"href":"https:\/\/catunescoforum.upv.es\/index.php?rest_route=%2Fwp%2Fv2%2Fmedia&parent=11009"}],"wp:term":[{"taxonomy":"category","embeddable":true,"href":"https:\/\/catunescoforum.upv.es\/index.php?rest_route=%2Fwp%2Fv2%2Fcategories&post=11009"},{"taxonomy":"post_tag","embeddable":true,"href":"https:\/\/catunescoforum.upv.es\/index.php?rest_route=%2Fwp%2Fv2%2Ftags&post=11009"}],"curies":[{"name":"wp","href":"https:\/\/api.w.org\/{rel}","templated":true}]}}