{"id":1900,"date":"2020-01-07T12:16:09","date_gmt":"2020-01-07T11:16:09","guid":{"rendered":"https:\/\/wp.cultura.webs.upv.es\/?p=1900"},"modified":"2020-01-07T12:16:09","modified_gmt":"2020-01-07T11:16:09","slug":"cambio-climatico-y-patrimonio-mundial","status":"publish","type":"post","link":"https:\/\/catunescoforum.upv.es\/?p=1900","title":{"rendered":"CAMBIO CLIM\u00c1TICO Y PATRIMONIO MUNDIAL"},"content":{"rendered":"<img loading=\"lazy\" decoding=\"async\" class=\"wp-image-1901  aligncenter\" src=\"http:\/\/catunescoforum.blogs.upv.es\/wp-content\/uploads\/2020\/01\/ANDREA-MEROLA-efe-300x200.jpg\" alt=\"\" width=\"484\" height=\"322\" srcset=\"https:\/\/catunescoforum.upv.es\/wp-content\/uploads\/2020\/01\/ANDREA-MEROLA-efe-300x200.jpg 300w, https:\/\/catunescoforum.upv.es\/wp-content\/uploads\/2020\/01\/ANDREA-MEROLA-efe-1024x683.jpg 1024w, https:\/\/catunescoforum.upv.es\/wp-content\/uploads\/2020\/01\/ANDREA-MEROLA-efe-768x512.jpg 768w, https:\/\/catunescoforum.upv.es\/wp-content\/uploads\/2020\/01\/ANDREA-MEROLA-efe-1536x1024.jpg 1536w, https:\/\/catunescoforum.upv.es\/wp-content\/uploads\/2020\/01\/ANDREA-MEROLA-efe.jpg 1680w\" sizes=\"auto, (max-width: 484px) 100vw, 484px\" \/>\n\n<span style=\"color: #444444;font-size: 11px;font-style: italic\">\u00a0 \u00a0 \u00a0 \u00a0 \u00a0 \u00a0 \u00a0 \u00a0 \u00a0 \u00a0 \u00a0 \u00a0 \u00a0 \u00a0 \u00a0 \u00a0 \u00a0 \u00a0 \u00a0 \u00a0 \u00a0 \u00a0 \u00a0 \u00a0 \u00a0 \u00a0 \u00a0 \u00a0 \u00a0 \u00a0 \u00a0 \u00a0 \u00a0 \u00a0 \u00a0 \u00a0 \u00a0 \u00a0 \u00a0 \u00a0 \u00a0 \u00a0 \u00a0 \u00a0 \u00a0 Foto Andrea Merola \/EFE<\/span>\n\n<a href=\"https:\/\/secure.unesco.org\/whc-survey\/index.php\/299472\">El C<\/a><a href=\"https:\/\/secure.unesco.org\/whc-survey\/index.php\/299472\">ambio clim\u00e1tico s<\/a>e ha convertido en una de las amenazas m\u00e1s importantes para las propiedades del Patrimonio Mundial, impactando de manera muy directa a su valor Universal Excepcional, a su integridad y al potencial que supone para el desarrollo econ\u00f3mico y social a nivel local.<a href=\"https:\/\/whc.unesco.org\/en\/CC-policy-document\/\"><img loading=\"lazy\" decoding=\"async\" class=\"alignleft wp-image-1904\" src=\"http:\/\/catunescoforum.blogs.upv.es\/wp-content\/uploads\/2020\/01\/Development-of-Policy-Document-on-Impacts-of-Climate-Change-and-World-Heritage-1-e1578393320524-218x300.jpg\" alt=\"\" width=\"244\" height=\"336\" srcset=\"https:\/\/catunescoforum.upv.es\/wp-content\/uploads\/2020\/01\/Development-of-Policy-Document-on-Impacts-of-Climate-Change-and-World-Heritage-1-e1578393320524-218x300.jpg 218w, https:\/\/catunescoforum.upv.es\/wp-content\/uploads\/2020\/01\/Development-of-Policy-Document-on-Impacts-of-Climate-Change-and-World-Heritage-1-e1578393320524.jpg 456w\" sizes=\"auto, (max-width: 244px) 100vw, 244px\" \/><\/a>\n\nLa cuesti\u00f3n de los efectos del cambio clim\u00e1tico en el Patrimonio Mundial ya fue fue se\u00f1alada en el 20015 al Comit\u00e9 del Patrimonio Mundial por un grupo de organizaciones e individuos interesados y afectados, a ra\u00edz de lo cual la UNESCO ha estado a la vanguardia de la exploraci\u00f3n y gesti\u00f3n de los impactos reales, presentes y futuros, del cambio clim\u00e1tico en el Patrimonio Mundial. En 2006, bajo la direcci\u00f3n del Comit\u00e9 del Patrimonio Mundial, y junto con la <em>Convenci\u00f3n del Patrimonio Mundial,\u00a0 <\/em>los \u00d3rganos Asesores (ICCROM, ICOMOS, UICN) y un amplio grupo de trabajo de expertos prepararon un informe sobre <a href=\"https:\/\/whc.unesco.org\/en\/CC-policy-document\/\">\"Predicci\u00f3n y gesti\u00f3n de los efectos del cambio clim\u00e1tico en el Patrimonio Mundial\",<\/a> as\u00ed como una \"Estrategia para ayudar a los Estados Partes en la Convenci\u00f3n implementar respuestas de gesti\u00f3n apropiadas\".\n\nDesde la adopci\u00f3n del Documento de Pol\u00edtica, se han presentado al Comit\u00e9 del Patrimonio Mundial un n\u00famero importante de informes sobre el estado de conservaci\u00f3n de los bienes del Patrimonio Mundial afectados por el Cambio Clim\u00e1tico. En 2017, el Comit\u00e9 del Patrimonio Mundial reiter\u00f3 la importancia de que los Estados Partes emprendieran la implementaci\u00f3n m\u00e1s ambiciosa del Acuerdo de Par\u00eds de la Convenci\u00f3n Marco de las Naciones Unidas sobre el Cambio Clim\u00e1tico (CMNUCC) reconociendo que esto reducir\u00eda significativamente los riesgos e impactos.\n\nEl Centro del Patrimonio Mundial de la UNESCO ha iniciado un proyecto para actualizar el Documento de Pol\u00edtica para su consideraci\u00f3n por el Comit\u00e9 del Patrimonio Mundial en su 44\u00a0 sesi\u00f3n en 2020 y garantizar su comunicaci\u00f3n y difusi\u00f3n generalizada a todos los interesados \u200b\u200binvolucrados. Para ello se ha creado un cuestionario on line\u00a0 con el objetivo de obtener una informaci\u00f3n importante de la situaci\u00f3n actual. la informaci\u00f3n recabada se distribuir\u00e1 a las partes interesadas del Patrimonio Mundial, incluidos los Estados Partes, los miembros del Comit\u00e9 del Patrimonio Mundial, los \u00d3rganos Asesores, los Administradores de Sitios, las ONG y la sociedad civil.\n\n<a href=\"http:\/\/whc.unesco.org\/en\/climatechange\/\"><img loading=\"lazy\" decoding=\"async\" class=\"size-medium wp-image-1907 aligncenter\" src=\"http:\/\/catunescoforum.blogs.upv.es\/wp-content\/uploads\/2020\/01\/cuestionario-e1578393993533-300x133.jpg\" alt=\"\" width=\"300\" height=\"133\" srcset=\"https:\/\/catunescoforum.upv.es\/wp-content\/uploads\/2020\/01\/cuestionario-e1578393993533-300x133.jpg 300w, https:\/\/catunescoforum.upv.es\/wp-content\/uploads\/2020\/01\/cuestionario-e1578393993533-768x341.jpg 768w, https:\/\/catunescoforum.upv.es\/wp-content\/uploads\/2020\/01\/cuestionario-e1578393993533.jpg 940w\" sizes=\"auto, (max-width: 300px) 100vw, 300px\" \/><\/a>\n\nActualizaci\u00f3n del \"Documento de pol\u00edtica sobre los impactos del cambio clim\u00e1tico en los bienes del Patrimonio Mundial\"","protected":false},"excerpt":{"rendered":"<p>\u00a0 \u00a0 \u00a0 \u00a0 \u00a0 \u00a0 \u00a0 \u00a0 \u00a0 \u00a0 \u00a0 \u00a0 \u00a0 \u00a0 \u00a0 \u00a0 \u00a0 \u00a0 \u00a0 \u00a0 \u00a0 \u00a0 \u00a0 \u00a0 \u00a0 \u00a0 \u00a0 \u00a0 \u00a0 \u00a0<\/p>\n<p class=\"more-link\"><a href=\"https:\/\/catunescoforum.upv.es\/?p=1900\" class=\"themebutton2\">Read More<\/a><\/p>\n","protected":false},"author":11424,"featured_media":1907,"comment_status":"closed","ping_status":"closed","sticky":false,"template":"","format":"standard","meta":{"_monsterinsights_skip_tracking":false,"_monsterinsights_sitenote_active":false,"_monsterinsights_sitenote_note":"","_monsterinsights_sitenote_category":0,"footnotes":""},"categories":[10],"tags":[],"class_list":["post-1900","post","type-post","status-publish","format-standard","has-post-thumbnail","hentry","category-news"],"yoast_head":"<!-- This site is optimized with the Yoast SEO plugin v27.4 - https:\/\/yoast.com\/product\/yoast-seo-wordpress\/ -->\n<title>CAMBIO CLIM\u00c1TICO Y PATRIMONIO MUNDIAL  - C\u00e1tedra UNESCO Forum Universidad y Patrimonio Cultural<\/title>\n<meta name=\"robots\" content=\"index, follow, max-snippet:-1, max-image-preview:large, max-video-preview:-1\" \/>\n<link rel=\"canonical\" href=\"https:\/\/catunescoforum.upv.es\/?p=1900\" \/>\n<meta property=\"og:locale\" content=\"es_ES\" \/>\n<meta property=\"og:type\" content=\"article\" \/>\n<meta property=\"og:title\" content=\"[:es]CAMBIO CLIM\u00c1TICO Y PATRIMONIO MUNDIAL [:] - C\u00e1tedra UNESCO Forum Universidad y Patrimonio Cultural\" \/>\n<meta property=\"og:description\" content=\"\u00a0 \u00a0 \u00a0 \u00a0 \u00a0 \u00a0 \u00a0 \u00a0 \u00a0 \u00a0 \u00a0 \u00a0 \u00a0 \u00a0 \u00a0 \u00a0 \u00a0 \u00a0 \u00a0 \u00a0 \u00a0 \u00a0 \u00a0 \u00a0 \u00a0 \u00a0 \u00a0 \u00a0 \u00a0 \u00a0Read More\" \/>\n<meta property=\"og:url\" content=\"https:\/\/catunescoforum.upv.es\/?p=1900\" \/>\n<meta property=\"og:site_name\" content=\"C\u00e1tedra UNESCO Forum Universidad y Patrimonio Cultural\" \/>\n<meta property=\"article:published_time\" content=\"2020-01-07T11:16:09+00:00\" \/>\n<meta property=\"og:image\" content=\"https:\/\/catunescoforum.upv.es\/wp-content\/uploads\/2020\/01\/cuestionario-e1578393993533.jpg\" \/>\n\t<meta property=\"og:image:width\" content=\"940\" \/>\n\t<meta property=\"og:image:height\" content=\"417\" \/>\n\t<meta property=\"og:image:type\" content=\"image\/jpeg\" \/>\n<meta name=\"author\" content=\"vvivanco\" \/>\n<meta name=\"twitter:card\" content=\"summary_large_image\" \/>\n<meta name=\"twitter:label1\" content=\"Escrito por\" \/>\n\t<meta name=\"twitter:data1\" content=\"vvivanco\" \/>\n\t<meta name=\"twitter:label2\" content=\"Tiempo de lectura\" \/>\n\t<meta name=\"twitter:data2\" content=\"2 minutos\" \/>\n<script type=\"application\/ld+json\" class=\"yoast-schema-graph\">{\"@context\":\"https:\\\/\\\/schema.org\",\"@graph\":[{\"@type\":\"Article\",\"@id\":\"https:\\\/\\\/catunescoforum.upv.es\\\/?p=1900#article\",\"isPartOf\":{\"@id\":\"https:\\\/\\\/catunescoforum.upv.es\\\/?p=1900\"},\"author\":{\"name\":\"vvivanco\",\"@id\":\"https:\\\/\\\/catunescoforum.upv.es\\\/#\\\/schema\\\/person\\\/f74af8ee7ec879f68b9b5c77cef26a00\"},\"headline\":\"CAMBIO CLIM\u00c1TICO Y PATRIMONIO MUNDIAL\",\"datePublished\":\"2020-01-07T11:16:09+00:00\",\"mainEntityOfPage\":{\"@id\":\"https:\\\/\\\/catunescoforum.upv.es\\\/?p=1900\"},\"wordCount\":426,\"publisher\":{\"@id\":\"https:\\\/\\\/catunescoforum.upv.es\\\/#organization\"},\"image\":{\"@id\":\"https:\\\/\\\/catunescoforum.upv.es\\\/?p=1900#primaryimage\"},\"thumbnailUrl\":\"https:\\\/\\\/catunescoforum.upv.es\\\/wp-content\\\/uploads\\\/2020\\\/01\\\/cuestionario-e1578393993533.jpg\",\"articleSection\":[\"Noticias\"],\"inLanguage\":\"es\"},{\"@type\":\"WebPage\",\"@id\":\"https:\\\/\\\/catunescoforum.upv.es\\\/?p=1900\",\"url\":\"https:\\\/\\\/catunescoforum.upv.es\\\/?p=1900\",\"name\":\"[:es]CAMBIO CLIM\u00c1TICO Y PATRIMONIO MUNDIAL [:] - C\u00e1tedra UNESCO Forum Universidad y Patrimonio Cultural\",\"isPartOf\":{\"@id\":\"https:\\\/\\\/catunescoforum.upv.es\\\/#website\"},\"primaryImageOfPage\":{\"@id\":\"https:\\\/\\\/catunescoforum.upv.es\\\/?p=1900#primaryimage\"},\"image\":{\"@id\":\"https:\\\/\\\/catunescoforum.upv.es\\\/?p=1900#primaryimage\"},\"thumbnailUrl\":\"https:\\\/\\\/catunescoforum.upv.es\\\/wp-content\\\/uploads\\\/2020\\\/01\\\/cuestionario-e1578393993533.jpg\",\"datePublished\":\"2020-01-07T11:16:09+00:00\",\"breadcrumb\":{\"@id\":\"https:\\\/\\\/catunescoforum.upv.es\\\/?p=1900#breadcrumb\"},\"inLanguage\":\"es\",\"potentialAction\":[{\"@type\":\"ReadAction\",\"target\":[\"https:\\\/\\\/catunescoforum.upv.es\\\/?p=1900\"]}]},{\"@type\":\"ImageObject\",\"inLanguage\":\"es\",\"@id\":\"https:\\\/\\\/catunescoforum.upv.es\\\/?p=1900#primaryimage\",\"url\":\"https:\\\/\\\/catunescoforum.upv.es\\\/wp-content\\\/uploads\\\/2020\\\/01\\\/cuestionario-e1578393993533.jpg\",\"contentUrl\":\"https:\\\/\\\/catunescoforum.upv.es\\\/wp-content\\\/uploads\\\/2020\\\/01\\\/cuestionario-e1578393993533.jpg\",\"width\":940,\"height\":417},{\"@type\":\"BreadcrumbList\",\"@id\":\"https:\\\/\\\/catunescoforum.upv.es\\\/?p=1900#breadcrumb\",\"itemListElement\":[{\"@type\":\"ListItem\",\"position\":1,\"name\":\"Home\",\"item\":\"https:\\\/\\\/catunescoforum.upv.es\\\/\"},{\"@type\":\"ListItem\",\"position\":2,\"name\":\"CAMBIO CLIM\u00c1TICO Y PATRIMONIO MUNDIAL\"}]},{\"@type\":\"WebSite\",\"@id\":\"https:\\\/\\\/catunescoforum.upv.es\\\/#website\",\"url\":\"https:\\\/\\\/catunescoforum.upv.es\\\/\",\"name\":\"C\u00e1tedra UNESCO Forum Universidad y Patrimonio Cultural\",\"description\":\"Una red universitaria internacional al cuidado del Patrimonio Cultural\",\"publisher\":{\"@id\":\"https:\\\/\\\/catunescoforum.upv.es\\\/#organization\"},\"potentialAction\":[{\"@type\":\"SearchAction\",\"target\":{\"@type\":\"EntryPoint\",\"urlTemplate\":\"https:\\\/\\\/catunescoforum.upv.es\\\/?s={search_term_string}\"},\"query-input\":{\"@type\":\"PropertyValueSpecification\",\"valueRequired\":true,\"valueName\":\"search_term_string\"}}],\"inLanguage\":\"es\"},{\"@type\":\"Organization\",\"@id\":\"https:\\\/\\\/catunescoforum.upv.es\\\/#organization\",\"name\":\"C\u00e1tedra UNESCO Forum Universidad y Patrimonio Cultura\",\"url\":\"https:\\\/\\\/catunescoforum.upv.es\\\/\",\"logo\":{\"@type\":\"ImageObject\",\"inLanguage\":\"es\",\"@id\":\"https:\\\/\\\/catunescoforum.upv.es\\\/#\\\/schema\\\/logo\\\/image\\\/\",\"url\":\"https:\\\/\\\/catunescoforum.upv.es\\\/wp-content\\\/uploads\\\/2025\\\/07\\\/cropped-Logo_catedra_2025_julio-scaled-1.png\",\"contentUrl\":\"https:\\\/\\\/catunescoforum.upv.es\\\/wp-content\\\/uploads\\\/2025\\\/07\\\/cropped-Logo_catedra_2025_julio-scaled-1.png\",\"width\":2560,\"height\":329,\"caption\":\"C\u00e1tedra UNESCO Forum Universidad y Patrimonio Cultura\"},\"image\":{\"@id\":\"https:\\\/\\\/catunescoforum.upv.es\\\/#\\\/schema\\\/logo\\\/image\\\/\"}},{\"@type\":\"Person\",\"@id\":\"https:\\\/\\\/catunescoforum.upv.es\\\/#\\\/schema\\\/person\\\/f74af8ee7ec879f68b9b5c77cef26a00\",\"name\":\"vvivanco\",\"image\":{\"@type\":\"ImageObject\",\"inLanguage\":\"es\",\"@id\":\"https:\\\/\\\/secure.gravatar.com\\\/avatar\\\/1a0d41a45ab05c8d1197bc2dc9b11b0aaeb5a8085703edb69c7274108009d29c?s=96&d=mm&r=g\",\"url\":\"https:\\\/\\\/secure.gravatar.com\\\/avatar\\\/1a0d41a45ab05c8d1197bc2dc9b11b0aaeb5a8085703edb69c7274108009d29c?s=96&d=mm&r=g\",\"contentUrl\":\"https:\\\/\\\/secure.gravatar.com\\\/avatar\\\/1a0d41a45ab05c8d1197bc2dc9b11b0aaeb5a8085703edb69c7274108009d29c?s=96&d=mm&r=g\",\"caption\":\"vvivanco\"},\"url\":\"https:\\\/\\\/catunescoforum.upv.es\\\/?author=11424\"}]}<\/script>\n<!-- \/ Yoast SEO plugin. -->","yoast_head_json":{"title":"[:es]CAMBIO CLIM\u00c1TICO Y PATRIMONIO MUNDIAL [:] - C\u00e1tedra UNESCO Forum Universidad y Patrimonio Cultural","robots":{"index":"index","follow":"follow","max-snippet":"max-snippet:-1","max-image-preview":"max-image-preview:large","max-video-preview":"max-video-preview:-1"},"canonical":"https:\/\/catunescoforum.upv.es\/?p=1900","og_locale":"es_ES","og_type":"article","og_title":"[:es]CAMBIO CLIM\u00c1TICO Y PATRIMONIO MUNDIAL [:] - C\u00e1tedra UNESCO Forum Universidad y Patrimonio Cultural","og_description":"\u00a0 \u00a0 \u00a0 \u00a0 \u00a0 \u00a0 \u00a0 \u00a0 \u00a0 \u00a0 \u00a0 \u00a0 \u00a0 \u00a0 \u00a0 \u00a0 \u00a0 \u00a0 \u00a0 \u00a0 \u00a0 \u00a0 \u00a0 \u00a0 \u00a0 \u00a0 \u00a0 \u00a0 \u00a0 \u00a0Read More","og_url":"https:\/\/catunescoforum.upv.es\/?p=1900","og_site_name":"C\u00e1tedra UNESCO Forum Universidad y Patrimonio Cultural","article_published_time":"2020-01-07T11:16:09+00:00","og_image":[{"width":940,"height":417,"url":"https:\/\/catunescoforum.upv.es\/wp-content\/uploads\/2020\/01\/cuestionario-e1578393993533.jpg","type":"image\/jpeg"}],"author":"vvivanco","twitter_card":"summary_large_image","twitter_misc":{"Escrito por":"vvivanco","Tiempo de lectura":"2 minutos"},"schema":{"@context":"https:\/\/schema.org","@graph":[{"@type":"Article","@id":"https:\/\/catunescoforum.upv.es\/?p=1900#article","isPartOf":{"@id":"https:\/\/catunescoforum.upv.es\/?p=1900"},"author":{"name":"vvivanco","@id":"https:\/\/catunescoforum.upv.es\/#\/schema\/person\/f74af8ee7ec879f68b9b5c77cef26a00"},"headline":"CAMBIO CLIM\u00c1TICO Y PATRIMONIO MUNDIAL","datePublished":"2020-01-07T11:16:09+00:00","mainEntityOfPage":{"@id":"https:\/\/catunescoforum.upv.es\/?p=1900"},"wordCount":426,"publisher":{"@id":"https:\/\/catunescoforum.upv.es\/#organization"},"image":{"@id":"https:\/\/catunescoforum.upv.es\/?p=1900#primaryimage"},"thumbnailUrl":"https:\/\/catunescoforum.upv.es\/wp-content\/uploads\/2020\/01\/cuestionario-e1578393993533.jpg","articleSection":["Noticias"],"inLanguage":"es"},{"@type":"WebPage","@id":"https:\/\/catunescoforum.upv.es\/?p=1900","url":"https:\/\/catunescoforum.upv.es\/?p=1900","name":"[:es]CAMBIO CLIM\u00c1TICO Y PATRIMONIO MUNDIAL [:] - C\u00e1tedra UNESCO Forum Universidad y Patrimonio Cultural","isPartOf":{"@id":"https:\/\/catunescoforum.upv.es\/#website"},"primaryImageOfPage":{"@id":"https:\/\/catunescoforum.upv.es\/?p=1900#primaryimage"},"image":{"@id":"https:\/\/catunescoforum.upv.es\/?p=1900#primaryimage"},"thumbnailUrl":"https:\/\/catunescoforum.upv.es\/wp-content\/uploads\/2020\/01\/cuestionario-e1578393993533.jpg","datePublished":"2020-01-07T11:16:09+00:00","breadcrumb":{"@id":"https:\/\/catunescoforum.upv.es\/?p=1900#breadcrumb"},"inLanguage":"es","potentialAction":[{"@type":"ReadAction","target":["https:\/\/catunescoforum.upv.es\/?p=1900"]}]},{"@type":"ImageObject","inLanguage":"es","@id":"https:\/\/catunescoforum.upv.es\/?p=1900#primaryimage","url":"https:\/\/catunescoforum.upv.es\/wp-content\/uploads\/2020\/01\/cuestionario-e1578393993533.jpg","contentUrl":"https:\/\/catunescoforum.upv.es\/wp-content\/uploads\/2020\/01\/cuestionario-e1578393993533.jpg","width":940,"height":417},{"@type":"BreadcrumbList","@id":"https:\/\/catunescoforum.upv.es\/?p=1900#breadcrumb","itemListElement":[{"@type":"ListItem","position":1,"name":"Home","item":"https:\/\/catunescoforum.upv.es\/"},{"@type":"ListItem","position":2,"name":"CAMBIO CLIM\u00c1TICO Y PATRIMONIO MUNDIAL"}]},{"@type":"WebSite","@id":"https:\/\/catunescoforum.upv.es\/#website","url":"https:\/\/catunescoforum.upv.es\/","name":"C\u00e1tedra UNESCO Forum Universidad y Patrimonio Cultural","description":"Una red universitaria internacional al cuidado del Patrimonio Cultural","publisher":{"@id":"https:\/\/catunescoforum.upv.es\/#organization"},"potentialAction":[{"@type":"SearchAction","target":{"@type":"EntryPoint","urlTemplate":"https:\/\/catunescoforum.upv.es\/?s={search_term_string}"},"query-input":{"@type":"PropertyValueSpecification","valueRequired":true,"valueName":"search_term_string"}}],"inLanguage":"es"},{"@type":"Organization","@id":"https:\/\/catunescoforum.upv.es\/#organization","name":"C\u00e1tedra UNESCO Forum Universidad y Patrimonio Cultura","url":"https:\/\/catunescoforum.upv.es\/","logo":{"@type":"ImageObject","inLanguage":"es","@id":"https:\/\/catunescoforum.upv.es\/#\/schema\/logo\/image\/","url":"https:\/\/catunescoforum.upv.es\/wp-content\/uploads\/2025\/07\/cropped-Logo_catedra_2025_julio-scaled-1.png","contentUrl":"https:\/\/catunescoforum.upv.es\/wp-content\/uploads\/2025\/07\/cropped-Logo_catedra_2025_julio-scaled-1.png","width":2560,"height":329,"caption":"C\u00e1tedra UNESCO Forum Universidad y Patrimonio Cultura"},"image":{"@id":"https:\/\/catunescoforum.upv.es\/#\/schema\/logo\/image\/"}},{"@type":"Person","@id":"https:\/\/catunescoforum.upv.es\/#\/schema\/person\/f74af8ee7ec879f68b9b5c77cef26a00","name":"vvivanco","image":{"@type":"ImageObject","inLanguage":"es","@id":"https:\/\/secure.gravatar.com\/avatar\/1a0d41a45ab05c8d1197bc2dc9b11b0aaeb5a8085703edb69c7274108009d29c?s=96&d=mm&r=g","url":"https:\/\/secure.gravatar.com\/avatar\/1a0d41a45ab05c8d1197bc2dc9b11b0aaeb5a8085703edb69c7274108009d29c?s=96&d=mm&r=g","contentUrl":"https:\/\/secure.gravatar.com\/avatar\/1a0d41a45ab05c8d1197bc2dc9b11b0aaeb5a8085703edb69c7274108009d29c?s=96&d=mm&r=g","caption":"vvivanco"},"url":"https:\/\/catunescoforum.upv.es\/?author=11424"}]}},"_links":{"self":[{"href":"https:\/\/catunescoforum.upv.es\/index.php?rest_route=\/wp\/v2\/posts\/1900","targetHints":{"allow":["GET"]}}],"collection":[{"href":"https:\/\/catunescoforum.upv.es\/index.php?rest_route=\/wp\/v2\/posts"}],"about":[{"href":"https:\/\/catunescoforum.upv.es\/index.php?rest_route=\/wp\/v2\/types\/post"}],"author":[{"embeddable":true,"href":"https:\/\/catunescoforum.upv.es\/index.php?rest_route=\/wp\/v2\/users\/11424"}],"replies":[{"embeddable":true,"href":"https:\/\/catunescoforum.upv.es\/index.php?rest_route=%2Fwp%2Fv2%2Fcomments&post=1900"}],"version-history":[{"count":0,"href":"https:\/\/catunescoforum.upv.es\/index.php?rest_route=\/wp\/v2\/posts\/1900\/revisions"}],"wp:featuredmedia":[{"embeddable":true,"href":"https:\/\/catunescoforum.upv.es\/index.php?rest_route=\/wp\/v2\/media\/1907"}],"wp:attachment":[{"href":"https:\/\/catunescoforum.upv.es\/index.php?rest_route=%2Fwp%2Fv2%2Fmedia&parent=1900"}],"wp:term":[{"taxonomy":"category","embeddable":true,"href":"https:\/\/catunescoforum.upv.es\/index.php?rest_route=%2Fwp%2Fv2%2Fcategories&post=1900"},{"taxonomy":"post_tag","embeddable":true,"href":"https:\/\/catunescoforum.upv.es\/index.php?rest_route=%2Fwp%2Fv2%2Ftags&post=1900"}],"curies":[{"name":"wp","href":"https:\/\/api.w.org\/{rel}","templated":true}]}}