{"id":5104,"date":"2021-06-07T08:45:37","date_gmt":"2021-06-07T08:45:37","guid":{"rendered":"https:\/\/catunescoforum.upv.es\/?p=5104"},"modified":"2021-06-07T09:18:07","modified_gmt":"2021-06-07T09:18:07","slug":"curso-practico-de-tintas-y-tintes-naturales","status":"publish","type":"post","link":"https:\/\/catunescoforum.upv.es\/?p=5104","title":{"rendered":"CURSO PR\u00c1CTICO DE TINTAS Y TINTES NATURALES"},"content":{"rendered":"<!-- wp:paragraph -->\n<p>Si quieres aprender a te\u00f1ir o a pintar con colores naturales, tal y como se ha venido haciendo desde hace miles de a\u00f1os, de una manera sostenible y respetuosa con la naturaleza, y siguiendo nuestro patrimonio cultural, este es tu curso. No te lo pienses. Aprender\u00e1s mucho y descubrir\u00e1s los secretos de los colores naturales y su gran potencial creativo. <\/p>\n<!-- \/wp:paragraph -->\n\n<!-- wp:paragraph {\"backgroundColor\":\"light-green-cyan\"} -->\n<p class=\"has-light-green-cyan-background-color has-background\"><strong><a href=\"https:\/\/www.cfp.upv.es\/formacion-permanente\/curso\/arte-artesania-creatividad-sostenibles-introduccion-practica-mundo-colores-naturales-tintes-tintas_69860.html\">\u00a1\u00a1\u00a1MATR\u00cdCULA AQU\u00cd!!!<\/a><\/strong><\/p>\n<!-- \/wp:paragraph -->\n\n<!-- wp:image {\"id\":5116,\"width\":838,\"height\":630,\"sizeSlug\":\"large\",\"linkDestination\":\"none\"} -->\n<figure class=\"wp-block-image size-large is-resized\"><img loading=\"lazy\" decoding=\"async\" src=\"https:\/\/catunescoforum.blogs.upv.es\/wp-content\/uploads\/2021\/06\/Imagen2.png\" alt=\"\" class=\"wp-image-5116\" width=\"838\" height=\"630\" \/><figcaption>MUCHOS SON LOS MATERIALES QUE LA NATURALEZA PONE A NUESTRO ALCANCE PARA PODER OBTENER COLORES<\/figcaption><\/figure>\n<!-- \/wp:image -->\n\n<!-- wp:image {\"id\":5119,\"sizeSlug\":\"large\",\"linkDestination\":\"none\"} -->\n<figure class=\"wp-block-image size-large\"><img loading=\"lazy\" decoding=\"async\" width=\"885\" height=\"498\" src=\"https:\/\/catunescoforum.blogs.upv.es\/wp-content\/uploads\/2021\/06\/Imagen5.png\" alt=\"\" class=\"wp-image-5119\" srcset=\"https:\/\/catunescoforum.upv.es\/wp-content\/uploads\/2021\/06\/Imagen5.png 885w, https:\/\/catunescoforum.upv.es\/wp-content\/uploads\/2021\/06\/Imagen5-850x478.png 850w, https:\/\/catunescoforum.upv.es\/wp-content\/uploads\/2021\/06\/Imagen5-250x141.png 250w, https:\/\/catunescoforum.upv.es\/wp-content\/uploads\/2021\/06\/Imagen5-768x432.png 768w\" sizes=\"auto, (max-width: 885px) 100vw, 885px\" \/><figcaption>CON UNA SIMPLE PIEL DE GRANADA SER\u00c1S CAPAZ DE CONSEGUIR COLORES FANT\u00c1STICOS<\/figcaption><\/figure>\n<!-- \/wp:image -->\n\n<!-- wp:image {\"id\":5122,\"sizeSlug\":\"large\",\"linkDestination\":\"none\"} -->\n<figure class=\"wp-block-image size-large\"><img loading=\"lazy\" decoding=\"async\" width=\"886\" height=\"665\" src=\"https:\/\/catunescoforum.blogs.upv.es\/wp-content\/uploads\/2021\/06\/Imagen6.png\" alt=\"\" class=\"wp-image-5122\" srcset=\"https:\/\/catunescoforum.upv.es\/wp-content\/uploads\/2021\/06\/Imagen6.png 886w, https:\/\/catunescoforum.upv.es\/wp-content\/uploads\/2021\/06\/Imagen6-768x576.png 768w\" sizes=\"auto, (max-width: 886px) 100vw, 886px\" \/><figcaption>LA NATURALEZA PONE UN ARCO IRIS DE COLORES A NUESTRO ALCANCE<\/figcaption><\/figure>\n<!-- \/wp:image -->\n\n<!-- wp:image {\"id\":5125,\"width\":834,\"height\":675,\"sizeSlug\":\"large\",\"linkDestination\":\"none\"} -->\n<figure class=\"wp-block-image size-large is-resized\"><img loading=\"lazy\" decoding=\"async\" src=\"https:\/\/catunescoforum.blogs.upv.es\/wp-content\/uploads\/2021\/06\/Imagen7-834x675.png\" alt=\"\" class=\"wp-image-5125\" width=\"834\" height=\"675\" \/><figcaption>LAS TINTAS NATURALES SON UNA MAGN\u00cdFICA FUENTE DE INSPIRACI\u00d3N<\/figcaption><\/figure>\n<!-- \/wp:image -->","protected":false},"excerpt":{"rendered":"<p>Si quieres aprender a te\u00f1ir o a pintar con colores naturales, tal y como se ha venido haciendo desde hace miles de a\u00f1os, de una manera sostenible y respetuosa con<\/p>\n<p class=\"more-link\"><a href=\"https:\/\/catunescoforum.upv.es\/?p=5104\" class=\"themebutton2\">Read More<\/a><\/p>\n","protected":false},"author":11424,"featured_media":5116,"comment_status":"closed","ping_status":"closed","sticky":false,"template":"","format":"standard","meta":{"_monsterinsights_skip_tracking":false,"_monsterinsights_sitenote_active":false,"_monsterinsights_sitenote_note":"","_monsterinsights_sitenote_category":0,"footnotes":""},"categories":[10,1],"tags":[],"class_list":["post-5104","post","type-post","status-publish","format-standard","has-post-thumbnail","hentry","category-news","category-sin-categoria"],"yoast_head":"<!-- This site is optimized with the Yoast SEO plugin v27.4 - https:\/\/yoast.com\/product\/yoast-seo-wordpress\/ -->\n<title>CURSO PR\u00c1CTICO DE TINTAS Y TINTES NATURALES - C\u00e1tedra UNESCO Forum Universidad y Patrimonio Cultural<\/title>\n<meta name=\"robots\" content=\"index, follow, max-snippet:-1, max-image-preview:large, max-video-preview:-1\" \/>\n<link rel=\"canonical\" href=\"https:\/\/catunescoforum.upv.es\/?p=5104\" \/>\n<meta property=\"og:locale\" content=\"es_ES\" \/>\n<meta property=\"og:type\" content=\"article\" \/>\n<meta property=\"og:title\" content=\"CURSO PR\u00c1CTICO DE TINTAS Y TINTES NATURALES - C\u00e1tedra UNESCO Forum Universidad y Patrimonio Cultural\" \/>\n<meta property=\"og:description\" content=\"Si quieres aprender a te\u00f1ir o a pintar con colores naturales, tal y como se ha venido haciendo desde hace miles de a\u00f1os, de una manera sostenible y respetuosa conRead More\" \/>\n<meta property=\"og:url\" content=\"https:\/\/catunescoforum.upv.es\/?p=5104\" \/>\n<meta property=\"og:site_name\" content=\"C\u00e1tedra UNESCO Forum Universidad y Patrimonio Cultural\" \/>\n<meta property=\"article:published_time\" content=\"2021-06-07T08:45:37+00:00\" \/>\n<meta property=\"article:modified_time\" content=\"2021-06-07T09:18:07+00:00\" \/>\n<meta property=\"og:image\" content=\"https:\/\/catunescoforum.upv.es\/wp-content\/uploads\/2021\/06\/Imagen2.png\" \/>\n\t<meta property=\"og:image:width\" content=\"624\" \/>\n\t<meta property=\"og:image:height\" content=\"469\" \/>\n\t<meta property=\"og:image:type\" content=\"image\/png\" \/>\n<meta name=\"author\" content=\"vvivanco\" \/>\n<meta name=\"twitter:card\" content=\"summary_large_image\" \/>\n<meta name=\"twitter:label1\" content=\"Escrito por\" \/>\n\t<meta name=\"twitter:data1\" content=\"vvivanco\" \/>\n\t<meta name=\"twitter:label2\" content=\"Tiempo de lectura\" \/>\n\t<meta name=\"twitter:data2\" content=\"1 minuto\" \/>\n<script type=\"application\/ld+json\" class=\"yoast-schema-graph\">{\"@context\":\"https:\\\/\\\/schema.org\",\"@graph\":[{\"@type\":\"Article\",\"@id\":\"https:\\\/\\\/catunescoforum.upv.es\\\/?p=5104#article\",\"isPartOf\":{\"@id\":\"https:\\\/\\\/catunescoforum.upv.es\\\/?p=5104\"},\"author\":{\"name\":\"vvivanco\",\"@id\":\"https:\\\/\\\/catunescoforum.upv.es\\\/#\\\/schema\\\/person\\\/f74af8ee7ec879f68b9b5c77cef26a00\"},\"headline\":\"CURSO PR\u00c1CTICO DE TINTAS Y TINTES NATURALES\",\"datePublished\":\"2021-06-07T08:45:37+00:00\",\"dateModified\":\"2021-06-07T09:18:07+00:00\",\"mainEntityOfPage\":{\"@id\":\"https:\\\/\\\/catunescoforum.upv.es\\\/?p=5104\"},\"wordCount\":126,\"publisher\":{\"@id\":\"https:\\\/\\\/catunescoforum.upv.es\\\/#organization\"},\"image\":{\"@id\":\"https:\\\/\\\/catunescoforum.upv.es\\\/?p=5104#primaryimage\"},\"thumbnailUrl\":\"https:\\\/\\\/catunescoforum.upv.es\\\/wp-content\\\/uploads\\\/2021\\\/06\\\/Imagen2.png\",\"articleSection\":[\"Noticias\",\"Publicaciones\"],\"inLanguage\":\"es\"},{\"@type\":\"WebPage\",\"@id\":\"https:\\\/\\\/catunescoforum.upv.es\\\/?p=5104\",\"url\":\"https:\\\/\\\/catunescoforum.upv.es\\\/?p=5104\",\"name\":\"CURSO PR\u00c1CTICO DE TINTAS Y TINTES NATURALES - C\u00e1tedra UNESCO Forum Universidad y Patrimonio Cultural\",\"isPartOf\":{\"@id\":\"https:\\\/\\\/catunescoforum.upv.es\\\/#website\"},\"primaryImageOfPage\":{\"@id\":\"https:\\\/\\\/catunescoforum.upv.es\\\/?p=5104#primaryimage\"},\"image\":{\"@id\":\"https:\\\/\\\/catunescoforum.upv.es\\\/?p=5104#primaryimage\"},\"thumbnailUrl\":\"https:\\\/\\\/catunescoforum.upv.es\\\/wp-content\\\/uploads\\\/2021\\\/06\\\/Imagen2.png\",\"datePublished\":\"2021-06-07T08:45:37+00:00\",\"dateModified\":\"2021-06-07T09:18:07+00:00\",\"breadcrumb\":{\"@id\":\"https:\\\/\\\/catunescoforum.upv.es\\\/?p=5104#breadcrumb\"},\"inLanguage\":\"es\",\"potentialAction\":[{\"@type\":\"ReadAction\",\"target\":[\"https:\\\/\\\/catunescoforum.upv.es\\\/?p=5104\"]}]},{\"@type\":\"ImageObject\",\"inLanguage\":\"es\",\"@id\":\"https:\\\/\\\/catunescoforum.upv.es\\\/?p=5104#primaryimage\",\"url\":\"https:\\\/\\\/catunescoforum.upv.es\\\/wp-content\\\/uploads\\\/2021\\\/06\\\/Imagen2.png\",\"contentUrl\":\"https:\\\/\\\/catunescoforum.upv.es\\\/wp-content\\\/uploads\\\/2021\\\/06\\\/Imagen2.png\",\"width\":624,\"height\":469},{\"@type\":\"BreadcrumbList\",\"@id\":\"https:\\\/\\\/catunescoforum.upv.es\\\/?p=5104#breadcrumb\",\"itemListElement\":[{\"@type\":\"ListItem\",\"position\":1,\"name\":\"Home\",\"item\":\"https:\\\/\\\/catunescoforum.upv.es\\\/\"},{\"@type\":\"ListItem\",\"position\":2,\"name\":\"CURSO PR\u00c1CTICO DE TINTAS Y TINTES NATURALES\"}]},{\"@type\":\"WebSite\",\"@id\":\"https:\\\/\\\/catunescoforum.upv.es\\\/#website\",\"url\":\"https:\\\/\\\/catunescoforum.upv.es\\\/\",\"name\":\"C\u00e1tedra UNESCO Forum Universidad y Patrimonio Cultural\",\"description\":\"Una red universitaria internacional al cuidado del Patrimonio Cultural\",\"publisher\":{\"@id\":\"https:\\\/\\\/catunescoforum.upv.es\\\/#organization\"},\"potentialAction\":[{\"@type\":\"SearchAction\",\"target\":{\"@type\":\"EntryPoint\",\"urlTemplate\":\"https:\\\/\\\/catunescoforum.upv.es\\\/?s={search_term_string}\"},\"query-input\":{\"@type\":\"PropertyValueSpecification\",\"valueRequired\":true,\"valueName\":\"search_term_string\"}}],\"inLanguage\":\"es\"},{\"@type\":\"Organization\",\"@id\":\"https:\\\/\\\/catunescoforum.upv.es\\\/#organization\",\"name\":\"C\u00e1tedra UNESCO Forum Universidad y Patrimonio Cultura\",\"url\":\"https:\\\/\\\/catunescoforum.upv.es\\\/\",\"logo\":{\"@type\":\"ImageObject\",\"inLanguage\":\"es\",\"@id\":\"https:\\\/\\\/catunescoforum.upv.es\\\/#\\\/schema\\\/logo\\\/image\\\/\",\"url\":\"https:\\\/\\\/catunescoforum.upv.es\\\/wp-content\\\/uploads\\\/2025\\\/07\\\/cropped-Logo_catedra_2025_julio-scaled-1.png\",\"contentUrl\":\"https:\\\/\\\/catunescoforum.upv.es\\\/wp-content\\\/uploads\\\/2025\\\/07\\\/cropped-Logo_catedra_2025_julio-scaled-1.png\",\"width\":2560,\"height\":329,\"caption\":\"C\u00e1tedra UNESCO Forum Universidad y Patrimonio Cultura\"},\"image\":{\"@id\":\"https:\\\/\\\/catunescoforum.upv.es\\\/#\\\/schema\\\/logo\\\/image\\\/\"}},{\"@type\":\"Person\",\"@id\":\"https:\\\/\\\/catunescoforum.upv.es\\\/#\\\/schema\\\/person\\\/f74af8ee7ec879f68b9b5c77cef26a00\",\"name\":\"vvivanco\",\"image\":{\"@type\":\"ImageObject\",\"inLanguage\":\"es\",\"@id\":\"https:\\\/\\\/secure.gravatar.com\\\/avatar\\\/1a0d41a45ab05c8d1197bc2dc9b11b0aaeb5a8085703edb69c7274108009d29c?s=96&d=mm&r=g\",\"url\":\"https:\\\/\\\/secure.gravatar.com\\\/avatar\\\/1a0d41a45ab05c8d1197bc2dc9b11b0aaeb5a8085703edb69c7274108009d29c?s=96&d=mm&r=g\",\"contentUrl\":\"https:\\\/\\\/secure.gravatar.com\\\/avatar\\\/1a0d41a45ab05c8d1197bc2dc9b11b0aaeb5a8085703edb69c7274108009d29c?s=96&d=mm&r=g\",\"caption\":\"vvivanco\"},\"url\":\"https:\\\/\\\/catunescoforum.upv.es\\\/?author=11424\"}]}<\/script>\n<!-- \/ Yoast SEO plugin. -->","yoast_head_json":{"title":"CURSO PR\u00c1CTICO DE TINTAS Y TINTES NATURALES - C\u00e1tedra UNESCO Forum Universidad y Patrimonio Cultural","robots":{"index":"index","follow":"follow","max-snippet":"max-snippet:-1","max-image-preview":"max-image-preview:large","max-video-preview":"max-video-preview:-1"},"canonical":"https:\/\/catunescoforum.upv.es\/?p=5104","og_locale":"es_ES","og_type":"article","og_title":"CURSO PR\u00c1CTICO DE TINTAS Y TINTES NATURALES - C\u00e1tedra UNESCO Forum Universidad y Patrimonio Cultural","og_description":"Si quieres aprender a te\u00f1ir o a pintar con colores naturales, tal y como se ha venido haciendo desde hace miles de a\u00f1os, de una manera sostenible y respetuosa conRead More","og_url":"https:\/\/catunescoforum.upv.es\/?p=5104","og_site_name":"C\u00e1tedra UNESCO Forum Universidad y Patrimonio Cultural","article_published_time":"2021-06-07T08:45:37+00:00","article_modified_time":"2021-06-07T09:18:07+00:00","og_image":[{"width":624,"height":469,"url":"https:\/\/catunescoforum.upv.es\/wp-content\/uploads\/2021\/06\/Imagen2.png","type":"image\/png"}],"author":"vvivanco","twitter_card":"summary_large_image","twitter_misc":{"Escrito por":"vvivanco","Tiempo de lectura":"1 minuto"},"schema":{"@context":"https:\/\/schema.org","@graph":[{"@type":"Article","@id":"https:\/\/catunescoforum.upv.es\/?p=5104#article","isPartOf":{"@id":"https:\/\/catunescoforum.upv.es\/?p=5104"},"author":{"name":"vvivanco","@id":"https:\/\/catunescoforum.upv.es\/#\/schema\/person\/f74af8ee7ec879f68b9b5c77cef26a00"},"headline":"CURSO PR\u00c1CTICO DE TINTAS Y TINTES NATURALES","datePublished":"2021-06-07T08:45:37+00:00","dateModified":"2021-06-07T09:18:07+00:00","mainEntityOfPage":{"@id":"https:\/\/catunescoforum.upv.es\/?p=5104"},"wordCount":126,"publisher":{"@id":"https:\/\/catunescoforum.upv.es\/#organization"},"image":{"@id":"https:\/\/catunescoforum.upv.es\/?p=5104#primaryimage"},"thumbnailUrl":"https:\/\/catunescoforum.upv.es\/wp-content\/uploads\/2021\/06\/Imagen2.png","articleSection":["Noticias","Publicaciones"],"inLanguage":"es"},{"@type":"WebPage","@id":"https:\/\/catunescoforum.upv.es\/?p=5104","url":"https:\/\/catunescoforum.upv.es\/?p=5104","name":"CURSO PR\u00c1CTICO DE TINTAS Y TINTES NATURALES - C\u00e1tedra UNESCO Forum Universidad y Patrimonio Cultural","isPartOf":{"@id":"https:\/\/catunescoforum.upv.es\/#website"},"primaryImageOfPage":{"@id":"https:\/\/catunescoforum.upv.es\/?p=5104#primaryimage"},"image":{"@id":"https:\/\/catunescoforum.upv.es\/?p=5104#primaryimage"},"thumbnailUrl":"https:\/\/catunescoforum.upv.es\/wp-content\/uploads\/2021\/06\/Imagen2.png","datePublished":"2021-06-07T08:45:37+00:00","dateModified":"2021-06-07T09:18:07+00:00","breadcrumb":{"@id":"https:\/\/catunescoforum.upv.es\/?p=5104#breadcrumb"},"inLanguage":"es","potentialAction":[{"@type":"ReadAction","target":["https:\/\/catunescoforum.upv.es\/?p=5104"]}]},{"@type":"ImageObject","inLanguage":"es","@id":"https:\/\/catunescoforum.upv.es\/?p=5104#primaryimage","url":"https:\/\/catunescoforum.upv.es\/wp-content\/uploads\/2021\/06\/Imagen2.png","contentUrl":"https:\/\/catunescoforum.upv.es\/wp-content\/uploads\/2021\/06\/Imagen2.png","width":624,"height":469},{"@type":"BreadcrumbList","@id":"https:\/\/catunescoforum.upv.es\/?p=5104#breadcrumb","itemListElement":[{"@type":"ListItem","position":1,"name":"Home","item":"https:\/\/catunescoforum.upv.es\/"},{"@type":"ListItem","position":2,"name":"CURSO PR\u00c1CTICO DE TINTAS Y TINTES NATURALES"}]},{"@type":"WebSite","@id":"https:\/\/catunescoforum.upv.es\/#website","url":"https:\/\/catunescoforum.upv.es\/","name":"C\u00e1tedra UNESCO Forum Universidad y Patrimonio Cultural","description":"Una red universitaria internacional al cuidado del Patrimonio Cultural","publisher":{"@id":"https:\/\/catunescoforum.upv.es\/#organization"},"potentialAction":[{"@type":"SearchAction","target":{"@type":"EntryPoint","urlTemplate":"https:\/\/catunescoforum.upv.es\/?s={search_term_string}"},"query-input":{"@type":"PropertyValueSpecification","valueRequired":true,"valueName":"search_term_string"}}],"inLanguage":"es"},{"@type":"Organization","@id":"https:\/\/catunescoforum.upv.es\/#organization","name":"C\u00e1tedra UNESCO Forum Universidad y Patrimonio Cultura","url":"https:\/\/catunescoforum.upv.es\/","logo":{"@type":"ImageObject","inLanguage":"es","@id":"https:\/\/catunescoforum.upv.es\/#\/schema\/logo\/image\/","url":"https:\/\/catunescoforum.upv.es\/wp-content\/uploads\/2025\/07\/cropped-Logo_catedra_2025_julio-scaled-1.png","contentUrl":"https:\/\/catunescoforum.upv.es\/wp-content\/uploads\/2025\/07\/cropped-Logo_catedra_2025_julio-scaled-1.png","width":2560,"height":329,"caption":"C\u00e1tedra UNESCO Forum Universidad y Patrimonio Cultura"},"image":{"@id":"https:\/\/catunescoforum.upv.es\/#\/schema\/logo\/image\/"}},{"@type":"Person","@id":"https:\/\/catunescoforum.upv.es\/#\/schema\/person\/f74af8ee7ec879f68b9b5c77cef26a00","name":"vvivanco","image":{"@type":"ImageObject","inLanguage":"es","@id":"https:\/\/secure.gravatar.com\/avatar\/1a0d41a45ab05c8d1197bc2dc9b11b0aaeb5a8085703edb69c7274108009d29c?s=96&d=mm&r=g","url":"https:\/\/secure.gravatar.com\/avatar\/1a0d41a45ab05c8d1197bc2dc9b11b0aaeb5a8085703edb69c7274108009d29c?s=96&d=mm&r=g","contentUrl":"https:\/\/secure.gravatar.com\/avatar\/1a0d41a45ab05c8d1197bc2dc9b11b0aaeb5a8085703edb69c7274108009d29c?s=96&d=mm&r=g","caption":"vvivanco"},"url":"https:\/\/catunescoforum.upv.es\/?author=11424"}]}},"_links":{"self":[{"href":"https:\/\/catunescoforum.upv.es\/index.php?rest_route=\/wp\/v2\/posts\/5104","targetHints":{"allow":["GET"]}}],"collection":[{"href":"https:\/\/catunescoforum.upv.es\/index.php?rest_route=\/wp\/v2\/posts"}],"about":[{"href":"https:\/\/catunescoforum.upv.es\/index.php?rest_route=\/wp\/v2\/types\/post"}],"author":[{"embeddable":true,"href":"https:\/\/catunescoforum.upv.es\/index.php?rest_route=\/wp\/v2\/users\/11424"}],"replies":[{"embeddable":true,"href":"https:\/\/catunescoforum.upv.es\/index.php?rest_route=%2Fwp%2Fv2%2Fcomments&post=5104"}],"version-history":[{"count":2,"href":"https:\/\/catunescoforum.upv.es\/index.php?rest_route=\/wp\/v2\/posts\/5104\/revisions"}],"predecessor-version":[{"id":5212,"href":"https:\/\/catunescoforum.upv.es\/index.php?rest_route=\/wp\/v2\/posts\/5104\/revisions\/5212"}],"wp:featuredmedia":[{"embeddable":true,"href":"https:\/\/catunescoforum.upv.es\/index.php?rest_route=\/wp\/v2\/media\/5116"}],"wp:attachment":[{"href":"https:\/\/catunescoforum.upv.es\/index.php?rest_route=%2Fwp%2Fv2%2Fmedia&parent=5104"}],"wp:term":[{"taxonomy":"category","embeddable":true,"href":"https:\/\/catunescoforum.upv.es\/index.php?rest_route=%2Fwp%2Fv2%2Fcategories&post=5104"},{"taxonomy":"post_tag","embeddable":true,"href":"https:\/\/catunescoforum.upv.es\/index.php?rest_route=%2Fwp%2Fv2%2Ftags&post=5104"}],"curies":[{"name":"wp","href":"https:\/\/api.w.org\/{rel}","templated":true}]}}