{"id":6055,"date":"2021-11-05T09:37:50","date_gmt":"2021-11-05T09:37:50","guid":{"rendered":"https:\/\/catunescoforum.upv.es\/?p=6055"},"modified":"2021-12-10T12:24:07","modified_gmt":"2021-12-10T12:24:07","slug":"ii-jornadas-de-aproximacion-a-las-amenazas-al-patrimonio-cultural","status":"publish","type":"post","link":"https:\/\/catunescoforum.upv.es\/?p=6055","title":{"rendered":"II JORNADAS DE APROXIMACI\u00d3N A LAS AMENAZAS AL PATRIMONIO CULTURAL"},"content":{"rendered":"<!-- wp:table -->\n<figure class=\"wp-block-table\"><table><tbody><tr><td><\/td><\/tr><\/tbody><\/table><\/figure>\n<!-- \/wp:table -->\n\n<!-- wp:image {\"align\":\"center\",\"id\":6059,\"width\":518,\"height\":292,\"sizeSlug\":\"full\",\"linkDestination\":\"custom\",\"className\":\"is-style-rounded\"} -->\n<div class=\"wp-block-image is-style-rounded\"><figure class=\"aligncenter size-full is-resized\"><a href=\"https:\/\/jornadasamenazapatrimoniolalaguna.org\/\"><img loading=\"lazy\" decoding=\"async\" src=\"https:\/\/catunescoforum.upv.es\/wp-content\/uploads\/2021\/11\/Imagen3.png\" alt=\"\" class=\"wp-image-6059\" width=\"518\" height=\"292\" srcset=\"https:\/\/catunescoforum.upv.es\/wp-content\/uploads\/2021\/11\/Imagen3.png 473w, https:\/\/catunescoforum.upv.es\/wp-content\/uploads\/2021\/11\/Imagen3-250x141.png 250w\" sizes=\"auto, (max-width: 518px) 100vw, 518px\" \/><\/a><\/figure><\/div>\n<!-- \/wp:image -->\n\n<!-- wp:paragraph {\"dropCap\":true} -->\n<p class=\"has-drop-cap\">En estas segundas Jornadas se presenta una serie de ejemplos y experiencias que, teniendo en cuenta lo local demuestra c\u00f3mo estamos ante una realidad global. Por ello, la elaboraci\u00f3n de medidas de protecci\u00f3n, gesti\u00f3n y de conservaci\u00f3n poseen una gran complejidad; y debe ser abordada desde visiones interdisciplinares y con respuestas poli\u00e9dricas. &nbsp; <a href=\"https:\/\/jornadasamenazapatrimoniolalaguna.org\/\">https:\/\/jornadasamenazapatrimoniolalaguna.org\/<\/a> &nbsp;<\/p>\n<!-- \/wp:paragraph -->\n\n<!-- wp:paragraph {\"align\":\"center\",\"style\":{\"color\":{\"background\":\"#b1d6c7\"}},\"fontSize\":\"medium\"} -->\n<p class=\"has-text-align-center has-background has-medium-font-size\" style=\"background-color:#b1d6c7\"><strong><span class=\"has-inline-color has-vivid-red-color\">\"II JOURNEY OF APPROACH TO THREATS TO CULTURAL HERITAGE\"<\/span><\/strong><\/p>\n<!-- \/wp:paragraph -->\n\n<!-- wp:paragraph {\"dropCap\":true} -->\n<p class=\"has-drop-cap\"><strong><span class=\"has-inline-color has-vivid-red-color\">In these second Conference a series of examples and experiences is presented that, taking into account the local, shows how we are facing a global reality. For this reason, the elaboration of protection, management and conservation measures are highly complex; and it must be approached from interdisciplinary visions and with polyhedral responses. <\/span><\/strong><\/p>\n<!-- \/wp:paragraph -->\n\n<!-- wp:paragraph -->\n<p><strong><span class=\"has-inline-color has-vivid-red-color\"><a href=\"https:\/\/jornadasamenazapatrimoniolalaguna.org\/\">https:\/\/jornadasamenazapatrimoniolalaguna.org\/<\/a><\/span><\/strong><\/p>\n<!-- \/wp:paragraph -->\n\n<!-- wp:paragraph -->\n<p><\/p>\n<!-- \/wp:paragraph -->","protected":false},"excerpt":{"rendered":"<p>En estas segundas Jornadas se presenta una serie de ejemplos y experiencias que, teniendo en cuenta lo local demuestra c\u00f3mo estamos ante una realidad global. Por ello, la elaboraci\u00f3n de<\/p>\n<p class=\"more-link\"><a href=\"https:\/\/catunescoforum.upv.es\/?p=6055\" class=\"themebutton2\">Read More<\/a><\/p>\n","protected":false},"author":11424,"featured_media":6059,"comment_status":"closed","ping_status":"closed","sticky":false,"template":"","format":"standard","meta":{"_monsterinsights_skip_tracking":false,"_monsterinsights_sitenote_active":false,"_monsterinsights_sitenote_note":"","_monsterinsights_sitenote_category":0,"footnotes":""},"categories":[10],"tags":[],"class_list":["post-6055","post","type-post","status-publish","format-standard","has-post-thumbnail","hentry","category-news"],"yoast_head":"<!-- This site is optimized with the Yoast SEO plugin v27.4 - https:\/\/yoast.com\/product\/yoast-seo-wordpress\/ -->\n<title>II JORNADAS DE APROXIMACI\u00d3N A LAS AMENAZAS AL PATRIMONIO CULTURAL - C\u00e1tedra UNESCO Forum Universidad y Patrimonio Cultural<\/title>\n<meta name=\"robots\" content=\"index, follow, max-snippet:-1, max-image-preview:large, max-video-preview:-1\" \/>\n<link rel=\"canonical\" href=\"https:\/\/catunescoforum.upv.es\/?p=6055\" \/>\n<meta property=\"og:locale\" content=\"es_ES\" \/>\n<meta property=\"og:type\" content=\"article\" \/>\n<meta property=\"og:title\" content=\"II JORNADAS DE APROXIMACI\u00d3N A LAS AMENAZAS AL PATRIMONIO CULTURAL - C\u00e1tedra UNESCO Forum Universidad y Patrimonio Cultural\" \/>\n<meta property=\"og:description\" content=\"En estas segundas Jornadas se presenta una serie de ejemplos y experiencias que, teniendo en cuenta lo local demuestra c\u00f3mo estamos ante una realidad global. Por ello, la elaboraci\u00f3n deRead More\" \/>\n<meta property=\"og:url\" content=\"https:\/\/catunescoforum.upv.es\/?p=6055\" \/>\n<meta property=\"og:site_name\" content=\"C\u00e1tedra UNESCO Forum Universidad y Patrimonio Cultural\" \/>\n<meta property=\"article:published_time\" content=\"2021-11-05T09:37:50+00:00\" \/>\n<meta property=\"article:modified_time\" content=\"2021-12-10T12:24:07+00:00\" \/>\n<meta property=\"og:image\" content=\"https:\/\/catunescoforum.upv.es\/wp-content\/uploads\/2021\/11\/Imagen3.png\" \/>\n\t<meta property=\"og:image:width\" content=\"473\" \/>\n\t<meta property=\"og:image:height\" content=\"267\" \/>\n\t<meta property=\"og:image:type\" content=\"image\/png\" \/>\n<meta name=\"author\" content=\"vvivanco\" \/>\n<meta name=\"twitter:card\" content=\"summary_large_image\" \/>\n<meta name=\"twitter:label1\" content=\"Escrito por\" \/>\n\t<meta name=\"twitter:data1\" content=\"vvivanco\" \/>\n\t<meta name=\"twitter:label2\" content=\"Tiempo de lectura\" \/>\n\t<meta name=\"twitter:data2\" content=\"1 minuto\" \/>\n<script type=\"application\/ld+json\" class=\"yoast-schema-graph\">{\"@context\":\"https:\\\/\\\/schema.org\",\"@graph\":[{\"@type\":\"Article\",\"@id\":\"https:\\\/\\\/catunescoforum.upv.es\\\/?p=6055#article\",\"isPartOf\":{\"@id\":\"https:\\\/\\\/catunescoforum.upv.es\\\/?p=6055\"},\"author\":{\"name\":\"vvivanco\",\"@id\":\"https:\\\/\\\/catunescoforum.upv.es\\\/#\\\/schema\\\/person\\\/f74af8ee7ec879f68b9b5c77cef26a00\"},\"headline\":\"II JORNADAS DE APROXIMACI\u00d3N A LAS AMENAZAS AL PATRIMONIO CULTURAL\",\"datePublished\":\"2021-11-05T09:37:50+00:00\",\"dateModified\":\"2021-12-10T12:24:07+00:00\",\"mainEntityOfPage\":{\"@id\":\"https:\\\/\\\/catunescoforum.upv.es\\\/?p=6055\"},\"wordCount\":138,\"publisher\":{\"@id\":\"https:\\\/\\\/catunescoforum.upv.es\\\/#organization\"},\"image\":{\"@id\":\"https:\\\/\\\/catunescoforum.upv.es\\\/?p=6055#primaryimage\"},\"thumbnailUrl\":\"https:\\\/\\\/catunescoforum.upv.es\\\/wp-content\\\/uploads\\\/2021\\\/11\\\/Imagen3.png\",\"articleSection\":[\"Noticias\"],\"inLanguage\":\"es\"},{\"@type\":\"WebPage\",\"@id\":\"https:\\\/\\\/catunescoforum.upv.es\\\/?p=6055\",\"url\":\"https:\\\/\\\/catunescoforum.upv.es\\\/?p=6055\",\"name\":\"II JORNADAS DE APROXIMACI\u00d3N A LAS AMENAZAS AL PATRIMONIO CULTURAL - C\u00e1tedra UNESCO Forum Universidad y Patrimonio Cultural\",\"isPartOf\":{\"@id\":\"https:\\\/\\\/catunescoforum.upv.es\\\/#website\"},\"primaryImageOfPage\":{\"@id\":\"https:\\\/\\\/catunescoforum.upv.es\\\/?p=6055#primaryimage\"},\"image\":{\"@id\":\"https:\\\/\\\/catunescoforum.upv.es\\\/?p=6055#primaryimage\"},\"thumbnailUrl\":\"https:\\\/\\\/catunescoforum.upv.es\\\/wp-content\\\/uploads\\\/2021\\\/11\\\/Imagen3.png\",\"datePublished\":\"2021-11-05T09:37:50+00:00\",\"dateModified\":\"2021-12-10T12:24:07+00:00\",\"breadcrumb\":{\"@id\":\"https:\\\/\\\/catunescoforum.upv.es\\\/?p=6055#breadcrumb\"},\"inLanguage\":\"es\",\"potentialAction\":[{\"@type\":\"ReadAction\",\"target\":[\"https:\\\/\\\/catunescoforum.upv.es\\\/?p=6055\"]}]},{\"@type\":\"ImageObject\",\"inLanguage\":\"es\",\"@id\":\"https:\\\/\\\/catunescoforum.upv.es\\\/?p=6055#primaryimage\",\"url\":\"https:\\\/\\\/catunescoforum.upv.es\\\/wp-content\\\/uploads\\\/2021\\\/11\\\/Imagen3.png\",\"contentUrl\":\"https:\\\/\\\/catunescoforum.upv.es\\\/wp-content\\\/uploads\\\/2021\\\/11\\\/Imagen3.png\",\"width\":473,\"height\":267},{\"@type\":\"BreadcrumbList\",\"@id\":\"https:\\\/\\\/catunescoforum.upv.es\\\/?p=6055#breadcrumb\",\"itemListElement\":[{\"@type\":\"ListItem\",\"position\":1,\"name\":\"Home\",\"item\":\"https:\\\/\\\/catunescoforum.upv.es\\\/\"},{\"@type\":\"ListItem\",\"position\":2,\"name\":\"II JORNADAS DE APROXIMACI\u00d3N A LAS AMENAZAS AL PATRIMONIO CULTURAL\"}]},{\"@type\":\"WebSite\",\"@id\":\"https:\\\/\\\/catunescoforum.upv.es\\\/#website\",\"url\":\"https:\\\/\\\/catunescoforum.upv.es\\\/\",\"name\":\"C\u00e1tedra UNESCO Forum Universidad y Patrimonio Cultural\",\"description\":\"Una red universitaria internacional al cuidado del Patrimonio Cultural\",\"publisher\":{\"@id\":\"https:\\\/\\\/catunescoforum.upv.es\\\/#organization\"},\"potentialAction\":[{\"@type\":\"SearchAction\",\"target\":{\"@type\":\"EntryPoint\",\"urlTemplate\":\"https:\\\/\\\/catunescoforum.upv.es\\\/?s={search_term_string}\"},\"query-input\":{\"@type\":\"PropertyValueSpecification\",\"valueRequired\":true,\"valueName\":\"search_term_string\"}}],\"inLanguage\":\"es\"},{\"@type\":\"Organization\",\"@id\":\"https:\\\/\\\/catunescoforum.upv.es\\\/#organization\",\"name\":\"C\u00e1tedra UNESCO Forum Universidad y Patrimonio Cultura\",\"url\":\"https:\\\/\\\/catunescoforum.upv.es\\\/\",\"logo\":{\"@type\":\"ImageObject\",\"inLanguage\":\"es\",\"@id\":\"https:\\\/\\\/catunescoforum.upv.es\\\/#\\\/schema\\\/logo\\\/image\\\/\",\"url\":\"https:\\\/\\\/catunescoforum.upv.es\\\/wp-content\\\/uploads\\\/2025\\\/07\\\/cropped-Logo_catedra_2025_julio-scaled-1.png\",\"contentUrl\":\"https:\\\/\\\/catunescoforum.upv.es\\\/wp-content\\\/uploads\\\/2025\\\/07\\\/cropped-Logo_catedra_2025_julio-scaled-1.png\",\"width\":2560,\"height\":329,\"caption\":\"C\u00e1tedra UNESCO Forum Universidad y Patrimonio Cultura\"},\"image\":{\"@id\":\"https:\\\/\\\/catunescoforum.upv.es\\\/#\\\/schema\\\/logo\\\/image\\\/\"}},{\"@type\":\"Person\",\"@id\":\"https:\\\/\\\/catunescoforum.upv.es\\\/#\\\/schema\\\/person\\\/f74af8ee7ec879f68b9b5c77cef26a00\",\"name\":\"vvivanco\",\"image\":{\"@type\":\"ImageObject\",\"inLanguage\":\"es\",\"@id\":\"https:\\\/\\\/secure.gravatar.com\\\/avatar\\\/1a0d41a45ab05c8d1197bc2dc9b11b0aaeb5a8085703edb69c7274108009d29c?s=96&d=mm&r=g\",\"url\":\"https:\\\/\\\/secure.gravatar.com\\\/avatar\\\/1a0d41a45ab05c8d1197bc2dc9b11b0aaeb5a8085703edb69c7274108009d29c?s=96&d=mm&r=g\",\"contentUrl\":\"https:\\\/\\\/secure.gravatar.com\\\/avatar\\\/1a0d41a45ab05c8d1197bc2dc9b11b0aaeb5a8085703edb69c7274108009d29c?s=96&d=mm&r=g\",\"caption\":\"vvivanco\"},\"url\":\"https:\\\/\\\/catunescoforum.upv.es\\\/?author=11424\"}]}<\/script>\n<!-- \/ Yoast SEO plugin. -->","yoast_head_json":{"title":"II JORNADAS DE APROXIMACI\u00d3N A LAS AMENAZAS AL PATRIMONIO CULTURAL - C\u00e1tedra UNESCO Forum Universidad y Patrimonio Cultural","robots":{"index":"index","follow":"follow","max-snippet":"max-snippet:-1","max-image-preview":"max-image-preview:large","max-video-preview":"max-video-preview:-1"},"canonical":"https:\/\/catunescoforum.upv.es\/?p=6055","og_locale":"es_ES","og_type":"article","og_title":"II JORNADAS DE APROXIMACI\u00d3N A LAS AMENAZAS AL PATRIMONIO CULTURAL - C\u00e1tedra UNESCO Forum Universidad y Patrimonio Cultural","og_description":"En estas segundas Jornadas se presenta una serie de ejemplos y experiencias que, teniendo en cuenta lo local demuestra c\u00f3mo estamos ante una realidad global. Por ello, la elaboraci\u00f3n deRead More","og_url":"https:\/\/catunescoforum.upv.es\/?p=6055","og_site_name":"C\u00e1tedra UNESCO Forum Universidad y Patrimonio Cultural","article_published_time":"2021-11-05T09:37:50+00:00","article_modified_time":"2021-12-10T12:24:07+00:00","og_image":[{"width":473,"height":267,"url":"https:\/\/catunescoforum.upv.es\/wp-content\/uploads\/2021\/11\/Imagen3.png","type":"image\/png"}],"author":"vvivanco","twitter_card":"summary_large_image","twitter_misc":{"Escrito por":"vvivanco","Tiempo de lectura":"1 minuto"},"schema":{"@context":"https:\/\/schema.org","@graph":[{"@type":"Article","@id":"https:\/\/catunescoforum.upv.es\/?p=6055#article","isPartOf":{"@id":"https:\/\/catunescoforum.upv.es\/?p=6055"},"author":{"name":"vvivanco","@id":"https:\/\/catunescoforum.upv.es\/#\/schema\/person\/f74af8ee7ec879f68b9b5c77cef26a00"},"headline":"II JORNADAS DE APROXIMACI\u00d3N A LAS AMENAZAS AL PATRIMONIO CULTURAL","datePublished":"2021-11-05T09:37:50+00:00","dateModified":"2021-12-10T12:24:07+00:00","mainEntityOfPage":{"@id":"https:\/\/catunescoforum.upv.es\/?p=6055"},"wordCount":138,"publisher":{"@id":"https:\/\/catunescoforum.upv.es\/#organization"},"image":{"@id":"https:\/\/catunescoforum.upv.es\/?p=6055#primaryimage"},"thumbnailUrl":"https:\/\/catunescoforum.upv.es\/wp-content\/uploads\/2021\/11\/Imagen3.png","articleSection":["Noticias"],"inLanguage":"es"},{"@type":"WebPage","@id":"https:\/\/catunescoforum.upv.es\/?p=6055","url":"https:\/\/catunescoforum.upv.es\/?p=6055","name":"II JORNADAS DE APROXIMACI\u00d3N A LAS AMENAZAS AL PATRIMONIO CULTURAL - C\u00e1tedra UNESCO Forum Universidad y Patrimonio Cultural","isPartOf":{"@id":"https:\/\/catunescoforum.upv.es\/#website"},"primaryImageOfPage":{"@id":"https:\/\/catunescoforum.upv.es\/?p=6055#primaryimage"},"image":{"@id":"https:\/\/catunescoforum.upv.es\/?p=6055#primaryimage"},"thumbnailUrl":"https:\/\/catunescoforum.upv.es\/wp-content\/uploads\/2021\/11\/Imagen3.png","datePublished":"2021-11-05T09:37:50+00:00","dateModified":"2021-12-10T12:24:07+00:00","breadcrumb":{"@id":"https:\/\/catunescoforum.upv.es\/?p=6055#breadcrumb"},"inLanguage":"es","potentialAction":[{"@type":"ReadAction","target":["https:\/\/catunescoforum.upv.es\/?p=6055"]}]},{"@type":"ImageObject","inLanguage":"es","@id":"https:\/\/catunescoforum.upv.es\/?p=6055#primaryimage","url":"https:\/\/catunescoforum.upv.es\/wp-content\/uploads\/2021\/11\/Imagen3.png","contentUrl":"https:\/\/catunescoforum.upv.es\/wp-content\/uploads\/2021\/11\/Imagen3.png","width":473,"height":267},{"@type":"BreadcrumbList","@id":"https:\/\/catunescoforum.upv.es\/?p=6055#breadcrumb","itemListElement":[{"@type":"ListItem","position":1,"name":"Home","item":"https:\/\/catunescoforum.upv.es\/"},{"@type":"ListItem","position":2,"name":"II JORNADAS DE APROXIMACI\u00d3N A LAS AMENAZAS AL PATRIMONIO CULTURAL"}]},{"@type":"WebSite","@id":"https:\/\/catunescoforum.upv.es\/#website","url":"https:\/\/catunescoforum.upv.es\/","name":"C\u00e1tedra UNESCO Forum Universidad y Patrimonio Cultural","description":"Una red universitaria internacional al cuidado del Patrimonio Cultural","publisher":{"@id":"https:\/\/catunescoforum.upv.es\/#organization"},"potentialAction":[{"@type":"SearchAction","target":{"@type":"EntryPoint","urlTemplate":"https:\/\/catunescoforum.upv.es\/?s={search_term_string}"},"query-input":{"@type":"PropertyValueSpecification","valueRequired":true,"valueName":"search_term_string"}}],"inLanguage":"es"},{"@type":"Organization","@id":"https:\/\/catunescoforum.upv.es\/#organization","name":"C\u00e1tedra UNESCO Forum Universidad y Patrimonio Cultura","url":"https:\/\/catunescoforum.upv.es\/","logo":{"@type":"ImageObject","inLanguage":"es","@id":"https:\/\/catunescoforum.upv.es\/#\/schema\/logo\/image\/","url":"https:\/\/catunescoforum.upv.es\/wp-content\/uploads\/2025\/07\/cropped-Logo_catedra_2025_julio-scaled-1.png","contentUrl":"https:\/\/catunescoforum.upv.es\/wp-content\/uploads\/2025\/07\/cropped-Logo_catedra_2025_julio-scaled-1.png","width":2560,"height":329,"caption":"C\u00e1tedra UNESCO Forum Universidad y Patrimonio Cultura"},"image":{"@id":"https:\/\/catunescoforum.upv.es\/#\/schema\/logo\/image\/"}},{"@type":"Person","@id":"https:\/\/catunescoforum.upv.es\/#\/schema\/person\/f74af8ee7ec879f68b9b5c77cef26a00","name":"vvivanco","image":{"@type":"ImageObject","inLanguage":"es","@id":"https:\/\/secure.gravatar.com\/avatar\/1a0d41a45ab05c8d1197bc2dc9b11b0aaeb5a8085703edb69c7274108009d29c?s=96&d=mm&r=g","url":"https:\/\/secure.gravatar.com\/avatar\/1a0d41a45ab05c8d1197bc2dc9b11b0aaeb5a8085703edb69c7274108009d29c?s=96&d=mm&r=g","contentUrl":"https:\/\/secure.gravatar.com\/avatar\/1a0d41a45ab05c8d1197bc2dc9b11b0aaeb5a8085703edb69c7274108009d29c?s=96&d=mm&r=g","caption":"vvivanco"},"url":"https:\/\/catunescoforum.upv.es\/?author=11424"}]}},"_links":{"self":[{"href":"https:\/\/catunescoforum.upv.es\/index.php?rest_route=\/wp\/v2\/posts\/6055","targetHints":{"allow":["GET"]}}],"collection":[{"href":"https:\/\/catunescoforum.upv.es\/index.php?rest_route=\/wp\/v2\/posts"}],"about":[{"href":"https:\/\/catunescoforum.upv.es\/index.php?rest_route=\/wp\/v2\/types\/post"}],"author":[{"embeddable":true,"href":"https:\/\/catunescoforum.upv.es\/index.php?rest_route=\/wp\/v2\/users\/11424"}],"replies":[{"embeddable":true,"href":"https:\/\/catunescoforum.upv.es\/index.php?rest_route=%2Fwp%2Fv2%2Fcomments&post=6055"}],"version-history":[{"count":2,"href":"https:\/\/catunescoforum.upv.es\/index.php?rest_route=\/wp\/v2\/posts\/6055\/revisions"}],"predecessor-version":[{"id":6190,"href":"https:\/\/catunescoforum.upv.es\/index.php?rest_route=\/wp\/v2\/posts\/6055\/revisions\/6190"}],"wp:featuredmedia":[{"embeddable":true,"href":"https:\/\/catunescoforum.upv.es\/index.php?rest_route=\/wp\/v2\/media\/6059"}],"wp:attachment":[{"href":"https:\/\/catunescoforum.upv.es\/index.php?rest_route=%2Fwp%2Fv2%2Fmedia&parent=6055"}],"wp:term":[{"taxonomy":"category","embeddable":true,"href":"https:\/\/catunescoforum.upv.es\/index.php?rest_route=%2Fwp%2Fv2%2Fcategories&post=6055"},{"taxonomy":"post_tag","embeddable":true,"href":"https:\/\/catunescoforum.upv.es\/index.php?rest_route=%2Fwp%2Fv2%2Ftags&post=6055"}],"curies":[{"name":"wp","href":"https:\/\/api.w.org\/{rel}","templated":true}]}}