{"id":6168,"date":"2021-12-10T10:45:29","date_gmt":"2021-12-10T10:45:29","guid":{"rendered":"https:\/\/catunescoforum.upv.es\/?p=6168"},"modified":"2021-12-10T13:04:06","modified_gmt":"2021-12-10T13:04:06","slug":"xx-international-forum-world-heritage-and-ecological-transition","status":"publish","type":"post","link":"https:\/\/catunescoforum.upv.es\/?p=6168","title":{"rendered":"XX FORO INTERNACIONAL  DEL PATRIMONIO MUNDIAL Y TRANSICI\u00d3N ECOL\u00d3GICA"},"content":{"rendered":"<!-- wp:paragraph -->\n<p><\/p>\n<!-- \/wp:paragraph -->\n\n<!-- wp:image {\"align\":\"center\",\"id\":6197,\"sizeSlug\":\"full\",\"linkDestination\":\"none\",\"className\":\"is-style-default\"} -->\n<div class=\"wp-block-image is-style-default\"><figure class=\"aligncenter size-full\"><img loading=\"lazy\" decoding=\"async\" width=\"518\" height=\"269\" src=\"https:\/\/catunescoforum.blogs.upv.es\/wp-content\/uploads\/2021\/12\/Imagen2.png\" alt=\"\" class=\"wp-image-6197\" \/><\/figure><\/div>\n<!-- \/wp:image -->\n\n<!-- wp:paragraph {\"dropCap\":true} -->\n<p class=\"has-drop-cap\">Nos complace anunciar la convocatoria de res\u00famenes del XX Foro Internacional 'Le Vie dei Mercanti', 'PATRIMONIO MUNDIAL y TRANSICI\u00d3N ECOL\u00d3GICA que se celebrar\u00e1 en N\u00e1poles y Capri (Italia) del 16 al 18 de junio de 2022. Invitamos a la presentaci\u00f3n de res\u00famenes para consideraci\u00f3n (revisi\u00f3n por pares doble ciego) para presentaci\u00f3n oral o art\u00edculo que se publicar\u00e1 en las actas, de relevancia internacional (Gangemi Editor International Publishing). La fecha l\u00edmite para el env\u00edo de res\u00famenes es el 24 de enero de 2022.<\/p>\n<!-- \/wp:paragraph -->\n\n<!-- wp:paragraph {\"align\":\"center\",\"style\":{\"color\":{\"background\":\"#b0dbd7\"}},\"textColor\":\"vivid-red\",\"fontSize\":\"medium\"} -->\n<p class=\"has-text-align-center has-vivid-red-color has-text-color has-background has-medium-font-size\" style=\"background-color:#b0dbd7\"><strong>XX INTERNATIONAL FORUM WORLD HERITAGE AND ECOLOGICAL TRANSITION<\/strong><\/p>\n<!-- \/wp:paragraph -->\n\n<!-- wp:paragraph -->\n<p><\/p>\n<!-- \/wp:paragraph -->\n\n<!-- wp:paragraph -->\n<p><\/p>\n<!-- \/wp:paragraph -->\n\n<!-- wp:paragraph {\"dropCap\":true,\"textColor\":\"vivid-red\"} -->\n<p class=\"has-drop-cap has-vivid-red-color has-text-color\"> We are pleased to announce the call for abstract of the XX International Forum \u2018Le Vie dei&nbsp; Mercanti\u2019, \u2018WORLD HERITAGE and ECOLOGICAL TRANSITION to be held in Naples and&nbsp; Capri (Italy) from 16&nbsp;to 18 June 2022:&nbsp;<a href=\"http:\/\/www.leviedeimercanti.it\/\">www.leviedeimercanti.it<\/a><\/p>\n<!-- \/wp:paragraph -->\n\n<!-- wp:paragraph {\"textColor\":\"vivid-red\"} -->\n<p class=\"has-vivid-red-color has-text-color\">We invite the submission of abstracts for consideration (double blind peer review) for oral presentation or paper to be published in the proceedings, of international relevance (Gangemi Editor International Publishing).<\/p>\n<!-- \/wp:paragraph -->\n\n<!-- wp:paragraph {\"textColor\":\"vivid-red\"} -->\n<p class=\"has-vivid-red-color has-text-color\"><strong>The deadline for submission of abstracts is&nbsp; 24 January&nbsp;2022.<\/strong><\/p>\n<!-- \/wp:paragraph -->\n\n<!-- wp:paragraph {\"textColor\":\"vivid-red\"} -->\n<p class=\"has-vivid-red-color has-text-color\"><strong>From the XIX FORUM WORLD HERITAGE and DESIGN for HEALTH<\/strong><\/p>\n<!-- \/wp:paragraph -->\n\n<!-- wp:paragraph {\"textColor\":\"vivid-red\"} -->\n<p class=\"has-vivid-red-color has-text-color\"><strong>to the XX FORUM WORLD HERITAGE and ECOLOGICAL TRANSITION<\/strong><\/p>\n<!-- \/wp:paragraph -->\n\n<!-- wp:paragraph {\"textColor\":\"vivid-red\"} -->\n<p class=\"has-vivid-red-color has-text-color\">B<strong>y Carmine Gambardella<\/strong>:<\/p>\n<!-- \/wp:paragraph -->\n\n<!-- wp:paragraph {\"textColor\":\"vivid-red\"} -->\n<p class=\"has-vivid-red-color has-text-color\">In 2022 the Capri International Forum \u2018Le Vie dei Mercanti\u2019 will reach its 20th edition.<\/p>\n<!-- \/wp:paragraph -->\n\n<!-- wp:paragraph {\"textColor\":\"vivid-red\"} -->\n<p class=\"has-vivid-red-color has-text-color\">A Story of love for the Earth and its Inhabitants, Landscapes, Architecture, Cultural and Archaeological Heritage told by over 7000 Scholars and Academics from all over the World in an interdisciplinary way, by integrating skills, experiences, good practices in order to train talented people who care about the destiny of our Planet.<\/p>\n<!-- \/wp:paragraph -->\n\n<!-- wp:paragraph {\"textColor\":\"vivid-red\"} -->\n<p class=\"has-vivid-red-color has-text-color\">If the Future is an Eternal Present, the renewal of the Forum in these twenty years has produced a wealth of knowledge to guide those who govern and administer the Public Good, and citizens in their daily activities. A future that must be prepared in this era, that cannot ignore the ongoing climate change and that should not catch future generations unprepared.<\/p>\n<!-- \/wp:paragraph -->\n\n<!-- wp:paragraph {\"textColor\":\"vivid-red\"} -->\n<p class=\"has-vivid-red-color has-text-color\">A Present that transmits to the future the values that Humanity has passed on to us and that must be protected and transmitted as regenerative sources of Humanity itself.<\/p>\n<!-- \/wp:paragraph -->\n\n<!-- wp:paragraph {\"textColor\":\"vivid-red\"} -->\n<p class=\"has-vivid-red-color has-text-color\">Not coincidentally, the First International Forum assigned the topic \u2018From Luca Pacioli to the Ecogeometry of the Territory\u2019 to the participants.<\/p>\n<!-- \/wp:paragraph -->\n\n<!-- wp:paragraph {\"textColor\":\"vivid-red\"} -->\n<p class=\"has-vivid-red-color has-text-color\">An invitation to submit scientific contributions and good practices based on double-entry, legitimized by the measurement of tangible and intangible assets, in order to integrate knowledge and state it like entries in an income statement.<\/p>\n<!-- \/wp:paragraph -->\n\n<!-- wp:paragraph {\"textColor\":\"vivid-red\"} -->\n<p class=\"has-vivid-red-color has-text-color\">Therefore, if&nbsp; Luca Pacioli, tutor of the Rompiasi Venetian merchants family, suggested the method to legitimize the results of the activities undertaken, that is, through the measurement he indicated the survey activity as managing a heritage, which as such must not only be geometrically definable but must be also discretized into batches, noted in its multidimensionality, in order to produce a result whose added value can always be quantified and is given by the difference between the value of the asset, as we have received it, and the value reached for the activity of knowledge and management of the potentialities which are identified and stated as in an income statement; Eco-geometry, intended as a technological echo of reality, feasible through the use of digital and artificial intelligence to create forecasting scenarios, a model in which it is possible to measure all the components and relationships between the parts and to restore the matter, no longer as an instrumental covering to be described only in the geometric matrices generating the forms.<\/p>\n<!-- \/wp:paragraph -->\n\n<!-- wp:paragraph {\"textColor\":\"vivid-red\"} -->\n<p class=\"has-vivid-red-color has-text-color\">Once again Leonardo point us the way, conceptually anticipating the transition from analogue to digital and to the management of big data: \u201cio v\u00f2 pigliare quella licenza ch\u2019\u00e8 comune ai matematici, cio\u00e8 siccome loro, dividono il tempo a gradi e di quantit\u00e0 continua la fanno disscontinua, ancora io far\u00f2 il simile, dando col miglio o renella nella comparazione all\u2019acqua\u201d (Codice Atlantico, f. 126, t.a.).<\/p>\n<!-- \/wp:paragraph -->\n\n<!-- wp:paragraph {\"textColor\":\"vivid-red\"} -->\n<p class=\"has-vivid-red-color has-text-color\">Through the topic of the next XX Forum World Heritage and Ecological Transition, I want to provide some interesting food for thought, to identify a lived place, a life environment, as an integral of forms of organization of the elements that surround us, examined through the prism of a civilization; we will deal with an innovative project of measurement and representation of the natural and built environment that is no longer an expression of the relationships between society and the natural environment but a construction of the relationships between the future as an eternal present and the legacy of the past as an economic value.&nbsp;&nbsp;&nbsp;&nbsp;&nbsp;&nbsp;&nbsp;&nbsp;&nbsp;&nbsp;&nbsp;&nbsp;&nbsp;&nbsp;&nbsp;&nbsp;&nbsp;&nbsp;&nbsp;&nbsp;&nbsp;&nbsp;&nbsp;&nbsp;&nbsp;&nbsp;&nbsp;&nbsp;&nbsp;&nbsp;&nbsp;&nbsp;&nbsp;&nbsp;&nbsp;&nbsp;&nbsp;&nbsp;&nbsp;&nbsp;&nbsp;&nbsp;&nbsp;&nbsp;&nbsp;&nbsp; &nbsp;&nbsp;&nbsp;&nbsp;&nbsp;&nbsp;&nbsp;&nbsp;&nbsp;&nbsp;&nbsp;&nbsp;&nbsp;&nbsp;&nbsp;&nbsp;&nbsp;&nbsp;&nbsp;&nbsp;&nbsp;&nbsp;&nbsp;&nbsp;&nbsp;&nbsp;&nbsp;&nbsp;&nbsp;&nbsp;&nbsp;&nbsp;&nbsp;&nbsp;&nbsp;&nbsp;&nbsp;&nbsp;&nbsp;&nbsp;&nbsp;<\/p>\n<!-- \/wp:paragraph -->\n\n<!-- wp:paragraph {\"textColor\":\"vivid-red\"} -->\n<p class=\"has-vivid-red-color has-text-color\">A vital commitment that binds people to the environment; an educational revolution that match skills to the new way of managing what is learned and measured; the ecological transition with the use of technological innovation shall have the aim of entering the body of the territory, of the buildings and of the objects, it analyzes all its components through a multi-criteria analysis in order to establish a rating which in itinere defines the added of the results.<\/p>\n<!-- \/wp:paragraph -->\n\n<!-- wp:paragraph {\"textColor\":\"vivid-red\"} -->\n<p class=\"has-vivid-red-color has-text-color\">Just as the rulers and merchants in the mid-15th&nbsp; century, on the margins of international trade, in an economy contracted for mercantile life, combined research and training in new paths, taking refuge in agricultural operations, in favour of the reclamation of uncultivated lands in relation to the search for energy and its distribution and established the reasons of the earth compared to those of the sea in a perspective of systemic response.<\/p>\n<!-- \/wp:paragraph -->","protected":false},"excerpt":{"rendered":"<p>Nos complace anunciar la convocatoria de res\u00famenes del XX Foro Internacional &#8216;Le Vie dei Mercanti&#8217;, &#8216;PATRIMONIO MUNDIAL y TRANSICI\u00d3N ECOL\u00d3GICA que se celebrar\u00e1 en N\u00e1poles y Capri (Italia) del 16<\/p>\n<p class=\"more-link\"><a href=\"https:\/\/catunescoforum.upv.es\/?p=6168\" class=\"themebutton2\">Read More<\/a><\/p>\n","protected":false},"author":11424,"featured_media":6197,"comment_status":"closed","ping_status":"closed","sticky":false,"template":"","format":"standard","meta":{"_monsterinsights_skip_tracking":false,"_monsterinsights_sitenote_active":false,"_monsterinsights_sitenote_note":"","_monsterinsights_sitenote_category":0,"footnotes":""},"categories":[10],"tags":[154,156],"class_list":["post-6168","post","type-post","status-publish","format-standard","has-post-thumbnail","hentry","category-news","tag-congreso","tag-le-vie-dei-mercanti"],"yoast_head":"<!-- This site is optimized with the Yoast SEO plugin v27.4 - https:\/\/yoast.com\/product\/yoast-seo-wordpress\/ -->\n<title>XX FORO INTERNACIONAL DEL PATRIMONIO MUNDIAL Y TRANSICI\u00d3N ECOL\u00d3GICA - C\u00e1tedra UNESCO Forum Universidad y Patrimonio Cultural<\/title>\n<meta name=\"robots\" content=\"index, follow, max-snippet:-1, max-image-preview:large, max-video-preview:-1\" \/>\n<link rel=\"canonical\" href=\"https:\/\/catunescoforum.upv.es\/?p=6168\" \/>\n<meta property=\"og:locale\" content=\"es_ES\" \/>\n<meta property=\"og:type\" content=\"article\" \/>\n<meta property=\"og:title\" content=\"XX FORO INTERNACIONAL DEL PATRIMONIO MUNDIAL Y TRANSICI\u00d3N ECOL\u00d3GICA - C\u00e1tedra UNESCO Forum Universidad y Patrimonio Cultural\" \/>\n<meta property=\"og:description\" content=\"Nos complace anunciar la convocatoria de res\u00famenes del XX Foro Internacional &#039;Le Vie dei Mercanti&#039;, &#039;PATRIMONIO MUNDIAL y TRANSICI\u00d3N ECOL\u00d3GICA que se celebrar\u00e1 en N\u00e1poles y Capri (Italia) del 16Read More\" \/>\n<meta property=\"og:url\" content=\"https:\/\/catunescoforum.upv.es\/?p=6168\" \/>\n<meta property=\"og:site_name\" content=\"C\u00e1tedra UNESCO Forum Universidad y Patrimonio Cultural\" \/>\n<meta property=\"article:published_time\" content=\"2021-12-10T10:45:29+00:00\" \/>\n<meta property=\"article:modified_time\" content=\"2021-12-10T13:04:06+00:00\" \/>\n<meta property=\"og:image\" content=\"https:\/\/catunescoforum.upv.es\/wp-content\/uploads\/2021\/12\/Imagen2.png\" \/>\n\t<meta property=\"og:image:width\" content=\"518\" \/>\n\t<meta property=\"og:image:height\" content=\"269\" \/>\n\t<meta property=\"og:image:type\" content=\"image\/png\" \/>\n<meta name=\"author\" content=\"vvivanco\" \/>\n<meta name=\"twitter:card\" content=\"summary_large_image\" \/>\n<meta name=\"twitter:label1\" content=\"Escrito por\" \/>\n\t<meta name=\"twitter:data1\" content=\"vvivanco\" \/>\n\t<meta name=\"twitter:label2\" content=\"Tiempo de lectura\" \/>\n\t<meta name=\"twitter:data2\" content=\"5 minutos\" \/>\n<script type=\"application\/ld+json\" class=\"yoast-schema-graph\">{\"@context\":\"https:\\\/\\\/schema.org\",\"@graph\":[{\"@type\":\"Article\",\"@id\":\"https:\\\/\\\/catunescoforum.upv.es\\\/?p=6168#article\",\"isPartOf\":{\"@id\":\"https:\\\/\\\/catunescoforum.upv.es\\\/?p=6168\"},\"author\":{\"name\":\"vvivanco\",\"@id\":\"https:\\\/\\\/catunescoforum.upv.es\\\/#\\\/schema\\\/person\\\/f74af8ee7ec879f68b9b5c77cef26a00\"},\"headline\":\"XX FORO INTERNACIONAL DEL PATRIMONIO MUNDIAL Y TRANSICI\u00d3N ECOL\u00d3GICA\",\"datePublished\":\"2021-12-10T10:45:29+00:00\",\"dateModified\":\"2021-12-10T13:04:06+00:00\",\"mainEntityOfPage\":{\"@id\":\"https:\\\/\\\/catunescoforum.upv.es\\\/?p=6168\"},\"wordCount\":1003,\"publisher\":{\"@id\":\"https:\\\/\\\/catunescoforum.upv.es\\\/#organization\"},\"image\":{\"@id\":\"https:\\\/\\\/catunescoforum.upv.es\\\/?p=6168#primaryimage\"},\"thumbnailUrl\":\"https:\\\/\\\/catunescoforum.upv.es\\\/wp-content\\\/uploads\\\/2021\\\/12\\\/Imagen2.png\",\"keywords\":[\"CONGRESO\",\"le vie dei mercanti\"],\"articleSection\":[\"Noticias\"],\"inLanguage\":\"es\"},{\"@type\":\"WebPage\",\"@id\":\"https:\\\/\\\/catunescoforum.upv.es\\\/?p=6168\",\"url\":\"https:\\\/\\\/catunescoforum.upv.es\\\/?p=6168\",\"name\":\"XX FORO INTERNACIONAL DEL PATRIMONIO MUNDIAL Y TRANSICI\u00d3N ECOL\u00d3GICA - C\u00e1tedra UNESCO Forum Universidad y Patrimonio Cultural\",\"isPartOf\":{\"@id\":\"https:\\\/\\\/catunescoforum.upv.es\\\/#website\"},\"primaryImageOfPage\":{\"@id\":\"https:\\\/\\\/catunescoforum.upv.es\\\/?p=6168#primaryimage\"},\"image\":{\"@id\":\"https:\\\/\\\/catunescoforum.upv.es\\\/?p=6168#primaryimage\"},\"thumbnailUrl\":\"https:\\\/\\\/catunescoforum.upv.es\\\/wp-content\\\/uploads\\\/2021\\\/12\\\/Imagen2.png\",\"datePublished\":\"2021-12-10T10:45:29+00:00\",\"dateModified\":\"2021-12-10T13:04:06+00:00\",\"breadcrumb\":{\"@id\":\"https:\\\/\\\/catunescoforum.upv.es\\\/?p=6168#breadcrumb\"},\"inLanguage\":\"es\",\"potentialAction\":[{\"@type\":\"ReadAction\",\"target\":[\"https:\\\/\\\/catunescoforum.upv.es\\\/?p=6168\"]}]},{\"@type\":\"ImageObject\",\"inLanguage\":\"es\",\"@id\":\"https:\\\/\\\/catunescoforum.upv.es\\\/?p=6168#primaryimage\",\"url\":\"https:\\\/\\\/catunescoforum.upv.es\\\/wp-content\\\/uploads\\\/2021\\\/12\\\/Imagen2.png\",\"contentUrl\":\"https:\\\/\\\/catunescoforum.upv.es\\\/wp-content\\\/uploads\\\/2021\\\/12\\\/Imagen2.png\",\"width\":518,\"height\":269},{\"@type\":\"BreadcrumbList\",\"@id\":\"https:\\\/\\\/catunescoforum.upv.es\\\/?p=6168#breadcrumb\",\"itemListElement\":[{\"@type\":\"ListItem\",\"position\":1,\"name\":\"Home\",\"item\":\"https:\\\/\\\/catunescoforum.upv.es\\\/\"},{\"@type\":\"ListItem\",\"position\":2,\"name\":\"XX FORO INTERNACIONAL DEL PATRIMONIO MUNDIAL Y TRANSICI\u00d3N ECOL\u00d3GICA\"}]},{\"@type\":\"WebSite\",\"@id\":\"https:\\\/\\\/catunescoforum.upv.es\\\/#website\",\"url\":\"https:\\\/\\\/catunescoforum.upv.es\\\/\",\"name\":\"C\u00e1tedra UNESCO Forum Universidad y Patrimonio Cultural\",\"description\":\"Una red universitaria internacional al cuidado del Patrimonio Cultural\",\"publisher\":{\"@id\":\"https:\\\/\\\/catunescoforum.upv.es\\\/#organization\"},\"potentialAction\":[{\"@type\":\"SearchAction\",\"target\":{\"@type\":\"EntryPoint\",\"urlTemplate\":\"https:\\\/\\\/catunescoforum.upv.es\\\/?s={search_term_string}\"},\"query-input\":{\"@type\":\"PropertyValueSpecification\",\"valueRequired\":true,\"valueName\":\"search_term_string\"}}],\"inLanguage\":\"es\"},{\"@type\":\"Organization\",\"@id\":\"https:\\\/\\\/catunescoforum.upv.es\\\/#organization\",\"name\":\"C\u00e1tedra UNESCO Forum Universidad y Patrimonio Cultura\",\"url\":\"https:\\\/\\\/catunescoforum.upv.es\\\/\",\"logo\":{\"@type\":\"ImageObject\",\"inLanguage\":\"es\",\"@id\":\"https:\\\/\\\/catunescoforum.upv.es\\\/#\\\/schema\\\/logo\\\/image\\\/\",\"url\":\"https:\\\/\\\/catunescoforum.upv.es\\\/wp-content\\\/uploads\\\/2025\\\/07\\\/cropped-Logo_catedra_2025_julio-scaled-1.png\",\"contentUrl\":\"https:\\\/\\\/catunescoforum.upv.es\\\/wp-content\\\/uploads\\\/2025\\\/07\\\/cropped-Logo_catedra_2025_julio-scaled-1.png\",\"width\":2560,\"height\":329,\"caption\":\"C\u00e1tedra UNESCO Forum Universidad y Patrimonio Cultura\"},\"image\":{\"@id\":\"https:\\\/\\\/catunescoforum.upv.es\\\/#\\\/schema\\\/logo\\\/image\\\/\"}},{\"@type\":\"Person\",\"@id\":\"https:\\\/\\\/catunescoforum.upv.es\\\/#\\\/schema\\\/person\\\/f74af8ee7ec879f68b9b5c77cef26a00\",\"name\":\"vvivanco\",\"image\":{\"@type\":\"ImageObject\",\"inLanguage\":\"es\",\"@id\":\"https:\\\/\\\/secure.gravatar.com\\\/avatar\\\/1a0d41a45ab05c8d1197bc2dc9b11b0aaeb5a8085703edb69c7274108009d29c?s=96&d=mm&r=g\",\"url\":\"https:\\\/\\\/secure.gravatar.com\\\/avatar\\\/1a0d41a45ab05c8d1197bc2dc9b11b0aaeb5a8085703edb69c7274108009d29c?s=96&d=mm&r=g\",\"contentUrl\":\"https:\\\/\\\/secure.gravatar.com\\\/avatar\\\/1a0d41a45ab05c8d1197bc2dc9b11b0aaeb5a8085703edb69c7274108009d29c?s=96&d=mm&r=g\",\"caption\":\"vvivanco\"},\"url\":\"https:\\\/\\\/catunescoforum.upv.es\\\/?author=11424\"}]}<\/script>\n<!-- \/ Yoast SEO plugin. -->","yoast_head_json":{"title":"XX FORO INTERNACIONAL DEL PATRIMONIO MUNDIAL Y TRANSICI\u00d3N ECOL\u00d3GICA - C\u00e1tedra UNESCO Forum Universidad y Patrimonio Cultural","robots":{"index":"index","follow":"follow","max-snippet":"max-snippet:-1","max-image-preview":"max-image-preview:large","max-video-preview":"max-video-preview:-1"},"canonical":"https:\/\/catunescoforum.upv.es\/?p=6168","og_locale":"es_ES","og_type":"article","og_title":"XX FORO INTERNACIONAL DEL PATRIMONIO MUNDIAL Y TRANSICI\u00d3N ECOL\u00d3GICA - C\u00e1tedra UNESCO Forum Universidad y Patrimonio Cultural","og_description":"Nos complace anunciar la convocatoria de res\u00famenes del XX Foro Internacional 'Le Vie dei Mercanti', 'PATRIMONIO MUNDIAL y TRANSICI\u00d3N ECOL\u00d3GICA que se celebrar\u00e1 en N\u00e1poles y Capri (Italia) del 16Read More","og_url":"https:\/\/catunescoforum.upv.es\/?p=6168","og_site_name":"C\u00e1tedra UNESCO Forum Universidad y Patrimonio Cultural","article_published_time":"2021-12-10T10:45:29+00:00","article_modified_time":"2021-12-10T13:04:06+00:00","og_image":[{"width":518,"height":269,"url":"https:\/\/catunescoforum.upv.es\/wp-content\/uploads\/2021\/12\/Imagen2.png","type":"image\/png"}],"author":"vvivanco","twitter_card":"summary_large_image","twitter_misc":{"Escrito por":"vvivanco","Tiempo de lectura":"5 minutos"},"schema":{"@context":"https:\/\/schema.org","@graph":[{"@type":"Article","@id":"https:\/\/catunescoforum.upv.es\/?p=6168#article","isPartOf":{"@id":"https:\/\/catunescoforum.upv.es\/?p=6168"},"author":{"name":"vvivanco","@id":"https:\/\/catunescoforum.upv.es\/#\/schema\/person\/f74af8ee7ec879f68b9b5c77cef26a00"},"headline":"XX FORO INTERNACIONAL DEL PATRIMONIO MUNDIAL Y TRANSICI\u00d3N ECOL\u00d3GICA","datePublished":"2021-12-10T10:45:29+00:00","dateModified":"2021-12-10T13:04:06+00:00","mainEntityOfPage":{"@id":"https:\/\/catunescoforum.upv.es\/?p=6168"},"wordCount":1003,"publisher":{"@id":"https:\/\/catunescoforum.upv.es\/#organization"},"image":{"@id":"https:\/\/catunescoforum.upv.es\/?p=6168#primaryimage"},"thumbnailUrl":"https:\/\/catunescoforum.upv.es\/wp-content\/uploads\/2021\/12\/Imagen2.png","keywords":["CONGRESO","le vie dei mercanti"],"articleSection":["Noticias"],"inLanguage":"es"},{"@type":"WebPage","@id":"https:\/\/catunescoforum.upv.es\/?p=6168","url":"https:\/\/catunescoforum.upv.es\/?p=6168","name":"XX FORO INTERNACIONAL DEL PATRIMONIO MUNDIAL Y TRANSICI\u00d3N ECOL\u00d3GICA - C\u00e1tedra UNESCO Forum Universidad y Patrimonio Cultural","isPartOf":{"@id":"https:\/\/catunescoforum.upv.es\/#website"},"primaryImageOfPage":{"@id":"https:\/\/catunescoforum.upv.es\/?p=6168#primaryimage"},"image":{"@id":"https:\/\/catunescoforum.upv.es\/?p=6168#primaryimage"},"thumbnailUrl":"https:\/\/catunescoforum.upv.es\/wp-content\/uploads\/2021\/12\/Imagen2.png","datePublished":"2021-12-10T10:45:29+00:00","dateModified":"2021-12-10T13:04:06+00:00","breadcrumb":{"@id":"https:\/\/catunescoforum.upv.es\/?p=6168#breadcrumb"},"inLanguage":"es","potentialAction":[{"@type":"ReadAction","target":["https:\/\/catunescoforum.upv.es\/?p=6168"]}]},{"@type":"ImageObject","inLanguage":"es","@id":"https:\/\/catunescoforum.upv.es\/?p=6168#primaryimage","url":"https:\/\/catunescoforum.upv.es\/wp-content\/uploads\/2021\/12\/Imagen2.png","contentUrl":"https:\/\/catunescoforum.upv.es\/wp-content\/uploads\/2021\/12\/Imagen2.png","width":518,"height":269},{"@type":"BreadcrumbList","@id":"https:\/\/catunescoforum.upv.es\/?p=6168#breadcrumb","itemListElement":[{"@type":"ListItem","position":1,"name":"Home","item":"https:\/\/catunescoforum.upv.es\/"},{"@type":"ListItem","position":2,"name":"XX FORO INTERNACIONAL DEL PATRIMONIO MUNDIAL Y TRANSICI\u00d3N ECOL\u00d3GICA"}]},{"@type":"WebSite","@id":"https:\/\/catunescoforum.upv.es\/#website","url":"https:\/\/catunescoforum.upv.es\/","name":"C\u00e1tedra UNESCO Forum Universidad y Patrimonio Cultural","description":"Una red universitaria internacional al cuidado del Patrimonio Cultural","publisher":{"@id":"https:\/\/catunescoforum.upv.es\/#organization"},"potentialAction":[{"@type":"SearchAction","target":{"@type":"EntryPoint","urlTemplate":"https:\/\/catunescoforum.upv.es\/?s={search_term_string}"},"query-input":{"@type":"PropertyValueSpecification","valueRequired":true,"valueName":"search_term_string"}}],"inLanguage":"es"},{"@type":"Organization","@id":"https:\/\/catunescoforum.upv.es\/#organization","name":"C\u00e1tedra UNESCO Forum Universidad y Patrimonio Cultura","url":"https:\/\/catunescoforum.upv.es\/","logo":{"@type":"ImageObject","inLanguage":"es","@id":"https:\/\/catunescoforum.upv.es\/#\/schema\/logo\/image\/","url":"https:\/\/catunescoforum.upv.es\/wp-content\/uploads\/2025\/07\/cropped-Logo_catedra_2025_julio-scaled-1.png","contentUrl":"https:\/\/catunescoforum.upv.es\/wp-content\/uploads\/2025\/07\/cropped-Logo_catedra_2025_julio-scaled-1.png","width":2560,"height":329,"caption":"C\u00e1tedra UNESCO Forum Universidad y Patrimonio Cultura"},"image":{"@id":"https:\/\/catunescoforum.upv.es\/#\/schema\/logo\/image\/"}},{"@type":"Person","@id":"https:\/\/catunescoforum.upv.es\/#\/schema\/person\/f74af8ee7ec879f68b9b5c77cef26a00","name":"vvivanco","image":{"@type":"ImageObject","inLanguage":"es","@id":"https:\/\/secure.gravatar.com\/avatar\/1a0d41a45ab05c8d1197bc2dc9b11b0aaeb5a8085703edb69c7274108009d29c?s=96&d=mm&r=g","url":"https:\/\/secure.gravatar.com\/avatar\/1a0d41a45ab05c8d1197bc2dc9b11b0aaeb5a8085703edb69c7274108009d29c?s=96&d=mm&r=g","contentUrl":"https:\/\/secure.gravatar.com\/avatar\/1a0d41a45ab05c8d1197bc2dc9b11b0aaeb5a8085703edb69c7274108009d29c?s=96&d=mm&r=g","caption":"vvivanco"},"url":"https:\/\/catunescoforum.upv.es\/?author=11424"}]}},"_links":{"self":[{"href":"https:\/\/catunescoforum.upv.es\/index.php?rest_route=\/wp\/v2\/posts\/6168","targetHints":{"allow":["GET"]}}],"collection":[{"href":"https:\/\/catunescoforum.upv.es\/index.php?rest_route=\/wp\/v2\/posts"}],"about":[{"href":"https:\/\/catunescoforum.upv.es\/index.php?rest_route=\/wp\/v2\/types\/post"}],"author":[{"embeddable":true,"href":"https:\/\/catunescoforum.upv.es\/index.php?rest_route=\/wp\/v2\/users\/11424"}],"replies":[{"embeddable":true,"href":"https:\/\/catunescoforum.upv.es\/index.php?rest_route=%2Fwp%2Fv2%2Fcomments&post=6168"}],"version-history":[{"count":2,"href":"https:\/\/catunescoforum.upv.es\/index.php?rest_route=\/wp\/v2\/posts\/6168\/revisions"}],"predecessor-version":[{"id":6199,"href":"https:\/\/catunescoforum.upv.es\/index.php?rest_route=\/wp\/v2\/posts\/6168\/revisions\/6199"}],"wp:featuredmedia":[{"embeddable":true,"href":"https:\/\/catunescoforum.upv.es\/index.php?rest_route=\/wp\/v2\/media\/6197"}],"wp:attachment":[{"href":"https:\/\/catunescoforum.upv.es\/index.php?rest_route=%2Fwp%2Fv2%2Fmedia&parent=6168"}],"wp:term":[{"taxonomy":"category","embeddable":true,"href":"https:\/\/catunescoforum.upv.es\/index.php?rest_route=%2Fwp%2Fv2%2Fcategories&post=6168"},{"taxonomy":"post_tag","embeddable":true,"href":"https:\/\/catunescoforum.upv.es\/index.php?rest_route=%2Fwp%2Fv2%2Ftags&post=6168"}],"curies":[{"name":"wp","href":"https:\/\/api.w.org\/{rel}","templated":true}]}}