{"id":6728,"date":"2022-07-29T12:12:23","date_gmt":"2022-07-29T12:12:23","guid":{"rendered":"https:\/\/catunescoforum.upv.es\/?p=6728"},"modified":"2022-07-29T12:16:27","modified_gmt":"2022-07-29T12:16:27","slug":"nuevo-manual-con-motivo-del-50o-aniversario-de-la-convencion-de-patrimonio-cultural","status":"publish","type":"post","link":"https:\/\/catunescoforum.upv.es\/?p=6728","title":{"rendered":"NUEVO MANUAL CON MOTIVO DEL 50\u00ba ANIVERSARIO DE LA CONVENCI\u00d3N DE PATRIMONIO CULTURAL"},"content":{"rendered":"<!-- wp:image {\"id\":6729,\"width\":325,\"height\":459,\"sizeSlug\":\"full\",\"linkDestination\":\"none\"} -->\n<figure class=\"wp-block-image size-full is-resized\"><img loading=\"lazy\" decoding=\"async\" src=\"https:\/\/catunescoforum.blogs.upv.es\/wp-content\/uploads\/2022\/07\/29_07_22_ia_guidance_world_heritage-cover_page-0001.jpeg\" alt=\"\" class=\"wp-image-6729\" width=\"325\" height=\"459\" \/><\/figure>\n<!-- \/wp:image -->\n\n<!-- wp:paragraph {\"style\":{\"typography\":{\"fontSize\":\"15px\"}}} -->\n<p style=\"font-size:15px\">Hoy, 29 de julio de 2022, la UNESCO, junto a ICOMOS, ICCROM y IUCN han publicado&nbsp;<em>Guidance and toolkit for impact assessments in a World Heritage Context.&nbsp;<\/em>Esta publicaci\u00f3n se enmarca en el 50 aniversario de la Convenci\u00f3n de Patrimonio Cultural, celebrada por primera vez el 16 de noviembre de 1972 en Par\u00eds. Desde su creaci\u00f3n, 191 pa\u00edses se han ido sumando en la ratificaci\u00f3n de esta reuni\u00f3n para plantear posibles riesgos que pueden llegar a afectar a todas las formas del patrimonio y poder generar las correspondientes soluciones que permitan la transmisi\u00f3n de nuestro patrimonio cultural a generaciones futuras.&nbsp;<\/p>\n<!-- \/wp:paragraph -->\n\n<!-- wp:paragraph {\"style\":{\"typography\":{\"fontSize\":\"15px\"}}} -->\n<p style=\"font-size:15px\">Este documento se centra en la responsabilidad colectiva de proteger todo aquello que nos otorga la identidad como comunidad, enfocando las respuestas al aumento de ciertas presiones o riesgos de una manera m\u00e1s sostenible, alineando los planes con las distintas metas planteadas en la Agenda 2030.&nbsp;<\/p>\n<!-- \/wp:paragraph -->\n\n<!-- wp:paragraph {\"style\":{\"typography\":{\"fontSize\":\"15px\"}},\"textColor\":\"black\"} -->\n<p class=\"has-black-color has-text-color\" style=\"font-size:15px\">Desde la C\u00e1tedra UNESCO Forum Universidad y Patrimonio Cultural, te invitamos a leer el documento completo en el siguiente enlace:&nbsp;&nbsp;<a href=\"https:\/\/www.iccrom.org\/publication\/guidance-and-toolkit-impact-assessment-world-heritage-context\">https:\/\/www.iccrom.org\/publication\/guidance-and-toolkit-impact-assessment-world-heritage-context<\/a><\/p>\n<!-- \/wp:paragraph -->\n\n<!-- wp:paragraph -->\n<p>__<\/p>\n<!-- \/wp:paragraph -->\n\n<!-- wp:paragraph {\"style\":{\"color\":{\"text\":\"#0077d4\"}},\"fontSize\":\"medium\"} -->\n<p class=\"has-text-color has-medium-font-size\" style=\"color:#0077d4\"><strong>NEW MANUAL ON THE OCCASION OF THE 50th ANNIVERSARY OF THE CULTURAL HERITAGE CONVENTION<\/strong><\/p>\n<!-- \/wp:paragraph -->\n\n<!-- wp:paragraph {\"style\":{\"typography\":{\"fontSize\":\"15px\"},\"color\":{\"text\":\"#0077d4\"}}} -->\n<p class=\"has-text-color\" style=\"color:#0077d4;font-size:15px\">Today, 29 July 2022, UNESCO, together with ICOMOS, ICCROM and IUCN have published Guidance and toolkit for impact assessments in a World Heritage Context. This publication is part of the 50th anniversary of the Cultural Heritage Convention, first celebrated on November 16, 1972 in Paris. Since its creation, 191 countries have joined in the ratification of this meeting to raise possible risks that may affect all forms of heritage and to generate the corresponding solutions that will allow the transmission of our cultural heritage to future generations.&nbsp;<\/p>\n<!-- \/wp:paragraph -->\n\n<!-- wp:paragraph {\"style\":{\"typography\":{\"fontSize\":\"15px\"},\"color\":{\"text\":\"#0077d4\"}}} -->\n<p class=\"has-text-color\" style=\"color:#0077d4;font-size:15px\">This document focuses on the collective responsibility to protect everything that gives us our identity as a community, focusing the responses to the increase of certain pressures or risks in a more sustainable way, aligning the plans with the various goals set out in the 2030 Agenda.&nbsp;<\/p>\n<!-- \/wp:paragraph -->\n\n<!-- wp:paragraph {\"style\":{\"typography\":{\"fontSize\":\"15px\"},\"color\":{\"text\":\"#0077d4\"}}} -->\n<p class=\"has-text-color\" style=\"color:#0077d4;font-size:15px\">From the UNESCO Chair Forum University and Cultural Heritage, we invite you to read the full document in the following link:&nbsp;&nbsp;<a href=\"https:\/\/www.iccrom.org\/publication\/guidance-and-toolkit-impact-assessment-world-heritage-context\">https:\/\/www.iccrom.org\/publication\/guidance-and-toolkit-impact-assessment-world-heritage-context<\/a><\/p>\n<!-- \/wp:paragraph -->\n\n<!-- wp:paragraph -->\n<p>__<\/p>\n<!-- \/wp:paragraph -->\n\n<!-- wp:paragraph -->\n<p><\/p>\n<!-- \/wp:paragraph -->","protected":false},"excerpt":{"rendered":"<p>Hoy, 29 de julio de 2022, la UNESCO, junto a ICOMOS, ICCROM y IUCN han publicado&nbsp;Guidance and toolkit for impact assessments in a World Heritage Context.&nbsp;Esta publicaci\u00f3n se enmarca en<\/p>\n<p class=\"more-link\"><a href=\"https:\/\/catunescoforum.upv.es\/?p=6728\" class=\"themebutton2\">Read More<\/a><\/p>\n","protected":false},"author":56076,"featured_media":6730,"comment_status":"closed","ping_status":"closed","sticky":false,"template":"","format":"standard","meta":{"_monsterinsights_skip_tracking":false,"footnotes":""},"categories":[10,1,142],"tags":[],"class_list":["post-6728","post","type-post","status-publish","format-standard","has-post-thumbnail","hentry","category-news","category-sin-categoria","category-publicaciones"],"yoast_head":"<!-- This site is optimized with the Yoast SEO plugin v28.4 - https:\/\/yoast.com\/product\/yoast-seo-wordpress\/ -->\n<title>NUEVO MANUAL CON MOTIVO DEL 50\u00ba ANIVERSARIO DE LA CONVENCI\u00d3N DE PATRIMONIO CULTURAL - C\u00e1tedra UNESCO Forum Universidad y Patrimonio Cultural<\/title>\n<meta name=\"robots\" content=\"index, follow, max-snippet:-1, max-image-preview:large, max-video-preview:-1\" \/>\n<link rel=\"canonical\" href=\"https:\/\/catunescoforum.upv.es\/?p=6728\" \/>\n<meta property=\"og:locale\" content=\"es_ES\" \/>\n<meta property=\"og:type\" content=\"article\" \/>\n<meta property=\"og:title\" content=\"NUEVO MANUAL CON MOTIVO DEL 50\u00ba ANIVERSARIO DE LA CONVENCI\u00d3N DE PATRIMONIO CULTURAL - C\u00e1tedra UNESCO Forum Universidad y Patrimonio Cultural\" \/>\n<meta property=\"og:description\" content=\"Hoy, 29 de julio de 2022, la UNESCO, junto a ICOMOS, ICCROM y IUCN han publicado&nbsp;Guidance and toolkit for impact assessments in a World Heritage Context.&nbsp;Esta publicaci\u00f3n se enmarca enRead More\" \/>\n<meta property=\"og:url\" content=\"https:\/\/catunescoforum.upv.es\/?p=6728\" \/>\n<meta property=\"og:site_name\" content=\"C\u00e1tedra UNESCO Forum Universidad y Patrimonio Cultural\" \/>\n<meta property=\"article:published_time\" content=\"2022-07-29T12:12:23+00:00\" \/>\n<meta property=\"article:modified_time\" content=\"2022-07-29T12:16:27+00:00\" \/>\n<meta property=\"og:image\" content=\"https:\/\/catunescoforum.upv.es\/wp-content\/uploads\/2022\/07\/Captura-de-pantalla-2022-07-29-a-las-14.10.01.png\" \/>\n\t<meta property=\"og:image:width\" content=\"416\" \/>\n\t<meta property=\"og:image:height\" content=\"200\" \/>\n\t<meta property=\"og:image:type\" content=\"image\/png\" \/>\n<meta name=\"author\" content=\"prilehgr\" \/>\n<meta name=\"twitter:card\" content=\"summary_large_image\" \/>\n<meta name=\"twitter:label1\" content=\"Escrito por\" \/>\n\t<meta name=\"twitter:data1\" content=\"prilehgr\" \/>\n\t<meta name=\"twitter:label2\" content=\"Tiempo de lectura\" \/>\n\t<meta name=\"twitter:data2\" content=\"2 minutos\" \/>\n<script type=\"application\/ld+json\" class=\"yoast-schema-graph\">{\"@context\":\"https:\\\/\\\/schema.org\",\"@graph\":[{\"@type\":\"Article\",\"@id\":\"https:\\\/\\\/catunescoforum.upv.es\\\/?p=6728#article\",\"isPartOf\":{\"@id\":\"https:\\\/\\\/catunescoforum.upv.es\\\/?p=6728\"},\"author\":{\"name\":\"prilehgr\",\"@id\":\"https:\\\/\\\/catunescoforum.upv.es\\\/#\\\/schema\\\/person\\\/db5475dd68f89dd9bb4f73e096a42b07\"},\"headline\":\"NUEVO MANUAL CON MOTIVO DEL 50\u00ba ANIVERSARIO DE LA CONVENCI\u00d3N DE PATRIMONIO CULTURAL\",\"datePublished\":\"2022-07-29T12:12:23+00:00\",\"dateModified\":\"2022-07-29T12:16:27+00:00\",\"mainEntityOfPage\":{\"@id\":\"https:\\\/\\\/catunescoforum.upv.es\\\/?p=6728\"},\"wordCount\":367,\"publisher\":{\"@id\":\"https:\\\/\\\/catunescoforum.upv.es\\\/#organization\"},\"image\":{\"@id\":\"https:\\\/\\\/catunescoforum.upv.es\\\/?p=6728#primaryimage\"},\"thumbnailUrl\":\"https:\\\/\\\/catunescoforum.upv.es\\\/wp-content\\\/uploads\\\/2022\\\/07\\\/Captura-de-pantalla-2022-07-29-a-las-14.10.01.png\",\"articleSection\":[\"Noticias\",\"Publicaciones\",\"Publicaciones\"],\"inLanguage\":\"es\"},{\"@type\":\"WebPage\",\"@id\":\"https:\\\/\\\/catunescoforum.upv.es\\\/?p=6728\",\"url\":\"https:\\\/\\\/catunescoforum.upv.es\\\/?p=6728\",\"name\":\"NUEVO MANUAL CON MOTIVO DEL 50\u00ba ANIVERSARIO DE LA CONVENCI\u00d3N DE PATRIMONIO CULTURAL - C\u00e1tedra UNESCO Forum Universidad y Patrimonio Cultural\",\"isPartOf\":{\"@id\":\"https:\\\/\\\/catunescoforum.upv.es\\\/#website\"},\"primaryImageOfPage\":{\"@id\":\"https:\\\/\\\/catunescoforum.upv.es\\\/?p=6728#primaryimage\"},\"image\":{\"@id\":\"https:\\\/\\\/catunescoforum.upv.es\\\/?p=6728#primaryimage\"},\"thumbnailUrl\":\"https:\\\/\\\/catunescoforum.upv.es\\\/wp-content\\\/uploads\\\/2022\\\/07\\\/Captura-de-pantalla-2022-07-29-a-las-14.10.01.png\",\"datePublished\":\"2022-07-29T12:12:23+00:00\",\"dateModified\":\"2022-07-29T12:16:27+00:00\",\"breadcrumb\":{\"@id\":\"https:\\\/\\\/catunescoforum.upv.es\\\/?p=6728#breadcrumb\"},\"inLanguage\":\"es\",\"potentialAction\":[{\"@type\":\"ReadAction\",\"target\":[\"https:\\\/\\\/catunescoforum.upv.es\\\/?p=6728\"]}]},{\"@type\":\"ImageObject\",\"inLanguage\":\"es\",\"@id\":\"https:\\\/\\\/catunescoforum.upv.es\\\/?p=6728#primaryimage\",\"url\":\"https:\\\/\\\/catunescoforum.upv.es\\\/wp-content\\\/uploads\\\/2022\\\/07\\\/Captura-de-pantalla-2022-07-29-a-las-14.10.01.png\",\"contentUrl\":\"https:\\\/\\\/catunescoforum.upv.es\\\/wp-content\\\/uploads\\\/2022\\\/07\\\/Captura-de-pantalla-2022-07-29-a-las-14.10.01.png\",\"width\":416,\"height\":200},{\"@type\":\"BreadcrumbList\",\"@id\":\"https:\\\/\\\/catunescoforum.upv.es\\\/?p=6728#breadcrumb\",\"itemListElement\":[{\"@type\":\"ListItem\",\"position\":1,\"name\":\"Home\",\"item\":\"https:\\\/\\\/catunescoforum.upv.es\\\/\"},{\"@type\":\"ListItem\",\"position\":2,\"name\":\"NUEVO MANUAL CON MOTIVO DEL 50\u00ba ANIVERSARIO DE LA CONVENCI\u00d3N DE PATRIMONIO CULTURAL\"}]},{\"@type\":\"WebSite\",\"@id\":\"https:\\\/\\\/catunescoforum.upv.es\\\/#website\",\"url\":\"https:\\\/\\\/catunescoforum.upv.es\\\/\",\"name\":\"C\u00e1tedra UNESCO Forum Universidad y Patrimonio Cultural\",\"description\":\"Una red universitaria internacional al cuidado del Patrimonio Cultural\",\"publisher\":{\"@id\":\"https:\\\/\\\/catunescoforum.upv.es\\\/#organization\"},\"potentialAction\":[{\"@type\":\"SearchAction\",\"target\":{\"@type\":\"EntryPoint\",\"urlTemplate\":\"https:\\\/\\\/catunescoforum.upv.es\\\/?s={search_term_string}\"},\"query-input\":{\"@type\":\"PropertyValueSpecification\",\"valueRequired\":true,\"valueName\":\"search_term_string\"}}],\"inLanguage\":\"es\"},{\"@type\":\"Organization\",\"@id\":\"https:\\\/\\\/catunescoforum.upv.es\\\/#organization\",\"name\":\"C\u00e1tedra UNESCO Forum Universidad y Patrimonio Cultura\",\"url\":\"https:\\\/\\\/catunescoforum.upv.es\\\/\",\"logo\":{\"@type\":\"ImageObject\",\"inLanguage\":\"es\",\"@id\":\"https:\\\/\\\/catunescoforum.upv.es\\\/#\\\/schema\\\/logo\\\/image\\\/\",\"url\":\"https:\\\/\\\/catunescoforum.upv.es\\\/wp-content\\\/uploads\\\/2025\\\/07\\\/cropped-Logo_catedra_2025_julio-scaled-1.png\",\"contentUrl\":\"https:\\\/\\\/catunescoforum.upv.es\\\/wp-content\\\/uploads\\\/2025\\\/07\\\/cropped-Logo_catedra_2025_julio-scaled-1.png\",\"width\":2560,\"height\":329,\"caption\":\"C\u00e1tedra UNESCO Forum Universidad y Patrimonio Cultura\"},\"image\":{\"@id\":\"https:\\\/\\\/catunescoforum.upv.es\\\/#\\\/schema\\\/logo\\\/image\\\/\"}},{\"@type\":\"Person\",\"@id\":\"https:\\\/\\\/catunescoforum.upv.es\\\/#\\\/schema\\\/person\\\/db5475dd68f89dd9bb4f73e096a42b07\",\"name\":\"prilehgr\",\"image\":{\"@type\":\"ImageObject\",\"inLanguage\":\"es\",\"@id\":\"https:\\\/\\\/secure.gravatar.com\\\/avatar\\\/5b388b0bdb1f4905d2c82f072c3498d15b87f4d5f109712d9d859b12e08d0da3?s=96&d=mm&r=g\",\"url\":\"https:\\\/\\\/secure.gravatar.com\\\/avatar\\\/5b388b0bdb1f4905d2c82f072c3498d15b87f4d5f109712d9d859b12e08d0da3?s=96&d=mm&r=g\",\"contentUrl\":\"https:\\\/\\\/secure.gravatar.com\\\/avatar\\\/5b388b0bdb1f4905d2c82f072c3498d15b87f4d5f109712d9d859b12e08d0da3?s=96&d=mm&r=g\",\"caption\":\"prilehgr\"},\"url\":\"https:\\\/\\\/catunescoforum.upv.es\\\/?author=56076\"}]}<\/script>\n<!-- \/ Yoast SEO plugin. -->","yoast_head_json":{"title":"NUEVO MANUAL CON MOTIVO DEL 50\u00ba ANIVERSARIO DE LA CONVENCI\u00d3N DE PATRIMONIO CULTURAL - C\u00e1tedra UNESCO Forum Universidad y Patrimonio Cultural","robots":{"index":"index","follow":"follow","max-snippet":"max-snippet:-1","max-image-preview":"max-image-preview:large","max-video-preview":"max-video-preview:-1"},"canonical":"https:\/\/catunescoforum.upv.es\/?p=6728","og_locale":"es_ES","og_type":"article","og_title":"NUEVO MANUAL CON MOTIVO DEL 50\u00ba ANIVERSARIO DE LA CONVENCI\u00d3N DE PATRIMONIO CULTURAL - C\u00e1tedra UNESCO Forum Universidad y Patrimonio Cultural","og_description":"Hoy, 29 de julio de 2022, la UNESCO, junto a ICOMOS, ICCROM y IUCN han publicado&nbsp;Guidance and toolkit for impact assessments in a World Heritage Context.&nbsp;Esta publicaci\u00f3n se enmarca enRead More","og_url":"https:\/\/catunescoforum.upv.es\/?p=6728","og_site_name":"C\u00e1tedra UNESCO Forum Universidad y Patrimonio Cultural","article_published_time":"2022-07-29T12:12:23+00:00","article_modified_time":"2022-07-29T12:16:27+00:00","og_image":[{"width":416,"height":200,"url":"https:\/\/catunescoforum.upv.es\/wp-content\/uploads\/2022\/07\/Captura-de-pantalla-2022-07-29-a-las-14.10.01.png","type":"image\/png"}],"author":"prilehgr","twitter_card":"summary_large_image","twitter_misc":{"Escrito por":"prilehgr","Tiempo de lectura":"2 minutos"},"schema":{"@context":"https:\/\/schema.org","@graph":[{"@type":"Article","@id":"https:\/\/catunescoforum.upv.es\/?p=6728#article","isPartOf":{"@id":"https:\/\/catunescoforum.upv.es\/?p=6728"},"author":{"name":"prilehgr","@id":"https:\/\/catunescoforum.upv.es\/#\/schema\/person\/db5475dd68f89dd9bb4f73e096a42b07"},"headline":"NUEVO MANUAL CON MOTIVO DEL 50\u00ba ANIVERSARIO DE LA CONVENCI\u00d3N DE PATRIMONIO CULTURAL","datePublished":"2022-07-29T12:12:23+00:00","dateModified":"2022-07-29T12:16:27+00:00","mainEntityOfPage":{"@id":"https:\/\/catunescoforum.upv.es\/?p=6728"},"wordCount":367,"publisher":{"@id":"https:\/\/catunescoforum.upv.es\/#organization"},"image":{"@id":"https:\/\/catunescoforum.upv.es\/?p=6728#primaryimage"},"thumbnailUrl":"https:\/\/catunescoforum.upv.es\/wp-content\/uploads\/2022\/07\/Captura-de-pantalla-2022-07-29-a-las-14.10.01.png","articleSection":["Noticias","Publicaciones","Publicaciones"],"inLanguage":"es"},{"@type":"WebPage","@id":"https:\/\/catunescoforum.upv.es\/?p=6728","url":"https:\/\/catunescoforum.upv.es\/?p=6728","name":"NUEVO MANUAL CON MOTIVO DEL 50\u00ba ANIVERSARIO DE LA CONVENCI\u00d3N DE PATRIMONIO CULTURAL - C\u00e1tedra UNESCO Forum Universidad y Patrimonio Cultural","isPartOf":{"@id":"https:\/\/catunescoforum.upv.es\/#website"},"primaryImageOfPage":{"@id":"https:\/\/catunescoforum.upv.es\/?p=6728#primaryimage"},"image":{"@id":"https:\/\/catunescoforum.upv.es\/?p=6728#primaryimage"},"thumbnailUrl":"https:\/\/catunescoforum.upv.es\/wp-content\/uploads\/2022\/07\/Captura-de-pantalla-2022-07-29-a-las-14.10.01.png","datePublished":"2022-07-29T12:12:23+00:00","dateModified":"2022-07-29T12:16:27+00:00","breadcrumb":{"@id":"https:\/\/catunescoforum.upv.es\/?p=6728#breadcrumb"},"inLanguage":"es","potentialAction":[{"@type":"ReadAction","target":["https:\/\/catunescoforum.upv.es\/?p=6728"]}]},{"@type":"ImageObject","inLanguage":"es","@id":"https:\/\/catunescoforum.upv.es\/?p=6728#primaryimage","url":"https:\/\/catunescoforum.upv.es\/wp-content\/uploads\/2022\/07\/Captura-de-pantalla-2022-07-29-a-las-14.10.01.png","contentUrl":"https:\/\/catunescoforum.upv.es\/wp-content\/uploads\/2022\/07\/Captura-de-pantalla-2022-07-29-a-las-14.10.01.png","width":416,"height":200},{"@type":"BreadcrumbList","@id":"https:\/\/catunescoforum.upv.es\/?p=6728#breadcrumb","itemListElement":[{"@type":"ListItem","position":1,"name":"Home","item":"https:\/\/catunescoforum.upv.es\/"},{"@type":"ListItem","position":2,"name":"NUEVO MANUAL CON MOTIVO DEL 50\u00ba ANIVERSARIO DE LA CONVENCI\u00d3N DE PATRIMONIO CULTURAL"}]},{"@type":"WebSite","@id":"https:\/\/catunescoforum.upv.es\/#website","url":"https:\/\/catunescoforum.upv.es\/","name":"C\u00e1tedra UNESCO Forum Universidad y Patrimonio Cultural","description":"Una red universitaria internacional al cuidado del Patrimonio Cultural","publisher":{"@id":"https:\/\/catunescoforum.upv.es\/#organization"},"potentialAction":[{"@type":"SearchAction","target":{"@type":"EntryPoint","urlTemplate":"https:\/\/catunescoforum.upv.es\/?s={search_term_string}"},"query-input":{"@type":"PropertyValueSpecification","valueRequired":true,"valueName":"search_term_string"}}],"inLanguage":"es"},{"@type":"Organization","@id":"https:\/\/catunescoforum.upv.es\/#organization","name":"C\u00e1tedra UNESCO Forum Universidad y Patrimonio Cultura","url":"https:\/\/catunescoforum.upv.es\/","logo":{"@type":"ImageObject","inLanguage":"es","@id":"https:\/\/catunescoforum.upv.es\/#\/schema\/logo\/image\/","url":"https:\/\/catunescoforum.upv.es\/wp-content\/uploads\/2025\/07\/cropped-Logo_catedra_2025_julio-scaled-1.png","contentUrl":"https:\/\/catunescoforum.upv.es\/wp-content\/uploads\/2025\/07\/cropped-Logo_catedra_2025_julio-scaled-1.png","width":2560,"height":329,"caption":"C\u00e1tedra UNESCO Forum Universidad y Patrimonio Cultura"},"image":{"@id":"https:\/\/catunescoforum.upv.es\/#\/schema\/logo\/image\/"}},{"@type":"Person","@id":"https:\/\/catunescoforum.upv.es\/#\/schema\/person\/db5475dd68f89dd9bb4f73e096a42b07","name":"prilehgr","image":{"@type":"ImageObject","inLanguage":"es","@id":"https:\/\/secure.gravatar.com\/avatar\/5b388b0bdb1f4905d2c82f072c3498d15b87f4d5f109712d9d859b12e08d0da3?s=96&d=mm&r=g","url":"https:\/\/secure.gravatar.com\/avatar\/5b388b0bdb1f4905d2c82f072c3498d15b87f4d5f109712d9d859b12e08d0da3?s=96&d=mm&r=g","contentUrl":"https:\/\/secure.gravatar.com\/avatar\/5b388b0bdb1f4905d2c82f072c3498d15b87f4d5f109712d9d859b12e08d0da3?s=96&d=mm&r=g","caption":"prilehgr"},"url":"https:\/\/catunescoforum.upv.es\/?author=56076"}]}},"_links":{"self":[{"href":"https:\/\/catunescoforum.upv.es\/index.php?rest_route=\/wp\/v2\/posts\/6728","targetHints":{"allow":["GET"]}}],"collection":[{"href":"https:\/\/catunescoforum.upv.es\/index.php?rest_route=\/wp\/v2\/posts"}],"about":[{"href":"https:\/\/catunescoforum.upv.es\/index.php?rest_route=\/wp\/v2\/types\/post"}],"author":[{"embeddable":true,"href":"https:\/\/catunescoforum.upv.es\/index.php?rest_route=\/wp\/v2\/users\/56076"}],"replies":[{"embeddable":true,"href":"https:\/\/catunescoforum.upv.es\/index.php?rest_route=%2Fwp%2Fv2%2Fcomments&post=6728"}],"version-history":[{"count":2,"href":"https:\/\/catunescoforum.upv.es\/index.php?rest_route=\/wp\/v2\/posts\/6728\/revisions"}],"predecessor-version":[{"id":6735,"href":"https:\/\/catunescoforum.upv.es\/index.php?rest_route=\/wp\/v2\/posts\/6728\/revisions\/6735"}],"wp:featuredmedia":[{"embeddable":true,"href":"https:\/\/catunescoforum.upv.es\/index.php?rest_route=\/wp\/v2\/media\/6730"}],"wp:attachment":[{"href":"https:\/\/catunescoforum.upv.es\/index.php?rest_route=%2Fwp%2Fv2%2Fmedia&parent=6728"}],"wp:term":[{"taxonomy":"category","embeddable":true,"href":"https:\/\/catunescoforum.upv.es\/index.php?rest_route=%2Fwp%2Fv2%2Fcategories&post=6728"},{"taxonomy":"post_tag","embeddable":true,"href":"https:\/\/catunescoforum.upv.es\/index.php?rest_route=%2Fwp%2Fv2%2Ftags&post=6728"}],"curies":[{"name":"wp","href":"https:\/\/api.w.org\/{rel}","templated":true}]}}