{"id":7260,"date":"2022-11-21T08:13:21","date_gmt":"2022-11-21T08:13:21","guid":{"rendered":"https:\/\/catunescoforum.upv.es\/?p=7260"},"modified":"2023-01-11T19:30:16","modified_gmt":"2023-01-11T19:30:16","slug":"resumen-ii-simposio-de-patrimonio-cultural-icomos-espana","status":"publish","type":"post","link":"https:\/\/catunescoforum.upv.es\/?p=7260","title":{"rendered":"Resumen II simposio de patrimonio cultural ICOMOS-Espa\u00f1a"},"content":{"rendered":"<div id=\"pl-7260\"  class=\"panel-layout\" ><div id=\"pg-7260-0\"  class=\"panel-grid panel-has-style\" ><div class=\"panel-row-style panel-row-style-for-7260-0\" ><div id=\"pgc-7260-0-0\"  class=\"panel-grid-cell\" ><div id=\"panel-7260-0-0-0\" class=\"so-panel widget widget_media_image panel-first-child\" data-index=\"0\" ><img loading=\"lazy\" decoding=\"async\" width=\"850\" height=\"468\" src=\"https:\/\/catunescoforum.upv.es\/wp-content\/uploads\/2022\/11\/expertos-icomos-U70876413992fW-984x468@La-Verdad-LaVerdad-850x468.jpg\" class=\"image wp-image-7261  attachment-medium size-medium\" alt=\"\" style=\"max-width: 100%; height: auto;\" \/><\/div><div id=\"panel-7260-0-0-1\" class=\"so-panel widget widget_text panel-last-child\" data-index=\"1\" >\t\t\t<div class=\"textwidget\"><p style=\"font-size: 13px;color: #b8b8b8\">Acto inagural<\/p>\n<\/div>\n\t\t<\/div><\/div><\/div><\/div><div id=\"pg-7260-1\"  class=\"panel-grid panel-has-style\" ><div class=\"panel-row-style panel-row-style-for-7260-1\" ><div id=\"pgc-7260-1-0\"  class=\"panel-grid-cell\" ><div id=\"panel-7260-1-0-0\" class=\"so-panel widget widget_text panel-first-child panel-last-child\" data-index=\"2\" >\t\t\t<div class=\"textwidget\"><p>Este <strong>jueves 17 y viernes 18 de noviembre<\/strong> tuvo lugar el <strong>II Simposio de Patrimonio Cultural ICOMOS-Espa\u00f1a<\/strong>, llevado a cabo en el edificio CIM de la <strong>Universidad Polit\u00e9cnica de Cartagena (Murcia).<\/strong><\/p>\n<p>El encuentro dio comienzo con un acto inaugural en el que participaron personalidades como D. Jordi Tresseras Juan -presidente de ICOMOS-Espa\u00f1a-, D\u00f1a. Beatriz Miguel Hern\u00e1ndez -rectora de la Universidad Polit\u00e9cnica de Cartagena-, D. Marcos Ortu\u00f1o Soto -consejero de Presidencia, Turismo, Cultura y Deportes del Gobierno de la Comunidad Aut\u00f3noma de la Regi\u00f3n de Murcia-, D\u00f1a. Noelia Mar\u00eda Arroyo Hern\u00e1ndez -alcaldesa del Excmo. Ayuntamiento de Cartagena- D\u00f1a. Silvia Rodr\u00edguez-Bermejo Mart\u00ednez -jefa de \u00e1rea de Protecci\u00f3n de Patrimonio y Proyectos Europeos del Ministerio de Cultura y Deporte- y D. Juan Andr\u00e9s Perell\u00f3 Rodr\u00edguez, director general de Casa Mediterr\u00e1neo-. Este acto fue seguido de una conferencia inaugural y ponencias invitadas donde se mencionaba, no s\u00f3lo el estado de emergencia en el que nos encontramos por el cambio clim\u00e1tico, sino tambi\u00e9n se hizo referencia al aniversario de la Convenci\u00f3n de Patrimonio Mundial, haciendo hincapi\u00e9 en los 49 sitios declarados que tenemos en Espa\u00f1a.<\/p>\n<p>Fueron un total de 29 mesas de comunicaciones agrupadas por tem\u00e1ticas y realizadas en sesiones paralelas distribuidas en distintas salas. El objetivo inicial de este foro fue exitosamente cumplido ya que fueron presentadas diversas investigaciones y desarrollos en el campo de la conservaci\u00f3n, restauraci\u00f3n, documentaci\u00f3n, protecci\u00f3n, gesti\u00f3n y difusi\u00f3n de monumentos, conjuntos, sitios y manifestaciones del patrimonio cultural. Los ejes tem\u00e1ticos fueron variados, entre los que se pudo observar: an\u00e1lisis y restauraci\u00f3n de estructura del Patrimonio Arqueol\u00f3gico, Gesti\u00f3n de este mismo patrimonio, arte rupestre, patrimonio subacu\u00e1tico, fortificaciones y patrimonio militar, patrimonio industrial, entre otros. Sin embargo, todos estos temas se enmarcaban en unas ideas fundamentales: <strong>la sostenibilidad, la inclusi\u00f3n y la \u00f3ptima gesti\u00f3n en la protecci\u00f3n de nuestro patrimonio, haciendo especial hincapi\u00e9 en la importancia de la educaci\u00f3n y la divulgaci\u00f3n.<\/strong><\/p>\n<p>El Simposio finalizaba con una serie de visitas patrimoniales guiadas que se llevaron a cabo durante la ma\u00f1ana del s\u00e1bado.<\/p>\n<p>Cartagena ha sido estos d\u00edas, sin duda, un espacio de uni\u00f3n y reflexi\u00f3n, representando un impulso en la larga carrera que aun nos compete para la mejora de numerosas actividades que ayudan a la protecci\u00f3n del patrimonio y se alinean con la Agenda 2030, factor importante a tener en cuenta en la \u00faltima d\u00e9cada de la iniciativa.<\/p>\n<\/div>\n\t\t<\/div><\/div><\/div><\/div><\/div>","protected":false},"excerpt":{"rendered":"<p>\u00c9xito en el encuentro del II Simposio de Patrimonio Cultural ICOMOS-Espa\u00f1a en Cartagena (Murcia). <\/p>\n","protected":false},"author":11561,"featured_media":7261,"comment_status":"open","ping_status":"open","sticky":false,"template":"","format":"standard","meta":{"_monsterinsights_skip_tracking":false,"footnotes":""},"categories":[10],"tags":[284,281,282,280,295,294,88,170],"class_list":["post-7260","post","type-post","status-publish","format-standard","has-post-thumbnail","hentry","category-news","tag-cartagena","tag-evento","tag-icomos","tag-simposio","tag-divulgacion","tag-inclusion","tag-patrimonio","tag-sostenibilidad"],"yoast_head":"<!-- This site is optimized with the Yoast SEO plugin v28.4 - https:\/\/yoast.com\/product\/yoast-seo-wordpress\/ -->\n<title>Resumen II simposio de patrimonio cultural ICOMOS-Espa\u00f1a - C\u00e1tedra UNESCO Forum Universidad y Patrimonio Cultural<\/title>\n<meta name=\"robots\" content=\"index, follow, max-snippet:-1, max-image-preview:large, max-video-preview:-1\" \/>\n<link rel=\"canonical\" href=\"https:\/\/catunescoforum.upv.es\/?p=7260\" \/>\n<meta property=\"og:locale\" content=\"es_ES\" \/>\n<meta property=\"og:type\" content=\"article\" \/>\n<meta property=\"og:title\" content=\"[:es]Resumen II simposio de patrimonio cultural ICOMOS-Espa\u00f1a[:en]REVIEW II SYMPOSIUM ON CULTURAL HERITAGE ICOMOS-SPAIN[:] - C\u00e1tedra UNESCO Forum Universidad y Patrimonio Cultural\" \/>\n<meta property=\"og:description\" content=\"\u00c9xito en el encuentro del II Simposio de Patrimonio Cultural ICOMOS-Espa\u00f1a en Cartagena (Murcia).\" \/>\n<meta property=\"og:url\" content=\"https:\/\/catunescoforum.upv.es\/?p=7260\" \/>\n<meta property=\"og:site_name\" content=\"C\u00e1tedra UNESCO Forum Universidad y Patrimonio Cultural\" \/>\n<meta property=\"article:published_time\" content=\"2022-11-21T08:13:21+00:00\" \/>\n<meta property=\"article:modified_time\" content=\"2023-01-11T19:30:16+00:00\" \/>\n<meta property=\"og:image\" content=\"https:\/\/catunescoforum.upv.es\/wp-content\/uploads\/2022\/11\/expertos-icomos-U70876413992fW-984x468@La-Verdad-LaVerdad.jpg\" \/>\n\t<meta property=\"og:image:width\" content=\"984\" \/>\n\t<meta property=\"og:image:height\" content=\"468\" \/>\n\t<meta property=\"og:image:type\" content=\"image\/jpeg\" \/>\n<meta name=\"author\" content=\"iggisar\" \/>\n<meta name=\"twitter:card\" content=\"summary_large_image\" \/>\n<meta name=\"twitter:label1\" content=\"Escrito por\" \/>\n\t<meta name=\"twitter:data1\" content=\"iggisar\" \/>\n\t<meta name=\"twitter:label2\" content=\"Tiempo de lectura\" \/>\n\t<meta name=\"twitter:data2\" content=\"2 minutos\" \/>\n<script type=\"application\/ld+json\" class=\"yoast-schema-graph\">{\"@context\":\"https:\\\/\\\/schema.org\",\"@graph\":[{\"@type\":\"Article\",\"@id\":\"https:\\\/\\\/catunescoforum.upv.es\\\/?p=7260#article\",\"isPartOf\":{\"@id\":\"https:\\\/\\\/catunescoforum.upv.es\\\/?p=7260\"},\"author\":{\"name\":\"iggisar\",\"@id\":\"https:\\\/\\\/catunescoforum.upv.es\\\/#\\\/schema\\\/person\\\/52c5bb7be482269f0e98ed62e0fab767\"},\"headline\":\"Resumen II simposio de patrimonio cultural ICOMOS-Espa\u00f1a\",\"datePublished\":\"2022-11-21T08:13:21+00:00\",\"dateModified\":\"2023-01-11T19:30:16+00:00\",\"mainEntityOfPage\":{\"@id\":\"https:\\\/\\\/catunescoforum.upv.es\\\/?p=7260\"},\"wordCount\":460,\"commentCount\":0,\"publisher\":{\"@id\":\"https:\\\/\\\/catunescoforum.upv.es\\\/#organization\"},\"image\":{\"@id\":\"https:\\\/\\\/catunescoforum.upv.es\\\/?p=7260#primaryimage\"},\"thumbnailUrl\":\"https:\\\/\\\/catunescoforum.upv.es\\\/wp-content\\\/uploads\\\/2022\\\/11\\\/expertos-icomos-U70876413992fW-984x468@La-Verdad-LaVerdad.jpg\",\"keywords\":[\"#cartagena\",\"#evento\",\"#icomos\",\"#simposio\",\"divulgaci\u00f3n\",\"inclusi\u00f3n\",\"patrimonio\",\"sostenibilidad\"],\"articleSection\":[\"Noticias\"],\"inLanguage\":\"es\",\"potentialAction\":[{\"@type\":\"CommentAction\",\"name\":\"Comment\",\"target\":[\"https:\\\/\\\/catunescoforum.upv.es\\\/?p=7260#respond\"]}]},{\"@type\":\"WebPage\",\"@id\":\"https:\\\/\\\/catunescoforum.upv.es\\\/?p=7260\",\"url\":\"https:\\\/\\\/catunescoforum.upv.es\\\/?p=7260\",\"name\":\"[:es]Resumen II simposio de patrimonio cultural ICOMOS-Espa\u00f1a[:en]REVIEW II SYMPOSIUM ON CULTURAL HERITAGE ICOMOS-SPAIN[:] - C\u00e1tedra UNESCO Forum Universidad y Patrimonio Cultural\",\"isPartOf\":{\"@id\":\"https:\\\/\\\/catunescoforum.upv.es\\\/#website\"},\"primaryImageOfPage\":{\"@id\":\"https:\\\/\\\/catunescoforum.upv.es\\\/?p=7260#primaryimage\"},\"image\":{\"@id\":\"https:\\\/\\\/catunescoforum.upv.es\\\/?p=7260#primaryimage\"},\"thumbnailUrl\":\"https:\\\/\\\/catunescoforum.upv.es\\\/wp-content\\\/uploads\\\/2022\\\/11\\\/expertos-icomos-U70876413992fW-984x468@La-Verdad-LaVerdad.jpg\",\"datePublished\":\"2022-11-21T08:13:21+00:00\",\"dateModified\":\"2023-01-11T19:30:16+00:00\",\"breadcrumb\":{\"@id\":\"https:\\\/\\\/catunescoforum.upv.es\\\/?p=7260#breadcrumb\"},\"inLanguage\":\"es\",\"potentialAction\":[{\"@type\":\"ReadAction\",\"target\":[\"https:\\\/\\\/catunescoforum.upv.es\\\/?p=7260\"]}]},{\"@type\":\"ImageObject\",\"inLanguage\":\"es\",\"@id\":\"https:\\\/\\\/catunescoforum.upv.es\\\/?p=7260#primaryimage\",\"url\":\"https:\\\/\\\/catunescoforum.upv.es\\\/wp-content\\\/uploads\\\/2022\\\/11\\\/expertos-icomos-U70876413992fW-984x468@La-Verdad-LaVerdad.jpg\",\"contentUrl\":\"https:\\\/\\\/catunescoforum.upv.es\\\/wp-content\\\/uploads\\\/2022\\\/11\\\/expertos-icomos-U70876413992fW-984x468@La-Verdad-LaVerdad.jpg\",\"width\":984,\"height\":468},{\"@type\":\"BreadcrumbList\",\"@id\":\"https:\\\/\\\/catunescoforum.upv.es\\\/?p=7260#breadcrumb\",\"itemListElement\":[{\"@type\":\"ListItem\",\"position\":1,\"name\":\"Home\",\"item\":\"https:\\\/\\\/catunescoforum.upv.es\\\/\"},{\"@type\":\"ListItem\",\"position\":2,\"name\":\"Resumen II simposio de patrimonio cultural ICOMOS-Espa\u00f1a\"}]},{\"@type\":\"WebSite\",\"@id\":\"https:\\\/\\\/catunescoforum.upv.es\\\/#website\",\"url\":\"https:\\\/\\\/catunescoforum.upv.es\\\/\",\"name\":\"C\u00e1tedra UNESCO Forum Universidad y Patrimonio Cultural\",\"description\":\"Una red universitaria internacional al cuidado del Patrimonio Cultural\",\"publisher\":{\"@id\":\"https:\\\/\\\/catunescoforum.upv.es\\\/#organization\"},\"potentialAction\":[{\"@type\":\"SearchAction\",\"target\":{\"@type\":\"EntryPoint\",\"urlTemplate\":\"https:\\\/\\\/catunescoforum.upv.es\\\/?s={search_term_string}\"},\"query-input\":{\"@type\":\"PropertyValueSpecification\",\"valueRequired\":true,\"valueName\":\"search_term_string\"}}],\"inLanguage\":\"es\"},{\"@type\":\"Organization\",\"@id\":\"https:\\\/\\\/catunescoforum.upv.es\\\/#organization\",\"name\":\"C\u00e1tedra UNESCO Forum Universidad y Patrimonio Cultura\",\"url\":\"https:\\\/\\\/catunescoforum.upv.es\\\/\",\"logo\":{\"@type\":\"ImageObject\",\"inLanguage\":\"es\",\"@id\":\"https:\\\/\\\/catunescoforum.upv.es\\\/#\\\/schema\\\/logo\\\/image\\\/\",\"url\":\"https:\\\/\\\/catunescoforum.upv.es\\\/wp-content\\\/uploads\\\/2025\\\/07\\\/cropped-Logo_catedra_2025_julio-scaled-1.png\",\"contentUrl\":\"https:\\\/\\\/catunescoforum.upv.es\\\/wp-content\\\/uploads\\\/2025\\\/07\\\/cropped-Logo_catedra_2025_julio-scaled-1.png\",\"width\":2560,\"height\":329,\"caption\":\"C\u00e1tedra UNESCO Forum Universidad y Patrimonio Cultura\"},\"image\":{\"@id\":\"https:\\\/\\\/catunescoforum.upv.es\\\/#\\\/schema\\\/logo\\\/image\\\/\"}},{\"@type\":\"Person\",\"@id\":\"https:\\\/\\\/catunescoforum.upv.es\\\/#\\\/schema\\\/person\\\/52c5bb7be482269f0e98ed62e0fab767\",\"name\":\"iggisar\",\"image\":{\"@type\":\"ImageObject\",\"inLanguage\":\"es\",\"@id\":\"https:\\\/\\\/secure.gravatar.com\\\/avatar\\\/abf70bef82f50c68a6527d081e6585b5ff3e8a7ac7742a3e40b4d21cb5286d73?s=96&d=mm&r=g\",\"url\":\"https:\\\/\\\/secure.gravatar.com\\\/avatar\\\/abf70bef82f50c68a6527d081e6585b5ff3e8a7ac7742a3e40b4d21cb5286d73?s=96&d=mm&r=g\",\"contentUrl\":\"https:\\\/\\\/secure.gravatar.com\\\/avatar\\\/abf70bef82f50c68a6527d081e6585b5ff3e8a7ac7742a3e40b4d21cb5286d73?s=96&d=mm&r=g\",\"caption\":\"iggisar\"},\"url\":\"https:\\\/\\\/catunescoforum.upv.es\\\/?author=11561\"}]}<\/script>\n<!-- \/ Yoast SEO plugin. -->","yoast_head_json":{"title":"[:es]Resumen II simposio de patrimonio cultural ICOMOS-Espa\u00f1a[:en]REVIEW II SYMPOSIUM ON CULTURAL HERITAGE ICOMOS-SPAIN[:] - C\u00e1tedra UNESCO Forum Universidad y Patrimonio Cultural","robots":{"index":"index","follow":"follow","max-snippet":"max-snippet:-1","max-image-preview":"max-image-preview:large","max-video-preview":"max-video-preview:-1"},"canonical":"https:\/\/catunescoforum.upv.es\/?p=7260","og_locale":"es_ES","og_type":"article","og_title":"[:es]Resumen II simposio de patrimonio cultural ICOMOS-Espa\u00f1a[:en]REVIEW II SYMPOSIUM ON CULTURAL HERITAGE ICOMOS-SPAIN[:] - C\u00e1tedra UNESCO Forum Universidad y Patrimonio Cultural","og_description":"\u00c9xito en el encuentro del II Simposio de Patrimonio Cultural ICOMOS-Espa\u00f1a en Cartagena (Murcia).","og_url":"https:\/\/catunescoforum.upv.es\/?p=7260","og_site_name":"C\u00e1tedra UNESCO Forum Universidad y Patrimonio Cultural","article_published_time":"2022-11-21T08:13:21+00:00","article_modified_time":"2023-01-11T19:30:16+00:00","og_image":[{"width":984,"height":468,"url":"https:\/\/catunescoforum.upv.es\/wp-content\/uploads\/2022\/11\/expertos-icomos-U70876413992fW-984x468@La-Verdad-LaVerdad.jpg","type":"image\/jpeg"}],"author":"iggisar","twitter_card":"summary_large_image","twitter_misc":{"Escrito por":"iggisar","Tiempo de lectura":"2 minutos"},"schema":{"@context":"https:\/\/schema.org","@graph":[{"@type":"Article","@id":"https:\/\/catunescoforum.upv.es\/?p=7260#article","isPartOf":{"@id":"https:\/\/catunescoforum.upv.es\/?p=7260"},"author":{"name":"iggisar","@id":"https:\/\/catunescoforum.upv.es\/#\/schema\/person\/52c5bb7be482269f0e98ed62e0fab767"},"headline":"Resumen II simposio de patrimonio cultural ICOMOS-Espa\u00f1a","datePublished":"2022-11-21T08:13:21+00:00","dateModified":"2023-01-11T19:30:16+00:00","mainEntityOfPage":{"@id":"https:\/\/catunescoforum.upv.es\/?p=7260"},"wordCount":460,"commentCount":0,"publisher":{"@id":"https:\/\/catunescoforum.upv.es\/#organization"},"image":{"@id":"https:\/\/catunescoforum.upv.es\/?p=7260#primaryimage"},"thumbnailUrl":"https:\/\/catunescoforum.upv.es\/wp-content\/uploads\/2022\/11\/expertos-icomos-U70876413992fW-984x468@La-Verdad-LaVerdad.jpg","keywords":["#cartagena","#evento","#icomos","#simposio","divulgaci\u00f3n","inclusi\u00f3n","patrimonio","sostenibilidad"],"articleSection":["Noticias"],"inLanguage":"es","potentialAction":[{"@type":"CommentAction","name":"Comment","target":["https:\/\/catunescoforum.upv.es\/?p=7260#respond"]}]},{"@type":"WebPage","@id":"https:\/\/catunescoforum.upv.es\/?p=7260","url":"https:\/\/catunescoforum.upv.es\/?p=7260","name":"[:es]Resumen II simposio de patrimonio cultural ICOMOS-Espa\u00f1a[:en]REVIEW II SYMPOSIUM ON CULTURAL HERITAGE ICOMOS-SPAIN[:] - C\u00e1tedra UNESCO Forum Universidad y Patrimonio Cultural","isPartOf":{"@id":"https:\/\/catunescoforum.upv.es\/#website"},"primaryImageOfPage":{"@id":"https:\/\/catunescoforum.upv.es\/?p=7260#primaryimage"},"image":{"@id":"https:\/\/catunescoforum.upv.es\/?p=7260#primaryimage"},"thumbnailUrl":"https:\/\/catunescoforum.upv.es\/wp-content\/uploads\/2022\/11\/expertos-icomos-U70876413992fW-984x468@La-Verdad-LaVerdad.jpg","datePublished":"2022-11-21T08:13:21+00:00","dateModified":"2023-01-11T19:30:16+00:00","breadcrumb":{"@id":"https:\/\/catunescoforum.upv.es\/?p=7260#breadcrumb"},"inLanguage":"es","potentialAction":[{"@type":"ReadAction","target":["https:\/\/catunescoforum.upv.es\/?p=7260"]}]},{"@type":"ImageObject","inLanguage":"es","@id":"https:\/\/catunescoforum.upv.es\/?p=7260#primaryimage","url":"https:\/\/catunescoforum.upv.es\/wp-content\/uploads\/2022\/11\/expertos-icomos-U70876413992fW-984x468@La-Verdad-LaVerdad.jpg","contentUrl":"https:\/\/catunescoforum.upv.es\/wp-content\/uploads\/2022\/11\/expertos-icomos-U70876413992fW-984x468@La-Verdad-LaVerdad.jpg","width":984,"height":468},{"@type":"BreadcrumbList","@id":"https:\/\/catunescoforum.upv.es\/?p=7260#breadcrumb","itemListElement":[{"@type":"ListItem","position":1,"name":"Home","item":"https:\/\/catunescoforum.upv.es\/"},{"@type":"ListItem","position":2,"name":"Resumen II simposio de patrimonio cultural ICOMOS-Espa\u00f1a"}]},{"@type":"WebSite","@id":"https:\/\/catunescoforum.upv.es\/#website","url":"https:\/\/catunescoforum.upv.es\/","name":"C\u00e1tedra UNESCO Forum Universidad y Patrimonio Cultural","description":"Una red universitaria internacional al cuidado del Patrimonio Cultural","publisher":{"@id":"https:\/\/catunescoforum.upv.es\/#organization"},"potentialAction":[{"@type":"SearchAction","target":{"@type":"EntryPoint","urlTemplate":"https:\/\/catunescoforum.upv.es\/?s={search_term_string}"},"query-input":{"@type":"PropertyValueSpecification","valueRequired":true,"valueName":"search_term_string"}}],"inLanguage":"es"},{"@type":"Organization","@id":"https:\/\/catunescoforum.upv.es\/#organization","name":"C\u00e1tedra UNESCO Forum Universidad y Patrimonio Cultura","url":"https:\/\/catunescoforum.upv.es\/","logo":{"@type":"ImageObject","inLanguage":"es","@id":"https:\/\/catunescoforum.upv.es\/#\/schema\/logo\/image\/","url":"https:\/\/catunescoforum.upv.es\/wp-content\/uploads\/2025\/07\/cropped-Logo_catedra_2025_julio-scaled-1.png","contentUrl":"https:\/\/catunescoforum.upv.es\/wp-content\/uploads\/2025\/07\/cropped-Logo_catedra_2025_julio-scaled-1.png","width":2560,"height":329,"caption":"C\u00e1tedra UNESCO Forum Universidad y Patrimonio Cultura"},"image":{"@id":"https:\/\/catunescoforum.upv.es\/#\/schema\/logo\/image\/"}},{"@type":"Person","@id":"https:\/\/catunescoforum.upv.es\/#\/schema\/person\/52c5bb7be482269f0e98ed62e0fab767","name":"iggisar","image":{"@type":"ImageObject","inLanguage":"es","@id":"https:\/\/secure.gravatar.com\/avatar\/abf70bef82f50c68a6527d081e6585b5ff3e8a7ac7742a3e40b4d21cb5286d73?s=96&d=mm&r=g","url":"https:\/\/secure.gravatar.com\/avatar\/abf70bef82f50c68a6527d081e6585b5ff3e8a7ac7742a3e40b4d21cb5286d73?s=96&d=mm&r=g","contentUrl":"https:\/\/secure.gravatar.com\/avatar\/abf70bef82f50c68a6527d081e6585b5ff3e8a7ac7742a3e40b4d21cb5286d73?s=96&d=mm&r=g","caption":"iggisar"},"url":"https:\/\/catunescoforum.upv.es\/?author=11561"}]}},"_links":{"self":[{"href":"https:\/\/catunescoforum.upv.es\/index.php?rest_route=\/wp\/v2\/posts\/7260","targetHints":{"allow":["GET"]}}],"collection":[{"href":"https:\/\/catunescoforum.upv.es\/index.php?rest_route=\/wp\/v2\/posts"}],"about":[{"href":"https:\/\/catunescoforum.upv.es\/index.php?rest_route=\/wp\/v2\/types\/post"}],"author":[{"embeddable":true,"href":"https:\/\/catunescoforum.upv.es\/index.php?rest_route=\/wp\/v2\/users\/11561"}],"replies":[{"embeddable":true,"href":"https:\/\/catunescoforum.upv.es\/index.php?rest_route=%2Fwp%2Fv2%2Fcomments&post=7260"}],"version-history":[{"count":2,"href":"https:\/\/catunescoforum.upv.es\/index.php?rest_route=\/wp\/v2\/posts\/7260\/revisions"}],"predecessor-version":[{"id":7831,"href":"https:\/\/catunescoforum.upv.es\/index.php?rest_route=\/wp\/v2\/posts\/7260\/revisions\/7831"}],"wp:featuredmedia":[{"embeddable":true,"href":"https:\/\/catunescoforum.upv.es\/index.php?rest_route=\/wp\/v2\/media\/7261"}],"wp:attachment":[{"href":"https:\/\/catunescoforum.upv.es\/index.php?rest_route=%2Fwp%2Fv2%2Fmedia&parent=7260"}],"wp:term":[{"taxonomy":"category","embeddable":true,"href":"https:\/\/catunescoforum.upv.es\/index.php?rest_route=%2Fwp%2Fv2%2Fcategories&post=7260"},{"taxonomy":"post_tag","embeddable":true,"href":"https:\/\/catunescoforum.upv.es\/index.php?rest_route=%2Fwp%2Fv2%2Ftags&post=7260"}],"curies":[{"name":"wp","href":"https:\/\/api.w.org\/{rel}","templated":true}]}}