{"id":8128,"date":"2023-04-05T07:37:18","date_gmt":"2023-04-05T07:37:18","guid":{"rendered":"https:\/\/catunescoforum.upv.es\/?p=8128"},"modified":"2023-04-05T07:37:18","modified_gmt":"2023-04-05T07:37:18","slug":"dia-mundial-del-arte","status":"publish","type":"post","link":"https:\/\/catunescoforum.upv.es\/?p=8128","title":{"rendered":"D\u00cdA MUNDIAL DEL ARTE"},"content":{"rendered":"<div id=\"pl-8128\"  class=\"panel-layout\" ><div id=\"pg-8128-0\"  class=\"panel-grid panel-has-style\" ><div class=\"panel-row-style panel-row-style-for-8128-0\" ><div id=\"pgc-8128-0-0\"  class=\"panel-grid-cell\" ><div id=\"panel-8128-0-0-0\" class=\"so-panel widget widget_media_image panel-first-child panel-last-child\" data-index=\"0\" ><h3 class=\"widget-title\">\u00a9INBA<\/h3><img loading=\"lazy\" decoding=\"async\" width=\"1080\" height=\"493\" src=\"https:\/\/catunescoforum.upv.es\/wp-content\/uploads\/2023\/04\/14093-IMG_BG_POST-dia_mundial_del_arte.jpeg\" class=\"image wp-image-8129  attachment-full size-full\" alt=\"\" style=\"max-width: 100%; height: auto;\" srcset=\"https:\/\/catunescoforum.upv.es\/wp-content\/uploads\/2023\/04\/14093-IMG_BG_POST-dia_mundial_del_arte.jpeg 1080w, https:\/\/catunescoforum.upv.es\/wp-content\/uploads\/2023\/04\/14093-IMG_BG_POST-dia_mundial_del_arte-768x351.jpeg 768w\" sizes=\"auto, (max-width: 1080px) 100vw, 1080px\" \/><\/div><\/div><\/div><\/div><div id=\"pg-8128-1\"  class=\"panel-grid panel-has-style\" ><div class=\"panel-row-style panel-row-style-for-8128-1\" ><div id=\"pgc-8128-1-0\"  class=\"panel-grid-cell\" ><div id=\"panel-8128-1-0-0\" class=\"so-panel widget widget_text panel-first-child panel-last-child\" data-index=\"1\" ><div class=\"panel-widget-style panel-widget-style-for-8128-1-0-0\" ><h3 class=\"widget-title\">D\u00cdA MUNDIAL DEL ARTE<\/h3>\t\t\t<div class=\"textwidget\"><p>Hoy, <strong>15 de abril<\/strong>, se celebra el <strong>D\u00eda Mundial del Arte<\/strong>. Esta celebraci\u00f3n se encuentra fijada en el calendario desde el a\u00f1o 2012. Este D\u00eda Internacional fue propuesto por la Asociaci\u00f3n Internacional de Artes Pl\u00e1sticas (AIAP) y a partir de 2019 se oficializ\u00f3 por la UNESCO en su 40\u00aa reuni\u00f3n de la Conferencia General de la UNESCO.<\/p>\n<p>Esta celebraci\u00f3n se estableci\u00f3 el 15 de abril debido al nacimiento de Leonardo Da Vinci, uno de los pintores m\u00e1s relevantes de la historia del arte, considerado el hombre del renacimiento por cultivar la pintura, escultura, dise\u00f1o, arquitectura, poes\u00eda, biolog\u00eda y otras disciplinas.<\/p>\n<p>Algunas de las numerosas ventajas que ha detectado la ciencia sobre la pr\u00e1ctica del arte desde edad temprana son:<\/p>\n<ul>\n<li>Desarrollo de una sensibilidad que permite a una persona establecer un c\u00f3digo de \u00e9tica muy s\u00f3lido.<\/li>\n<li>Ayuda en el aumento de concentraci\u00f3n.<\/li>\n<li>Desarrollo de estructuras de pensamiento complejas.<\/li>\n<li>Fomento del desarrollo de la creatividad a nivel individual y grupal.<\/li>\n<li>Trabajo de tolerancia.<\/li>\n<li>Aumento de la confianza en uno mismo.<\/li>\n<\/ul>\n<p>Audrey Azoulay, Directora General de la UNESCO comenta \u201ceste D\u00eda Mundial del Arte nos recuerda oportunamente que el arte tiene la capacidad de unirnos y establecer v\u00ednculos entre nosotros, incluso en las circunstancias m\u00e1s dif\u00edciles. De hecho, el poder del arte para reunir a la gente, inspirar, sanar y compartir se ha hecho cada vez m\u00e1s patente durante los conflictos y crisis recientes, comprendida la pandemia de COVID-19\u201d.<\/p>\n<p>Pincha <a href=\"https:\/\/unesdoc.unesco.org\/ark:\/48223\/pf0000372579_spa\">aqu\u00ed<\/a> para leer la Resoluci\u00f3n de la Conferencia General de la UNESCO en su 40\u00aa reuni\u00f3n celebrada en Par\u00eds del 12 al 27 de noviembre de 2019.<\/p>\n<p>__<\/p>\n<p><strong>WORLD ART DAY<\/strong><\/p>\n<p>Today, <strong>April 15<\/strong>, is <strong>World Art Day<\/strong>. This celebration is fixed in the calendar since 2012. This International Day was proposed by the International Association of Art (IAAA) and as of 2019 it was made official by UNESCO at its 40th session of the General Conference of UNESCO.<\/p>\n<p>This celebration was established on April 15 due to the birth of Leonardo Da Vinci, one of the most relevant painters in the history of art, considered the Renaissance man for cultivating painting, sculpture, design, architecture, poetry, biology and other disciplines.<\/p>\n<p>Some of the numerous advantages that science has detected about the practice of art from an early age are:<br \/>\n&#8211; Development of a sensitivity that allows a person to establish a very solid code of ethics.<br \/>\n&#8211; Help in the increase of concentration.<br \/>\n&#8211; Development of complex thinking structures.<br \/>\n&#8211; Encouragement of the development of creativity at an individual and group level.<br \/>\n&#8211; Tolerance work.<br \/>\n&#8211; Increased self-confidence.<\/p>\n<p>Audrey Azoulay, Director-General of UNESCO comments &#8220;this World Art Day is a timely reminder that art has the ability to unite and bond us together, even in the most difficult of circumstances. Indeed, the power of art to bring people together, to inspire, to heal and to share has become increasingly evident during recent conflicts and crises, including the AIDS-19 pandemic&#8221;.<\/p>\n<p>Click <a href=\"https:\/\/unesdoc.unesco.org\/ark:\/48223\/pf0000372579\">here<\/a> to read the Resolution of the UNESCO General Conference at its 40th session held in Paris from 12 to 27 November 2019.<\/p>\n<p>__<\/p>\n<\/div>\n\t\t<\/div><\/div><\/div><\/div><\/div><\/div>","protected":false},"excerpt":{"rendered":"<p>El 15 de abril se celebra este d\u00eda tan importante. <\/p>\n","protected":false},"author":11561,"featured_media":8129,"comment_status":"open","ping_status":"open","sticky":false,"template":"","format":"standard","meta":{"_monsterinsights_skip_tracking":false,"footnotes":""},"categories":[10],"tags":[232,470,244,112],"class_list":["post-8128","post","type-post","status-publish","format-standard","has-post-thumbnail","hentry","category-news","tag-arte","tag-creatividad","tag-diainternacional","tag-unesco"],"yoast_head":"<!-- This site is optimized with the Yoast SEO plugin v28.4 - https:\/\/yoast.com\/product\/yoast-seo-wordpress\/ -->\n<title>D\u00cdA MUNDIAL DEL ARTE - C\u00e1tedra UNESCO Forum Universidad y Patrimonio Cultural<\/title>\n<meta name=\"robots\" content=\"index, follow, max-snippet:-1, max-image-preview:large, max-video-preview:-1\" \/>\n<link rel=\"canonical\" href=\"https:\/\/catunescoforum.upv.es\/?p=8128\" \/>\n<meta property=\"og:locale\" content=\"es_ES\" \/>\n<meta property=\"og:type\" content=\"article\" \/>\n<meta property=\"og:title\" content=\"[:es]D\u00cdA MUNDIAL DEL ARTE[:en]BLUE SHIELDS IN THE HERITAGE OF UKRAINE[:] - C\u00e1tedra UNESCO Forum Universidad y Patrimonio Cultural\" \/>\n<meta property=\"og:description\" content=\"El 15 de abril se celebra este d\u00eda tan importante.\" \/>\n<meta property=\"og:url\" content=\"https:\/\/catunescoforum.upv.es\/?p=8128\" \/>\n<meta property=\"og:site_name\" content=\"C\u00e1tedra UNESCO Forum Universidad y Patrimonio Cultural\" \/>\n<meta property=\"article:published_time\" content=\"2023-04-05T07:37:18+00:00\" \/>\n<meta property=\"og:image\" content=\"https:\/\/catunescoforum.upv.es\/wp-content\/uploads\/2023\/04\/14093-IMG_BG_POST-dia_mundial_del_arte.jpeg\" \/>\n\t<meta property=\"og:image:width\" content=\"1080\" \/>\n\t<meta property=\"og:image:height\" content=\"493\" \/>\n\t<meta property=\"og:image:type\" content=\"image\/jpeg\" \/>\n<meta name=\"author\" content=\"iggisar\" \/>\n<meta name=\"twitter:card\" content=\"summary_large_image\" \/>\n<meta name=\"twitter:label1\" content=\"Escrito por\" \/>\n\t<meta name=\"twitter:data1\" content=\"iggisar\" \/>\n\t<meta name=\"twitter:label2\" content=\"Tiempo de lectura\" \/>\n\t<meta name=\"twitter:data2\" content=\"3 minutos\" \/>\n<script type=\"application\/ld+json\" class=\"yoast-schema-graph\">{\"@context\":\"https:\\\/\\\/schema.org\",\"@graph\":[{\"@type\":\"Article\",\"@id\":\"https:\\\/\\\/catunescoforum.upv.es\\\/?p=8128#article\",\"isPartOf\":{\"@id\":\"https:\\\/\\\/catunescoforum.upv.es\\\/?p=8128\"},\"author\":{\"name\":\"iggisar\",\"@id\":\"https:\\\/\\\/catunescoforum.upv.es\\\/#\\\/schema\\\/person\\\/52c5bb7be482269f0e98ed62e0fab767\"},\"headline\":\"D\u00cdA MUNDIAL DEL ARTE\",\"datePublished\":\"2023-04-05T07:37:18+00:00\",\"mainEntityOfPage\":{\"@id\":\"https:\\\/\\\/catunescoforum.upv.es\\\/?p=8128\"},\"wordCount\":539,\"commentCount\":0,\"publisher\":{\"@id\":\"https:\\\/\\\/catunescoforum.upv.es\\\/#organization\"},\"image\":{\"@id\":\"https:\\\/\\\/catunescoforum.upv.es\\\/?p=8128#primaryimage\"},\"thumbnailUrl\":\"https:\\\/\\\/catunescoforum.upv.es\\\/wp-content\\\/uploads\\\/2023\\\/04\\\/14093-IMG_BG_POST-dia_mundial_del_arte.jpeg\",\"keywords\":[\"arte\",\"creatividad\",\"DiaInternacional\",\"UNESCO\"],\"articleSection\":[\"Noticias\"],\"inLanguage\":\"es\",\"potentialAction\":[{\"@type\":\"CommentAction\",\"name\":\"Comment\",\"target\":[\"https:\\\/\\\/catunescoforum.upv.es\\\/?p=8128#respond\"]}]},{\"@type\":\"WebPage\",\"@id\":\"https:\\\/\\\/catunescoforum.upv.es\\\/?p=8128\",\"url\":\"https:\\\/\\\/catunescoforum.upv.es\\\/?p=8128\",\"name\":\"[:es]D\u00cdA MUNDIAL DEL ARTE[:en]BLUE SHIELDS IN THE HERITAGE OF UKRAINE[:] - C\u00e1tedra UNESCO Forum Universidad y Patrimonio Cultural\",\"isPartOf\":{\"@id\":\"https:\\\/\\\/catunescoforum.upv.es\\\/#website\"},\"primaryImageOfPage\":{\"@id\":\"https:\\\/\\\/catunescoforum.upv.es\\\/?p=8128#primaryimage\"},\"image\":{\"@id\":\"https:\\\/\\\/catunescoforum.upv.es\\\/?p=8128#primaryimage\"},\"thumbnailUrl\":\"https:\\\/\\\/catunescoforum.upv.es\\\/wp-content\\\/uploads\\\/2023\\\/04\\\/14093-IMG_BG_POST-dia_mundial_del_arte.jpeg\",\"datePublished\":\"2023-04-05T07:37:18+00:00\",\"breadcrumb\":{\"@id\":\"https:\\\/\\\/catunescoforum.upv.es\\\/?p=8128#breadcrumb\"},\"inLanguage\":\"es\",\"potentialAction\":[{\"@type\":\"ReadAction\",\"target\":[\"https:\\\/\\\/catunescoforum.upv.es\\\/?p=8128\"]}]},{\"@type\":\"ImageObject\",\"inLanguage\":\"es\",\"@id\":\"https:\\\/\\\/catunescoforum.upv.es\\\/?p=8128#primaryimage\",\"url\":\"https:\\\/\\\/catunescoforum.upv.es\\\/wp-content\\\/uploads\\\/2023\\\/04\\\/14093-IMG_BG_POST-dia_mundial_del_arte.jpeg\",\"contentUrl\":\"https:\\\/\\\/catunescoforum.upv.es\\\/wp-content\\\/uploads\\\/2023\\\/04\\\/14093-IMG_BG_POST-dia_mundial_del_arte.jpeg\",\"width\":1080,\"height\":493},{\"@type\":\"BreadcrumbList\",\"@id\":\"https:\\\/\\\/catunescoforum.upv.es\\\/?p=8128#breadcrumb\",\"itemListElement\":[{\"@type\":\"ListItem\",\"position\":1,\"name\":\"Home\",\"item\":\"https:\\\/\\\/catunescoforum.upv.es\\\/\"},{\"@type\":\"ListItem\",\"position\":2,\"name\":\"D\u00cdA MUNDIAL DEL ARTE\"}]},{\"@type\":\"WebSite\",\"@id\":\"https:\\\/\\\/catunescoforum.upv.es\\\/#website\",\"url\":\"https:\\\/\\\/catunescoforum.upv.es\\\/\",\"name\":\"C\u00e1tedra UNESCO Forum Universidad y Patrimonio Cultural\",\"description\":\"Una red universitaria internacional al cuidado del Patrimonio Cultural\",\"publisher\":{\"@id\":\"https:\\\/\\\/catunescoforum.upv.es\\\/#organization\"},\"potentialAction\":[{\"@type\":\"SearchAction\",\"target\":{\"@type\":\"EntryPoint\",\"urlTemplate\":\"https:\\\/\\\/catunescoforum.upv.es\\\/?s={search_term_string}\"},\"query-input\":{\"@type\":\"PropertyValueSpecification\",\"valueRequired\":true,\"valueName\":\"search_term_string\"}}],\"inLanguage\":\"es\"},{\"@type\":\"Organization\",\"@id\":\"https:\\\/\\\/catunescoforum.upv.es\\\/#organization\",\"name\":\"C\u00e1tedra UNESCO Forum Universidad y Patrimonio Cultura\",\"url\":\"https:\\\/\\\/catunescoforum.upv.es\\\/\",\"logo\":{\"@type\":\"ImageObject\",\"inLanguage\":\"es\",\"@id\":\"https:\\\/\\\/catunescoforum.upv.es\\\/#\\\/schema\\\/logo\\\/image\\\/\",\"url\":\"https:\\\/\\\/catunescoforum.upv.es\\\/wp-content\\\/uploads\\\/2025\\\/07\\\/cropped-Logo_catedra_2025_julio-scaled-1.png\",\"contentUrl\":\"https:\\\/\\\/catunescoforum.upv.es\\\/wp-content\\\/uploads\\\/2025\\\/07\\\/cropped-Logo_catedra_2025_julio-scaled-1.png\",\"width\":2560,\"height\":329,\"caption\":\"C\u00e1tedra UNESCO Forum Universidad y Patrimonio Cultura\"},\"image\":{\"@id\":\"https:\\\/\\\/catunescoforum.upv.es\\\/#\\\/schema\\\/logo\\\/image\\\/\"}},{\"@type\":\"Person\",\"@id\":\"https:\\\/\\\/catunescoforum.upv.es\\\/#\\\/schema\\\/person\\\/52c5bb7be482269f0e98ed62e0fab767\",\"name\":\"iggisar\",\"image\":{\"@type\":\"ImageObject\",\"inLanguage\":\"es\",\"@id\":\"https:\\\/\\\/secure.gravatar.com\\\/avatar\\\/abf70bef82f50c68a6527d081e6585b5ff3e8a7ac7742a3e40b4d21cb5286d73?s=96&d=mm&r=g\",\"url\":\"https:\\\/\\\/secure.gravatar.com\\\/avatar\\\/abf70bef82f50c68a6527d081e6585b5ff3e8a7ac7742a3e40b4d21cb5286d73?s=96&d=mm&r=g\",\"contentUrl\":\"https:\\\/\\\/secure.gravatar.com\\\/avatar\\\/abf70bef82f50c68a6527d081e6585b5ff3e8a7ac7742a3e40b4d21cb5286d73?s=96&d=mm&r=g\",\"caption\":\"iggisar\"},\"url\":\"https:\\\/\\\/catunescoforum.upv.es\\\/?author=11561\"}]}<\/script>\n<!-- \/ Yoast SEO plugin. -->","yoast_head_json":{"title":"[:es]D\u00cdA MUNDIAL DEL ARTE[:en]BLUE SHIELDS IN THE HERITAGE OF UKRAINE[:] - C\u00e1tedra UNESCO Forum Universidad y Patrimonio Cultural","robots":{"index":"index","follow":"follow","max-snippet":"max-snippet:-1","max-image-preview":"max-image-preview:large","max-video-preview":"max-video-preview:-1"},"canonical":"https:\/\/catunescoforum.upv.es\/?p=8128","og_locale":"es_ES","og_type":"article","og_title":"[:es]D\u00cdA MUNDIAL DEL ARTE[:en]BLUE SHIELDS IN THE HERITAGE OF UKRAINE[:] - C\u00e1tedra UNESCO Forum Universidad y Patrimonio Cultural","og_description":"El 15 de abril se celebra este d\u00eda tan importante.","og_url":"https:\/\/catunescoforum.upv.es\/?p=8128","og_site_name":"C\u00e1tedra UNESCO Forum Universidad y Patrimonio Cultural","article_published_time":"2023-04-05T07:37:18+00:00","og_image":[{"width":1080,"height":493,"url":"https:\/\/catunescoforum.upv.es\/wp-content\/uploads\/2023\/04\/14093-IMG_BG_POST-dia_mundial_del_arte.jpeg","type":"image\/jpeg"}],"author":"iggisar","twitter_card":"summary_large_image","twitter_misc":{"Escrito por":"iggisar","Tiempo de lectura":"3 minutos"},"schema":{"@context":"https:\/\/schema.org","@graph":[{"@type":"Article","@id":"https:\/\/catunescoforum.upv.es\/?p=8128#article","isPartOf":{"@id":"https:\/\/catunescoforum.upv.es\/?p=8128"},"author":{"name":"iggisar","@id":"https:\/\/catunescoforum.upv.es\/#\/schema\/person\/52c5bb7be482269f0e98ed62e0fab767"},"headline":"D\u00cdA MUNDIAL DEL ARTE","datePublished":"2023-04-05T07:37:18+00:00","mainEntityOfPage":{"@id":"https:\/\/catunescoforum.upv.es\/?p=8128"},"wordCount":539,"commentCount":0,"publisher":{"@id":"https:\/\/catunescoforum.upv.es\/#organization"},"image":{"@id":"https:\/\/catunescoforum.upv.es\/?p=8128#primaryimage"},"thumbnailUrl":"https:\/\/catunescoforum.upv.es\/wp-content\/uploads\/2023\/04\/14093-IMG_BG_POST-dia_mundial_del_arte.jpeg","keywords":["arte","creatividad","DiaInternacional","UNESCO"],"articleSection":["Noticias"],"inLanguage":"es","potentialAction":[{"@type":"CommentAction","name":"Comment","target":["https:\/\/catunescoforum.upv.es\/?p=8128#respond"]}]},{"@type":"WebPage","@id":"https:\/\/catunescoforum.upv.es\/?p=8128","url":"https:\/\/catunescoforum.upv.es\/?p=8128","name":"[:es]D\u00cdA MUNDIAL DEL ARTE[:en]BLUE SHIELDS IN THE HERITAGE OF UKRAINE[:] - C\u00e1tedra UNESCO Forum Universidad y Patrimonio Cultural","isPartOf":{"@id":"https:\/\/catunescoforum.upv.es\/#website"},"primaryImageOfPage":{"@id":"https:\/\/catunescoforum.upv.es\/?p=8128#primaryimage"},"image":{"@id":"https:\/\/catunescoforum.upv.es\/?p=8128#primaryimage"},"thumbnailUrl":"https:\/\/catunescoforum.upv.es\/wp-content\/uploads\/2023\/04\/14093-IMG_BG_POST-dia_mundial_del_arte.jpeg","datePublished":"2023-04-05T07:37:18+00:00","breadcrumb":{"@id":"https:\/\/catunescoforum.upv.es\/?p=8128#breadcrumb"},"inLanguage":"es","potentialAction":[{"@type":"ReadAction","target":["https:\/\/catunescoforum.upv.es\/?p=8128"]}]},{"@type":"ImageObject","inLanguage":"es","@id":"https:\/\/catunescoforum.upv.es\/?p=8128#primaryimage","url":"https:\/\/catunescoforum.upv.es\/wp-content\/uploads\/2023\/04\/14093-IMG_BG_POST-dia_mundial_del_arte.jpeg","contentUrl":"https:\/\/catunescoforum.upv.es\/wp-content\/uploads\/2023\/04\/14093-IMG_BG_POST-dia_mundial_del_arte.jpeg","width":1080,"height":493},{"@type":"BreadcrumbList","@id":"https:\/\/catunescoforum.upv.es\/?p=8128#breadcrumb","itemListElement":[{"@type":"ListItem","position":1,"name":"Home","item":"https:\/\/catunescoforum.upv.es\/"},{"@type":"ListItem","position":2,"name":"D\u00cdA MUNDIAL DEL ARTE"}]},{"@type":"WebSite","@id":"https:\/\/catunescoforum.upv.es\/#website","url":"https:\/\/catunescoforum.upv.es\/","name":"C\u00e1tedra UNESCO Forum Universidad y Patrimonio Cultural","description":"Una red universitaria internacional al cuidado del Patrimonio Cultural","publisher":{"@id":"https:\/\/catunescoforum.upv.es\/#organization"},"potentialAction":[{"@type":"SearchAction","target":{"@type":"EntryPoint","urlTemplate":"https:\/\/catunescoforum.upv.es\/?s={search_term_string}"},"query-input":{"@type":"PropertyValueSpecification","valueRequired":true,"valueName":"search_term_string"}}],"inLanguage":"es"},{"@type":"Organization","@id":"https:\/\/catunescoforum.upv.es\/#organization","name":"C\u00e1tedra UNESCO Forum Universidad y Patrimonio Cultura","url":"https:\/\/catunescoforum.upv.es\/","logo":{"@type":"ImageObject","inLanguage":"es","@id":"https:\/\/catunescoforum.upv.es\/#\/schema\/logo\/image\/","url":"https:\/\/catunescoforum.upv.es\/wp-content\/uploads\/2025\/07\/cropped-Logo_catedra_2025_julio-scaled-1.png","contentUrl":"https:\/\/catunescoforum.upv.es\/wp-content\/uploads\/2025\/07\/cropped-Logo_catedra_2025_julio-scaled-1.png","width":2560,"height":329,"caption":"C\u00e1tedra UNESCO Forum Universidad y Patrimonio Cultura"},"image":{"@id":"https:\/\/catunescoforum.upv.es\/#\/schema\/logo\/image\/"}},{"@type":"Person","@id":"https:\/\/catunescoforum.upv.es\/#\/schema\/person\/52c5bb7be482269f0e98ed62e0fab767","name":"iggisar","image":{"@type":"ImageObject","inLanguage":"es","@id":"https:\/\/secure.gravatar.com\/avatar\/abf70bef82f50c68a6527d081e6585b5ff3e8a7ac7742a3e40b4d21cb5286d73?s=96&d=mm&r=g","url":"https:\/\/secure.gravatar.com\/avatar\/abf70bef82f50c68a6527d081e6585b5ff3e8a7ac7742a3e40b4d21cb5286d73?s=96&d=mm&r=g","contentUrl":"https:\/\/secure.gravatar.com\/avatar\/abf70bef82f50c68a6527d081e6585b5ff3e8a7ac7742a3e40b4d21cb5286d73?s=96&d=mm&r=g","caption":"iggisar"},"url":"https:\/\/catunescoforum.upv.es\/?author=11561"}]}},"_links":{"self":[{"href":"https:\/\/catunescoforum.upv.es\/index.php?rest_route=\/wp\/v2\/posts\/8128","targetHints":{"allow":["GET"]}}],"collection":[{"href":"https:\/\/catunescoforum.upv.es\/index.php?rest_route=\/wp\/v2\/posts"}],"about":[{"href":"https:\/\/catunescoforum.upv.es\/index.php?rest_route=\/wp\/v2\/types\/post"}],"author":[{"embeddable":true,"href":"https:\/\/catunescoforum.upv.es\/index.php?rest_route=\/wp\/v2\/users\/11561"}],"replies":[{"embeddable":true,"href":"https:\/\/catunescoforum.upv.es\/index.php?rest_route=%2Fwp%2Fv2%2Fcomments&post=8128"}],"version-history":[{"count":2,"href":"https:\/\/catunescoforum.upv.es\/index.php?rest_route=\/wp\/v2\/posts\/8128\/revisions"}],"predecessor-version":[{"id":8131,"href":"https:\/\/catunescoforum.upv.es\/index.php?rest_route=\/wp\/v2\/posts\/8128\/revisions\/8131"}],"wp:featuredmedia":[{"embeddable":true,"href":"https:\/\/catunescoforum.upv.es\/index.php?rest_route=\/wp\/v2\/media\/8129"}],"wp:attachment":[{"href":"https:\/\/catunescoforum.upv.es\/index.php?rest_route=%2Fwp%2Fv2%2Fmedia&parent=8128"}],"wp:term":[{"taxonomy":"category","embeddable":true,"href":"https:\/\/catunescoforum.upv.es\/index.php?rest_route=%2Fwp%2Fv2%2Fcategories&post=8128"},{"taxonomy":"post_tag","embeddable":true,"href":"https:\/\/catunescoforum.upv.es\/index.php?rest_route=%2Fwp%2Fv2%2Ftags&post=8128"}],"curies":[{"name":"wp","href":"https:\/\/api.w.org\/{rel}","templated":true}]}}