{"id":8617,"date":"2023-10-23T09:59:37","date_gmt":"2023-10-23T09:59:37","guid":{"rendered":"https:\/\/catunescoforum.upv.es\/?p=8617"},"modified":"2023-10-23T10:00:04","modified_gmt":"2023-10-23T10:00:04","slug":"ano-sorolla","status":"publish","type":"post","link":"https:\/\/catunescoforum.upv.es\/?p=8617","title":{"rendered":"A\u00d1O SOROLLA"},"content":{"rendered":"<div id=\"pl-8617\"  class=\"panel-layout\" ><div id=\"pg-8617-0\"  class=\"panel-grid panel-has-style\" ><div class=\"panel-row-style panel-row-style-for-8617-0\" ><div id=\"pgc-8617-0-0\"  class=\"panel-grid-cell\" ><div id=\"panel-8617-0-0-0\" class=\"so-panel widget widget_media_image panel-first-child panel-last-child\" data-index=\"0\" ><h3 class=\"widget-title\">ACTUALIDAD<\/h3><img loading=\"lazy\" decoding=\"async\" width=\"573\" height=\"322\" src=\"https:\/\/catunescoforum.upv.es\/wp-content\/uploads\/2023\/10\/Sorolla.jpeg\" class=\"image wp-image-8618  attachment-full size-full\" alt=\"\" style=\"max-width: 100%; height: auto;\" srcset=\"https:\/\/catunescoforum.upv.es\/wp-content\/uploads\/2023\/10\/Sorolla.jpeg 573w, https:\/\/catunescoforum.upv.es\/wp-content\/uploads\/2023\/10\/Sorolla-250x141.jpeg 250w\" sizes=\"auto, (max-width: 573px) 100vw, 573px\" \/><\/div><\/div><\/div><\/div><div id=\"pg-8617-1\"  class=\"panel-grid panel-has-style\" ><div class=\"panel-row-style panel-row-style-for-8617-1\" ><div id=\"pgc-8617-1-0\"  class=\"panel-grid-cell\" ><div id=\"panel-8617-1-0-0\" class=\"so-panel widget widget_text panel-first-child panel-last-child\" data-index=\"1\" ><div class=\"panel-widget-style panel-widget-style-for-8617-1-0-0\" ><h3 class=\"widget-title\">A\u00d1O SOROLLA<\/h3>\t\t\t<div class=\"textwidget\"><p style=\"font-weight: 400\"><strong>Este a\u00f1o 2023 se celebra el centenario de la muerte de uno de los pintores valencianos m\u00e1s ilustres y reconocidos a nivel internacional en el mundo del arte.<\/strong><\/p>\n<p style=\"font-weight: 400\"><strong>Joaqu\u00edn Sorolla<\/strong> naci\u00f3 el 27 de febrero de 1863 y falleci\u00f3 el 10 de agosto de 1923. De esta manera, se conmemora el centenario, declarando el 2023 como el \u201cA\u00f1o Sorolla\u201d.<\/p>\n<p style=\"font-weight: 400\">El a\u00f1o Sorolla comenz\u00f3 oficialmente el 17 de febrero de 2023. La efem\u00e9ride de los cien a\u00f1os de la muerte del pintor valenciano Joaqu\u00edn Sorolla Bastida viene acompa\u00f1ada de eventos como conferencias, exposiciones y otros acontecimientos que se han ido dando durante este a\u00f1o.<\/p>\n<p style=\"font-weight: 400\">Cabe recordar que Sorolla falleci\u00f3 el 10 de agosto de 1923 en la casa familiar de veraneo en la Sierra de Guadarrama, con 60 a\u00f1os debido a una hemiplej\u00eda que sufr\u00eda desde hac\u00eda tiempo. Este evento ha sido declarado \u201cAcontecimiento de Inter\u00e9s P\u00fablico\u201d por el Ministerio de Cultura.<\/p>\n<p style=\"font-weight: 400\">Joaqu\u00edn Sorolla, bautizado como el Pintor de la Luz, es el pintor m\u00e1s universal que ha dado Valencia, dejando se\u00f1as de identidad est\u00e9tica de la ciudad. Sorolla estudi\u00f3 en la Escuela de Artesanos de Valencia y en la Real Academia de Bellas Artes de San Carlos, lugar que le permiti\u00f3 experimentar un progreso y conocer las vanguardias europeas. Sin embargo, \u00e9l mostr\u00f3 r\u00e1pidamente su inquietud por reflejar la luz del Mediterr\u00e1neo en escenas cotidianas de su ciudad, en un estilo que se denomin\u00f3 luminismo.<\/p>\n<p style=\"font-weight: 400\">Joaqu\u00edn Sorolla era un enamorado de la ciudad de Valencia y cabe mencionar algunas de las localizaciones que formaron parte del escenario de muchas de sus obras. Desde las playas urbanas de Valencia hasta la \u201cCasa dels Bous\u201d (C\/Isabel de Villena, 156), donde se guardaban los animales que arrastraban las barcas desde el mar hasta la orilla. Aparte de la est\u00e9tica marinera que Sorolla plasmaba en sus cuadros, tambi\u00e9n mostr\u00f3 especial devoci\u00f3n por la Lonja de la Seda, la Catedral de Valencia, la casa natalicia de San Vicente Ferrer o el casalicio de la Virgen de los Desamparos en el Puente del mar, entre muchos otros.<\/p>\n<p style=\"font-weight: 400\">Joaqu\u00edn Sorolla representa una de las m\u00e1ximas expresiones art\u00edsticas en las que se puede conocer el valioso patrimonio valenciano y los escenarios m\u00e1s caracter\u00edsticos del Mediterr\u00e1neo, llenos de una luz propia a trav\u00e9s de la cual, Sorolla admiraba su ciudad.<\/p>\n<p>__<\/p>\n<p><strong>SOROLLA YEAR<\/strong><\/p>\n<p><strong>This year 2023 marks the centenary of the death of one of the most illustrious and internationally recognized Valencian painters in the art world.<\/strong><\/p>\n<p><strong>Joaqu\u00edn Sorolla<\/strong> was born on February 27, 1863 and died on August 10, 1923. Thus, the centenary is commemorated, declaring 2023 as the &#8220;Sorolla Year&#8221;.<\/p>\n<p>The Sorolla Year officially began on February 17, 2023. The 100th anniversary of the death of the Valencian painter Joaqu\u00edn Sorolla Bastida is accompanied by events such as conferences, exhibitions and other events that have been taking place during this year.<\/p>\n<p>It is worth remembering that Sorolla died on August 10, 1923 in the family summer home in the Sierra de Guadarrama, at the age of 60 due to a hemiplegia he had been suffering from for some time. This event has been declared an &#8220;Event of Public Interest&#8221; by the Ministry of Culture.<\/p>\n<p>Joaqu\u00edn Sorolla, baptized as the Painter of Light, is the most universal painter that Valencia has given, leaving signs of aesthetic identity of the city. Sorolla studied at the School of Artisans of Valencia and at the Royal Academy of Fine Arts of San Carlos, a place that allowed him to experience progress and learn about the European avant-garde. However, he quickly showed his interest in reflecting the light of the Mediterranean in everyday scenes of his city, in a style that was called luminism.<\/p>\n<p>Joaqu\u00edn Sorolla was in love with the city of Valencia and it is worth mentioning some of the locations that formed part of the scenery of many of his works. From the urban beaches of Valencia to the &#8220;Casa dels Bous&#8221; (C\/Isabel de Villena, 156), where the animals that dragged the boats from the sea to the shore were kept. Apart from the seafaring aesthetics that Sorolla captured in his paintings, he also showed special devotion for the Lonja de la Seda, the Cathedral of Valencia, the birthplace of San Vicente Ferrer or the house of the Virgen de los Desamparos in the Puente del Mar, among many others.<\/p>\n<p>Joaqu\u00edn Sorolla represents one of the maximum artistic expressions in which the valuable Valencian heritage and the most characteristic sceneries of the Mediterranean can be known, full of their own light through which Sorolla admired his city.<\/p>\n<p>__<\/p>\n<\/div>\n\t\t<\/div><\/div><\/div><\/div><\/div><\/div>","protected":false},"excerpt":{"rendered":"<p>Este a\u00f1o se conmemora a uno de los pintores valencianos m\u00e1s ilustres a nivel internacional. <\/p>\n","protected":false},"author":11561,"featured_media":8618,"comment_status":"open","ping_status":"open","sticky":false,"template":"","format":"standard","meta":{"_monsterinsights_skip_tracking":false,"footnotes":""},"categories":[10],"tags":[249,546,232,258,547,311,88,545],"class_list":["post-8617","post","type-post","status-publish","format-standard","has-post-thumbnail","hentry","category-news","tag-249","tag-anosorolla","tag-arte","tag-cultura","tag-luz","tag-mediterraneo","tag-patrimonio","tag-sorolla"],"yoast_head":"<!-- This site is optimized with the Yoast SEO plugin v28.4 - https:\/\/yoast.com\/product\/yoast-seo-wordpress\/ -->\n<title>A\u00d1O SOROLLA - C\u00e1tedra UNESCO Forum Universidad y Patrimonio Cultural<\/title>\n<meta name=\"robots\" content=\"index, follow, max-snippet:-1, max-image-preview:large, max-video-preview:-1\" \/>\n<link rel=\"canonical\" href=\"https:\/\/catunescoforum.upv.es\/?p=8617\" \/>\n<meta property=\"og:locale\" content=\"es_ES\" \/>\n<meta property=\"og:type\" content=\"article\" \/>\n<meta property=\"og:title\" content=\"[:es]A\u00d1O SOROLLA[:en]BLUE SHIELDS IN THE HERITAGE OF UKRAINE[:] - C\u00e1tedra UNESCO Forum Universidad y Patrimonio Cultural\" \/>\n<meta property=\"og:description\" content=\"Este a\u00f1o se conmemora a uno de los pintores valencianos m\u00e1s ilustres a nivel internacional.\" \/>\n<meta property=\"og:url\" content=\"https:\/\/catunescoforum.upv.es\/?p=8617\" \/>\n<meta property=\"og:site_name\" content=\"C\u00e1tedra UNESCO Forum Universidad y Patrimonio Cultural\" \/>\n<meta property=\"article:published_time\" content=\"2023-10-23T09:59:37+00:00\" \/>\n<meta property=\"article:modified_time\" content=\"2023-10-23T10:00:04+00:00\" \/>\n<meta property=\"og:image\" content=\"https:\/\/catunescoforum.upv.es\/wp-content\/uploads\/2023\/10\/Sorolla.jpeg\" \/>\n\t<meta property=\"og:image:width\" content=\"573\" \/>\n\t<meta property=\"og:image:height\" content=\"322\" \/>\n\t<meta property=\"og:image:type\" content=\"image\/jpeg\" \/>\n<meta name=\"author\" content=\"iggisar\" \/>\n<meta name=\"twitter:card\" content=\"summary_large_image\" \/>\n<meta name=\"twitter:label1\" content=\"Escrito por\" \/>\n\t<meta name=\"twitter:data1\" content=\"iggisar\" \/>\n\t<meta name=\"twitter:label2\" content=\"Tiempo de lectura\" \/>\n\t<meta name=\"twitter:data2\" content=\"4 minutos\" \/>\n<script type=\"application\/ld+json\" class=\"yoast-schema-graph\">{\"@context\":\"https:\\\/\\\/schema.org\",\"@graph\":[{\"@type\":\"Article\",\"@id\":\"https:\\\/\\\/catunescoforum.upv.es\\\/?p=8617#article\",\"isPartOf\":{\"@id\":\"https:\\\/\\\/catunescoforum.upv.es\\\/?p=8617\"},\"author\":{\"name\":\"iggisar\",\"@id\":\"https:\\\/\\\/catunescoforum.upv.es\\\/#\\\/schema\\\/person\\\/52c5bb7be482269f0e98ed62e0fab767\"},\"headline\":\"A\u00d1O SOROLLA\",\"datePublished\":\"2023-10-23T09:59:37+00:00\",\"dateModified\":\"2023-10-23T10:00:04+00:00\",\"mainEntityOfPage\":{\"@id\":\"https:\\\/\\\/catunescoforum.upv.es\\\/?p=8617\"},\"wordCount\":797,\"commentCount\":0,\"publisher\":{\"@id\":\"https:\\\/\\\/catunescoforum.upv.es\\\/#organization\"},\"image\":{\"@id\":\"https:\\\/\\\/catunescoforum.upv.es\\\/?p=8617#primaryimage\"},\"thumbnailUrl\":\"https:\\\/\\\/catunescoforum.upv.es\\\/wp-content\\\/uploads\\\/2023\\\/10\\\/Sorolla.jpeg\",\"keywords\":[\"2023\",\"A\u00f1oSorolla\",\"arte\",\"cultura\",\"luz\",\"Mediterr\u00e1neo\",\"patrimonio\",\"Sorolla\"],\"articleSection\":[\"Noticias\"],\"inLanguage\":\"es\",\"potentialAction\":[{\"@type\":\"CommentAction\",\"name\":\"Comment\",\"target\":[\"https:\\\/\\\/catunescoforum.upv.es\\\/?p=8617#respond\"]}]},{\"@type\":\"WebPage\",\"@id\":\"https:\\\/\\\/catunescoforum.upv.es\\\/?p=8617\",\"url\":\"https:\\\/\\\/catunescoforum.upv.es\\\/?p=8617\",\"name\":\"[:es]A\u00d1O SOROLLA[:en]BLUE SHIELDS IN THE HERITAGE OF UKRAINE[:] - C\u00e1tedra UNESCO Forum Universidad y Patrimonio Cultural\",\"isPartOf\":{\"@id\":\"https:\\\/\\\/catunescoforum.upv.es\\\/#website\"},\"primaryImageOfPage\":{\"@id\":\"https:\\\/\\\/catunescoforum.upv.es\\\/?p=8617#primaryimage\"},\"image\":{\"@id\":\"https:\\\/\\\/catunescoforum.upv.es\\\/?p=8617#primaryimage\"},\"thumbnailUrl\":\"https:\\\/\\\/catunescoforum.upv.es\\\/wp-content\\\/uploads\\\/2023\\\/10\\\/Sorolla.jpeg\",\"datePublished\":\"2023-10-23T09:59:37+00:00\",\"dateModified\":\"2023-10-23T10:00:04+00:00\",\"breadcrumb\":{\"@id\":\"https:\\\/\\\/catunescoforum.upv.es\\\/?p=8617#breadcrumb\"},\"inLanguage\":\"es\",\"potentialAction\":[{\"@type\":\"ReadAction\",\"target\":[\"https:\\\/\\\/catunescoforum.upv.es\\\/?p=8617\"]}]},{\"@type\":\"ImageObject\",\"inLanguage\":\"es\",\"@id\":\"https:\\\/\\\/catunescoforum.upv.es\\\/?p=8617#primaryimage\",\"url\":\"https:\\\/\\\/catunescoforum.upv.es\\\/wp-content\\\/uploads\\\/2023\\\/10\\\/Sorolla.jpeg\",\"contentUrl\":\"https:\\\/\\\/catunescoforum.upv.es\\\/wp-content\\\/uploads\\\/2023\\\/10\\\/Sorolla.jpeg\",\"width\":573,\"height\":322},{\"@type\":\"BreadcrumbList\",\"@id\":\"https:\\\/\\\/catunescoforum.upv.es\\\/?p=8617#breadcrumb\",\"itemListElement\":[{\"@type\":\"ListItem\",\"position\":1,\"name\":\"Home\",\"item\":\"https:\\\/\\\/catunescoforum.upv.es\\\/\"},{\"@type\":\"ListItem\",\"position\":2,\"name\":\"A\u00d1O SOROLLA\"}]},{\"@type\":\"WebSite\",\"@id\":\"https:\\\/\\\/catunescoforum.upv.es\\\/#website\",\"url\":\"https:\\\/\\\/catunescoforum.upv.es\\\/\",\"name\":\"C\u00e1tedra UNESCO Forum Universidad y Patrimonio Cultural\",\"description\":\"Una red universitaria internacional al cuidado del Patrimonio Cultural\",\"publisher\":{\"@id\":\"https:\\\/\\\/catunescoforum.upv.es\\\/#organization\"},\"potentialAction\":[{\"@type\":\"SearchAction\",\"target\":{\"@type\":\"EntryPoint\",\"urlTemplate\":\"https:\\\/\\\/catunescoforum.upv.es\\\/?s={search_term_string}\"},\"query-input\":{\"@type\":\"PropertyValueSpecification\",\"valueRequired\":true,\"valueName\":\"search_term_string\"}}],\"inLanguage\":\"es\"},{\"@type\":\"Organization\",\"@id\":\"https:\\\/\\\/catunescoforum.upv.es\\\/#organization\",\"name\":\"C\u00e1tedra UNESCO Forum Universidad y Patrimonio Cultura\",\"url\":\"https:\\\/\\\/catunescoforum.upv.es\\\/\",\"logo\":{\"@type\":\"ImageObject\",\"inLanguage\":\"es\",\"@id\":\"https:\\\/\\\/catunescoforum.upv.es\\\/#\\\/schema\\\/logo\\\/image\\\/\",\"url\":\"https:\\\/\\\/catunescoforum.upv.es\\\/wp-content\\\/uploads\\\/2025\\\/07\\\/cropped-Logo_catedra_2025_julio-scaled-1.png\",\"contentUrl\":\"https:\\\/\\\/catunescoforum.upv.es\\\/wp-content\\\/uploads\\\/2025\\\/07\\\/cropped-Logo_catedra_2025_julio-scaled-1.png\",\"width\":2560,\"height\":329,\"caption\":\"C\u00e1tedra UNESCO Forum Universidad y Patrimonio Cultura\"},\"image\":{\"@id\":\"https:\\\/\\\/catunescoforum.upv.es\\\/#\\\/schema\\\/logo\\\/image\\\/\"}},{\"@type\":\"Person\",\"@id\":\"https:\\\/\\\/catunescoforum.upv.es\\\/#\\\/schema\\\/person\\\/52c5bb7be482269f0e98ed62e0fab767\",\"name\":\"iggisar\",\"image\":{\"@type\":\"ImageObject\",\"inLanguage\":\"es\",\"@id\":\"https:\\\/\\\/secure.gravatar.com\\\/avatar\\\/abf70bef82f50c68a6527d081e6585b5ff3e8a7ac7742a3e40b4d21cb5286d73?s=96&d=mm&r=g\",\"url\":\"https:\\\/\\\/secure.gravatar.com\\\/avatar\\\/abf70bef82f50c68a6527d081e6585b5ff3e8a7ac7742a3e40b4d21cb5286d73?s=96&d=mm&r=g\",\"contentUrl\":\"https:\\\/\\\/secure.gravatar.com\\\/avatar\\\/abf70bef82f50c68a6527d081e6585b5ff3e8a7ac7742a3e40b4d21cb5286d73?s=96&d=mm&r=g\",\"caption\":\"iggisar\"},\"url\":\"https:\\\/\\\/catunescoforum.upv.es\\\/?author=11561\"}]}<\/script>\n<!-- \/ Yoast SEO plugin. -->","yoast_head_json":{"title":"[:es]A\u00d1O SOROLLA[:en]BLUE SHIELDS IN THE HERITAGE OF UKRAINE[:] - C\u00e1tedra UNESCO Forum Universidad y Patrimonio Cultural","robots":{"index":"index","follow":"follow","max-snippet":"max-snippet:-1","max-image-preview":"max-image-preview:large","max-video-preview":"max-video-preview:-1"},"canonical":"https:\/\/catunescoforum.upv.es\/?p=8617","og_locale":"es_ES","og_type":"article","og_title":"[:es]A\u00d1O SOROLLA[:en]BLUE SHIELDS IN THE HERITAGE OF UKRAINE[:] - C\u00e1tedra UNESCO Forum Universidad y Patrimonio Cultural","og_description":"Este a\u00f1o se conmemora a uno de los pintores valencianos m\u00e1s ilustres a nivel internacional.","og_url":"https:\/\/catunescoforum.upv.es\/?p=8617","og_site_name":"C\u00e1tedra UNESCO Forum Universidad y Patrimonio Cultural","article_published_time":"2023-10-23T09:59:37+00:00","article_modified_time":"2023-10-23T10:00:04+00:00","og_image":[{"width":573,"height":322,"url":"https:\/\/catunescoforum.upv.es\/wp-content\/uploads\/2023\/10\/Sorolla.jpeg","type":"image\/jpeg"}],"author":"iggisar","twitter_card":"summary_large_image","twitter_misc":{"Escrito por":"iggisar","Tiempo de lectura":"4 minutos"},"schema":{"@context":"https:\/\/schema.org","@graph":[{"@type":"Article","@id":"https:\/\/catunescoforum.upv.es\/?p=8617#article","isPartOf":{"@id":"https:\/\/catunescoforum.upv.es\/?p=8617"},"author":{"name":"iggisar","@id":"https:\/\/catunescoforum.upv.es\/#\/schema\/person\/52c5bb7be482269f0e98ed62e0fab767"},"headline":"A\u00d1O SOROLLA","datePublished":"2023-10-23T09:59:37+00:00","dateModified":"2023-10-23T10:00:04+00:00","mainEntityOfPage":{"@id":"https:\/\/catunescoforum.upv.es\/?p=8617"},"wordCount":797,"commentCount":0,"publisher":{"@id":"https:\/\/catunescoforum.upv.es\/#organization"},"image":{"@id":"https:\/\/catunescoforum.upv.es\/?p=8617#primaryimage"},"thumbnailUrl":"https:\/\/catunescoforum.upv.es\/wp-content\/uploads\/2023\/10\/Sorolla.jpeg","keywords":["2023","A\u00f1oSorolla","arte","cultura","luz","Mediterr\u00e1neo","patrimonio","Sorolla"],"articleSection":["Noticias"],"inLanguage":"es","potentialAction":[{"@type":"CommentAction","name":"Comment","target":["https:\/\/catunescoforum.upv.es\/?p=8617#respond"]}]},{"@type":"WebPage","@id":"https:\/\/catunescoforum.upv.es\/?p=8617","url":"https:\/\/catunescoforum.upv.es\/?p=8617","name":"[:es]A\u00d1O SOROLLA[:en]BLUE SHIELDS IN THE HERITAGE OF UKRAINE[:] - C\u00e1tedra UNESCO Forum Universidad y Patrimonio Cultural","isPartOf":{"@id":"https:\/\/catunescoforum.upv.es\/#website"},"primaryImageOfPage":{"@id":"https:\/\/catunescoforum.upv.es\/?p=8617#primaryimage"},"image":{"@id":"https:\/\/catunescoforum.upv.es\/?p=8617#primaryimage"},"thumbnailUrl":"https:\/\/catunescoforum.upv.es\/wp-content\/uploads\/2023\/10\/Sorolla.jpeg","datePublished":"2023-10-23T09:59:37+00:00","dateModified":"2023-10-23T10:00:04+00:00","breadcrumb":{"@id":"https:\/\/catunescoforum.upv.es\/?p=8617#breadcrumb"},"inLanguage":"es","potentialAction":[{"@type":"ReadAction","target":["https:\/\/catunescoforum.upv.es\/?p=8617"]}]},{"@type":"ImageObject","inLanguage":"es","@id":"https:\/\/catunescoforum.upv.es\/?p=8617#primaryimage","url":"https:\/\/catunescoforum.upv.es\/wp-content\/uploads\/2023\/10\/Sorolla.jpeg","contentUrl":"https:\/\/catunescoforum.upv.es\/wp-content\/uploads\/2023\/10\/Sorolla.jpeg","width":573,"height":322},{"@type":"BreadcrumbList","@id":"https:\/\/catunescoforum.upv.es\/?p=8617#breadcrumb","itemListElement":[{"@type":"ListItem","position":1,"name":"Home","item":"https:\/\/catunescoforum.upv.es\/"},{"@type":"ListItem","position":2,"name":"A\u00d1O SOROLLA"}]},{"@type":"WebSite","@id":"https:\/\/catunescoforum.upv.es\/#website","url":"https:\/\/catunescoforum.upv.es\/","name":"C\u00e1tedra UNESCO Forum Universidad y Patrimonio Cultural","description":"Una red universitaria internacional al cuidado del Patrimonio Cultural","publisher":{"@id":"https:\/\/catunescoforum.upv.es\/#organization"},"potentialAction":[{"@type":"SearchAction","target":{"@type":"EntryPoint","urlTemplate":"https:\/\/catunescoforum.upv.es\/?s={search_term_string}"},"query-input":{"@type":"PropertyValueSpecification","valueRequired":true,"valueName":"search_term_string"}}],"inLanguage":"es"},{"@type":"Organization","@id":"https:\/\/catunescoforum.upv.es\/#organization","name":"C\u00e1tedra UNESCO Forum Universidad y Patrimonio Cultura","url":"https:\/\/catunescoforum.upv.es\/","logo":{"@type":"ImageObject","inLanguage":"es","@id":"https:\/\/catunescoforum.upv.es\/#\/schema\/logo\/image\/","url":"https:\/\/catunescoforum.upv.es\/wp-content\/uploads\/2025\/07\/cropped-Logo_catedra_2025_julio-scaled-1.png","contentUrl":"https:\/\/catunescoforum.upv.es\/wp-content\/uploads\/2025\/07\/cropped-Logo_catedra_2025_julio-scaled-1.png","width":2560,"height":329,"caption":"C\u00e1tedra UNESCO Forum Universidad y Patrimonio Cultura"},"image":{"@id":"https:\/\/catunescoforum.upv.es\/#\/schema\/logo\/image\/"}},{"@type":"Person","@id":"https:\/\/catunescoforum.upv.es\/#\/schema\/person\/52c5bb7be482269f0e98ed62e0fab767","name":"iggisar","image":{"@type":"ImageObject","inLanguage":"es","@id":"https:\/\/secure.gravatar.com\/avatar\/abf70bef82f50c68a6527d081e6585b5ff3e8a7ac7742a3e40b4d21cb5286d73?s=96&d=mm&r=g","url":"https:\/\/secure.gravatar.com\/avatar\/abf70bef82f50c68a6527d081e6585b5ff3e8a7ac7742a3e40b4d21cb5286d73?s=96&d=mm&r=g","contentUrl":"https:\/\/secure.gravatar.com\/avatar\/abf70bef82f50c68a6527d081e6585b5ff3e8a7ac7742a3e40b4d21cb5286d73?s=96&d=mm&r=g","caption":"iggisar"},"url":"https:\/\/catunescoforum.upv.es\/?author=11561"}]}},"_links":{"self":[{"href":"https:\/\/catunescoforum.upv.es\/index.php?rest_route=\/wp\/v2\/posts\/8617","targetHints":{"allow":["GET"]}}],"collection":[{"href":"https:\/\/catunescoforum.upv.es\/index.php?rest_route=\/wp\/v2\/posts"}],"about":[{"href":"https:\/\/catunescoforum.upv.es\/index.php?rest_route=\/wp\/v2\/types\/post"}],"author":[{"embeddable":true,"href":"https:\/\/catunescoforum.upv.es\/index.php?rest_route=\/wp\/v2\/users\/11561"}],"replies":[{"embeddable":true,"href":"https:\/\/catunescoforum.upv.es\/index.php?rest_route=%2Fwp%2Fv2%2Fcomments&post=8617"}],"version-history":[{"count":2,"href":"https:\/\/catunescoforum.upv.es\/index.php?rest_route=\/wp\/v2\/posts\/8617\/revisions"}],"predecessor-version":[{"id":8625,"href":"https:\/\/catunescoforum.upv.es\/index.php?rest_route=\/wp\/v2\/posts\/8617\/revisions\/8625"}],"wp:featuredmedia":[{"embeddable":true,"href":"https:\/\/catunescoforum.upv.es\/index.php?rest_route=\/wp\/v2\/media\/8618"}],"wp:attachment":[{"href":"https:\/\/catunescoforum.upv.es\/index.php?rest_route=%2Fwp%2Fv2%2Fmedia&parent=8617"}],"wp:term":[{"taxonomy":"category","embeddable":true,"href":"https:\/\/catunescoforum.upv.es\/index.php?rest_route=%2Fwp%2Fv2%2Fcategories&post=8617"},{"taxonomy":"post_tag","embeddable":true,"href":"https:\/\/catunescoforum.upv.es\/index.php?rest_route=%2Fwp%2Fv2%2Ftags&post=8617"}],"curies":[{"name":"wp","href":"https:\/\/api.w.org\/{rel}","templated":true}]}}