{"id":8641,"date":"2023-11-06T09:53:50","date_gmt":"2023-11-06T09:53:50","guid":{"rendered":"https:\/\/catunescoforum.upv.es\/?p=8641"},"modified":"2023-11-06T09:53:50","modified_gmt":"2023-11-06T09:53:50","slug":"valencia-ciudad-creativa-por-la-unesco","status":"publish","type":"post","link":"https:\/\/catunescoforum.upv.es\/?p=8641","title":{"rendered":"VALENCIA, CIUDAD CREATIVA POR LA UNESCO"},"content":{"rendered":"<div id=\"pl-8641\"  class=\"panel-layout\" ><div id=\"pg-8641-0\"  class=\"panel-grid panel-has-style\" ><div class=\"panel-row-style panel-row-style-for-8641-0\" ><div id=\"pgc-8641-0-0\"  class=\"panel-grid-cell\" ><div id=\"panel-8641-0-0-0\" class=\"so-panel widget widget_media_image panel-first-child panel-last-child\" data-index=\"0\" ><h3 class=\"widget-title\">ACTUALIDAD<\/h3><img loading=\"lazy\" decoding=\"async\" width=\"976\" height=\"546\" src=\"https:\/\/catunescoforum.upv.es\/wp-content\/uploads\/2023\/11\/1562848597591.jpg\" class=\"image wp-image-8642  attachment-full size-full\" alt=\"\" style=\"max-width: 100%; height: auto;\" srcset=\"https:\/\/catunescoforum.upv.es\/wp-content\/uploads\/2023\/11\/1562848597591.jpg 976w, https:\/\/catunescoforum.upv.es\/wp-content\/uploads\/2023\/11\/1562848597591-250x141.jpg 250w, https:\/\/catunescoforum.upv.es\/wp-content\/uploads\/2023\/11\/1562848597591-768x430.jpg 768w\" sizes=\"auto, (max-width: 976px) 100vw, 976px\" \/><\/div><\/div><\/div><\/div><div id=\"pg-8641-1\"  class=\"panel-grid panel-has-style\" ><div class=\"panel-row-style panel-row-style-for-8641-1\" ><div id=\"pgc-8641-1-0\"  class=\"panel-grid-cell\" ><div id=\"panel-8641-1-0-0\" class=\"so-panel widget widget_text panel-first-child panel-last-child\" data-index=\"1\" ><div class=\"panel-widget-style panel-widget-style-for-8641-1-0-0\" ><h3 class=\"widget-title\">VALENCIA, CIUDAD CREATIVA POR LA UNESCO<\/h3>\t\t\t<div class=\"textwidget\"><p>La ciudad espa\u00f1ola de Valencia ha sido elegida \u201cCiudad Creativa\u201d por la UNESCO. La capital de la Comunidad Valenciana forma parte ya de esta Red de Ciudades Creativas en la categor\u00eda de \u201cDise\u00f1o\u201d.<\/p>\n<p>Valencia fue ya capital Mundial del Dise\u00f1o en 2022 y con este reconocimiento reciente afianza el car\u00e1cter de una ciudad que apuesta por la creatividad y la innovaci\u00f3n, destacando estas dos cualidades como los principales atractivos para visitar Valencia.<\/p>\n<p>En esta Red participan alrededor de 350 ciudades en todo el mundo Pertenecer a ella implica el compromiso de compartir sus buenas pr\u00e1cticas a nivel creativo con otras ciudades. Valencia tambi\u00e9n se compromete as\u00ed, a desarrollar proyectos en com\u00fan que permitan contribuir al desarrollo urbano sostenible en todo el mundo, siendo consciente de los desaf\u00edos como el cambio clim\u00e1tico, el aumento de la desigualdad y la urbanizaci\u00f3n creciente.<\/p>\n<p>Valencia se encuentra ahora, en la categor\u00eda de dise\u00f1o junto a ciudades como Helsinki, Berl\u00edn, Montreal, Graz, Detroit, Budapest, Estambul, Buenos Aires, Ciudad de M\u00e9xico o Brasilia, entre otras.<\/p>\n<p>Por otro lado, la Comunidad Valenciana posee otras ciudades creativas como Denia -en la categor\u00eda de Gastronom\u00eda-, Manises por la Artesan\u00eda y Artes Populares- o L\u00edria -en el apartado de M\u00fasica-.<\/p>\n<p>__<\/p>\n<p>&nbsp;<\/p>\n<p>The Spanish city of Valencia has been elected &#8220;Creative City&#8221; by UNESCO. The capital of the Valencian Community is already part of this Creative Cities Network in the &#8220;Design&#8221; category.<br \/>\nValencia was already World Design Capital in 2022 and with this recent recognition strengthens the character of a city that is committed to creativity and innovation, highlighting these two qualities as the main attractions to visit Valencia.<\/p>\n<p>There are around 350 cities around the world participating in this network. Belonging to it implies a commitment to share its good practices at a creative level with other cities. Valencia is also committed to developing common projects that contribute to sustainable urban development worldwide, being aware of challenges such as climate change, increasing inequality and growing urbanization.<\/p>\n<p>Valencia is now in the design category alongside cities such as Helsinki, Berlin, Montreal, Graz, Detroit, Budapest, Istanbul, Buenos Aires, Mexico City and Brasilia, among others.<\/p>\n<p>On the other hand, the Valencian Community has other creative cities such as Denia -in the Gastronomy category-, Manises for Crafts and Popular Arts- or L\u00edria -in the Music section-.<\/p>\n<p>__<\/p>\n<\/div>\n\t\t<\/div><\/div><\/div><\/div><\/div><\/div>","protected":false},"excerpt":{"rendered":"<p>Tras ser Capital del Dise\u00f1o en 2022, Valencia es elegida Ciudad Creativa por la UNESCO. <\/p>\n","protected":false},"author":11561,"featured_media":8642,"comment_status":"open","ping_status":"open","sticky":false,"template":"","format":"standard","meta":{"_monsterinsights_skip_tracking":false,"_monsterinsights_sitenote_active":false,"_monsterinsights_sitenote_note":"","_monsterinsights_sitenote_category":0,"footnotes":""},"categories":[10],"tags":[551,477,470,552,539,553,112,124],"class_list":["post-8641","post","type-post","status-publish","format-standard","has-post-thumbnail","hentry","category-news","tag-ciudadcreativa","tag-comunidadvalenciana","tag-creatividad","tag-diseno","tag-innovacion","tag-sosenibilidad","tag-unesco","tag-valencia"],"yoast_head":"<!-- This site is optimized with the Yoast SEO plugin v27.4 - https:\/\/yoast.com\/product\/yoast-seo-wordpress\/ -->\n<title>VALENCIA, CIUDAD CREATIVA POR LA UNESCO - C\u00e1tedra UNESCO Forum Universidad y Patrimonio Cultural<\/title>\n<meta name=\"robots\" content=\"index, follow, max-snippet:-1, max-image-preview:large, max-video-preview:-1\" \/>\n<link rel=\"canonical\" href=\"https:\/\/catunescoforum.upv.es\/?p=8641\" \/>\n<meta property=\"og:locale\" content=\"es_ES\" \/>\n<meta property=\"og:type\" content=\"article\" \/>\n<meta property=\"og:title\" content=\"[:es]VALENCIA, CIUDAD CREATIVA POR LA UNESCO[:en]BLUE SHIELDS IN THE HERITAGE OF UKRAINE[:] - C\u00e1tedra UNESCO Forum Universidad y Patrimonio Cultural\" \/>\n<meta property=\"og:description\" content=\"Tras ser Capital del Dise\u00f1o en 2022, Valencia es elegida Ciudad Creativa por la UNESCO.\" \/>\n<meta property=\"og:url\" content=\"https:\/\/catunescoforum.upv.es\/?p=8641\" \/>\n<meta property=\"og:site_name\" content=\"C\u00e1tedra UNESCO Forum Universidad y Patrimonio Cultural\" \/>\n<meta property=\"article:published_time\" content=\"2023-11-06T09:53:50+00:00\" \/>\n<meta property=\"og:image\" content=\"https:\/\/catunescoforum.upv.es\/wp-content\/uploads\/2023\/11\/1562848597591.jpg\" \/>\n\t<meta property=\"og:image:width\" content=\"976\" \/>\n\t<meta property=\"og:image:height\" content=\"546\" \/>\n\t<meta property=\"og:image:type\" content=\"image\/jpeg\" \/>\n<meta name=\"author\" content=\"iggisar\" \/>\n<meta name=\"twitter:card\" content=\"summary_large_image\" \/>\n<meta name=\"twitter:label1\" content=\"Escrito por\" \/>\n\t<meta name=\"twitter:data1\" content=\"iggisar\" \/>\n\t<meta name=\"twitter:label2\" content=\"Tiempo de lectura\" \/>\n\t<meta name=\"twitter:data2\" content=\"2 minutos\" \/>\n<script type=\"application\/ld+json\" class=\"yoast-schema-graph\">{\"@context\":\"https:\\\/\\\/schema.org\",\"@graph\":[{\"@type\":\"Article\",\"@id\":\"https:\\\/\\\/catunescoforum.upv.es\\\/?p=8641#article\",\"isPartOf\":{\"@id\":\"https:\\\/\\\/catunescoforum.upv.es\\\/?p=8641\"},\"author\":{\"name\":\"iggisar\",\"@id\":\"https:\\\/\\\/catunescoforum.upv.es\\\/#\\\/schema\\\/person\\\/52c5bb7be482269f0e98ed62e0fab767\"},\"headline\":\"VALENCIA, CIUDAD CREATIVA POR LA UNESCO\",\"datePublished\":\"2023-11-06T09:53:50+00:00\",\"mainEntityOfPage\":{\"@id\":\"https:\\\/\\\/catunescoforum.upv.es\\\/?p=8641\"},\"wordCount\":430,\"commentCount\":0,\"publisher\":{\"@id\":\"https:\\\/\\\/catunescoforum.upv.es\\\/#organization\"},\"image\":{\"@id\":\"https:\\\/\\\/catunescoforum.upv.es\\\/?p=8641#primaryimage\"},\"thumbnailUrl\":\"https:\\\/\\\/catunescoforum.upv.es\\\/wp-content\\\/uploads\\\/2023\\\/11\\\/1562848597591.jpg\",\"keywords\":[\"ciudadcreativa\",\"ComunidadValenciana\",\"creatividad\",\"Dise\u00f1o\",\"innovaci\u00f3n\",\"sosenibilidad\",\"UNESCO\",\"Valencia\"],\"articleSection\":[\"Noticias\"],\"inLanguage\":\"es\",\"potentialAction\":[{\"@type\":\"CommentAction\",\"name\":\"Comment\",\"target\":[\"https:\\\/\\\/catunescoforum.upv.es\\\/?p=8641#respond\"]}]},{\"@type\":\"WebPage\",\"@id\":\"https:\\\/\\\/catunescoforum.upv.es\\\/?p=8641\",\"url\":\"https:\\\/\\\/catunescoforum.upv.es\\\/?p=8641\",\"name\":\"[:es]VALENCIA, CIUDAD CREATIVA POR LA UNESCO[:en]BLUE SHIELDS IN THE HERITAGE OF UKRAINE[:] - C\u00e1tedra UNESCO Forum Universidad y Patrimonio Cultural\",\"isPartOf\":{\"@id\":\"https:\\\/\\\/catunescoforum.upv.es\\\/#website\"},\"primaryImageOfPage\":{\"@id\":\"https:\\\/\\\/catunescoforum.upv.es\\\/?p=8641#primaryimage\"},\"image\":{\"@id\":\"https:\\\/\\\/catunescoforum.upv.es\\\/?p=8641#primaryimage\"},\"thumbnailUrl\":\"https:\\\/\\\/catunescoforum.upv.es\\\/wp-content\\\/uploads\\\/2023\\\/11\\\/1562848597591.jpg\",\"datePublished\":\"2023-11-06T09:53:50+00:00\",\"breadcrumb\":{\"@id\":\"https:\\\/\\\/catunescoforum.upv.es\\\/?p=8641#breadcrumb\"},\"inLanguage\":\"es\",\"potentialAction\":[{\"@type\":\"ReadAction\",\"target\":[\"https:\\\/\\\/catunescoforum.upv.es\\\/?p=8641\"]}]},{\"@type\":\"ImageObject\",\"inLanguage\":\"es\",\"@id\":\"https:\\\/\\\/catunescoforum.upv.es\\\/?p=8641#primaryimage\",\"url\":\"https:\\\/\\\/catunescoforum.upv.es\\\/wp-content\\\/uploads\\\/2023\\\/11\\\/1562848597591.jpg\",\"contentUrl\":\"https:\\\/\\\/catunescoforum.upv.es\\\/wp-content\\\/uploads\\\/2023\\\/11\\\/1562848597591.jpg\",\"width\":976,\"height\":546},{\"@type\":\"BreadcrumbList\",\"@id\":\"https:\\\/\\\/catunescoforum.upv.es\\\/?p=8641#breadcrumb\",\"itemListElement\":[{\"@type\":\"ListItem\",\"position\":1,\"name\":\"Home\",\"item\":\"https:\\\/\\\/catunescoforum.upv.es\\\/\"},{\"@type\":\"ListItem\",\"position\":2,\"name\":\"VALENCIA, CIUDAD CREATIVA POR LA UNESCO\"}]},{\"@type\":\"WebSite\",\"@id\":\"https:\\\/\\\/catunescoforum.upv.es\\\/#website\",\"url\":\"https:\\\/\\\/catunescoforum.upv.es\\\/\",\"name\":\"C\u00e1tedra UNESCO Forum Universidad y Patrimonio Cultural\",\"description\":\"Una red universitaria internacional al cuidado del Patrimonio Cultural\",\"publisher\":{\"@id\":\"https:\\\/\\\/catunescoforum.upv.es\\\/#organization\"},\"potentialAction\":[{\"@type\":\"SearchAction\",\"target\":{\"@type\":\"EntryPoint\",\"urlTemplate\":\"https:\\\/\\\/catunescoforum.upv.es\\\/?s={search_term_string}\"},\"query-input\":{\"@type\":\"PropertyValueSpecification\",\"valueRequired\":true,\"valueName\":\"search_term_string\"}}],\"inLanguage\":\"es\"},{\"@type\":\"Organization\",\"@id\":\"https:\\\/\\\/catunescoforum.upv.es\\\/#organization\",\"name\":\"C\u00e1tedra UNESCO Forum Universidad y Patrimonio Cultura\",\"url\":\"https:\\\/\\\/catunescoforum.upv.es\\\/\",\"logo\":{\"@type\":\"ImageObject\",\"inLanguage\":\"es\",\"@id\":\"https:\\\/\\\/catunescoforum.upv.es\\\/#\\\/schema\\\/logo\\\/image\\\/\",\"url\":\"https:\\\/\\\/catunescoforum.upv.es\\\/wp-content\\\/uploads\\\/2025\\\/07\\\/cropped-Logo_catedra_2025_julio-scaled-1.png\",\"contentUrl\":\"https:\\\/\\\/catunescoforum.upv.es\\\/wp-content\\\/uploads\\\/2025\\\/07\\\/cropped-Logo_catedra_2025_julio-scaled-1.png\",\"width\":2560,\"height\":329,\"caption\":\"C\u00e1tedra UNESCO Forum Universidad y Patrimonio Cultura\"},\"image\":{\"@id\":\"https:\\\/\\\/catunescoforum.upv.es\\\/#\\\/schema\\\/logo\\\/image\\\/\"}},{\"@type\":\"Person\",\"@id\":\"https:\\\/\\\/catunescoforum.upv.es\\\/#\\\/schema\\\/person\\\/52c5bb7be482269f0e98ed62e0fab767\",\"name\":\"iggisar\",\"image\":{\"@type\":\"ImageObject\",\"inLanguage\":\"es\",\"@id\":\"https:\\\/\\\/secure.gravatar.com\\\/avatar\\\/abf70bef82f50c68a6527d081e6585b5ff3e8a7ac7742a3e40b4d21cb5286d73?s=96&d=mm&r=g\",\"url\":\"https:\\\/\\\/secure.gravatar.com\\\/avatar\\\/abf70bef82f50c68a6527d081e6585b5ff3e8a7ac7742a3e40b4d21cb5286d73?s=96&d=mm&r=g\",\"contentUrl\":\"https:\\\/\\\/secure.gravatar.com\\\/avatar\\\/abf70bef82f50c68a6527d081e6585b5ff3e8a7ac7742a3e40b4d21cb5286d73?s=96&d=mm&r=g\",\"caption\":\"iggisar\"},\"url\":\"https:\\\/\\\/catunescoforum.upv.es\\\/?author=11561\"}]}<\/script>\n<!-- \/ Yoast SEO plugin. -->","yoast_head_json":{"title":"[:es]VALENCIA, CIUDAD CREATIVA POR LA UNESCO[:en]BLUE SHIELDS IN THE HERITAGE OF UKRAINE[:] - C\u00e1tedra UNESCO Forum Universidad y Patrimonio Cultural","robots":{"index":"index","follow":"follow","max-snippet":"max-snippet:-1","max-image-preview":"max-image-preview:large","max-video-preview":"max-video-preview:-1"},"canonical":"https:\/\/catunescoforum.upv.es\/?p=8641","og_locale":"es_ES","og_type":"article","og_title":"[:es]VALENCIA, CIUDAD CREATIVA POR LA UNESCO[:en]BLUE SHIELDS IN THE HERITAGE OF UKRAINE[:] - C\u00e1tedra UNESCO Forum Universidad y Patrimonio Cultural","og_description":"Tras ser Capital del Dise\u00f1o en 2022, Valencia es elegida Ciudad Creativa por la UNESCO.","og_url":"https:\/\/catunescoforum.upv.es\/?p=8641","og_site_name":"C\u00e1tedra UNESCO Forum Universidad y Patrimonio Cultural","article_published_time":"2023-11-06T09:53:50+00:00","og_image":[{"width":976,"height":546,"url":"https:\/\/catunescoforum.upv.es\/wp-content\/uploads\/2023\/11\/1562848597591.jpg","type":"image\/jpeg"}],"author":"iggisar","twitter_card":"summary_large_image","twitter_misc":{"Escrito por":"iggisar","Tiempo de lectura":"2 minutos"},"schema":{"@context":"https:\/\/schema.org","@graph":[{"@type":"Article","@id":"https:\/\/catunescoforum.upv.es\/?p=8641#article","isPartOf":{"@id":"https:\/\/catunescoforum.upv.es\/?p=8641"},"author":{"name":"iggisar","@id":"https:\/\/catunescoforum.upv.es\/#\/schema\/person\/52c5bb7be482269f0e98ed62e0fab767"},"headline":"VALENCIA, CIUDAD CREATIVA POR LA UNESCO","datePublished":"2023-11-06T09:53:50+00:00","mainEntityOfPage":{"@id":"https:\/\/catunescoforum.upv.es\/?p=8641"},"wordCount":430,"commentCount":0,"publisher":{"@id":"https:\/\/catunescoforum.upv.es\/#organization"},"image":{"@id":"https:\/\/catunescoforum.upv.es\/?p=8641#primaryimage"},"thumbnailUrl":"https:\/\/catunescoforum.upv.es\/wp-content\/uploads\/2023\/11\/1562848597591.jpg","keywords":["ciudadcreativa","ComunidadValenciana","creatividad","Dise\u00f1o","innovaci\u00f3n","sosenibilidad","UNESCO","Valencia"],"articleSection":["Noticias"],"inLanguage":"es","potentialAction":[{"@type":"CommentAction","name":"Comment","target":["https:\/\/catunescoforum.upv.es\/?p=8641#respond"]}]},{"@type":"WebPage","@id":"https:\/\/catunescoforum.upv.es\/?p=8641","url":"https:\/\/catunescoforum.upv.es\/?p=8641","name":"[:es]VALENCIA, CIUDAD CREATIVA POR LA UNESCO[:en]BLUE SHIELDS IN THE HERITAGE OF UKRAINE[:] - C\u00e1tedra UNESCO Forum Universidad y Patrimonio Cultural","isPartOf":{"@id":"https:\/\/catunescoforum.upv.es\/#website"},"primaryImageOfPage":{"@id":"https:\/\/catunescoforum.upv.es\/?p=8641#primaryimage"},"image":{"@id":"https:\/\/catunescoforum.upv.es\/?p=8641#primaryimage"},"thumbnailUrl":"https:\/\/catunescoforum.upv.es\/wp-content\/uploads\/2023\/11\/1562848597591.jpg","datePublished":"2023-11-06T09:53:50+00:00","breadcrumb":{"@id":"https:\/\/catunescoforum.upv.es\/?p=8641#breadcrumb"},"inLanguage":"es","potentialAction":[{"@type":"ReadAction","target":["https:\/\/catunescoforum.upv.es\/?p=8641"]}]},{"@type":"ImageObject","inLanguage":"es","@id":"https:\/\/catunescoforum.upv.es\/?p=8641#primaryimage","url":"https:\/\/catunescoforum.upv.es\/wp-content\/uploads\/2023\/11\/1562848597591.jpg","contentUrl":"https:\/\/catunescoforum.upv.es\/wp-content\/uploads\/2023\/11\/1562848597591.jpg","width":976,"height":546},{"@type":"BreadcrumbList","@id":"https:\/\/catunescoforum.upv.es\/?p=8641#breadcrumb","itemListElement":[{"@type":"ListItem","position":1,"name":"Home","item":"https:\/\/catunescoforum.upv.es\/"},{"@type":"ListItem","position":2,"name":"VALENCIA, CIUDAD CREATIVA POR LA UNESCO"}]},{"@type":"WebSite","@id":"https:\/\/catunescoforum.upv.es\/#website","url":"https:\/\/catunescoforum.upv.es\/","name":"C\u00e1tedra UNESCO Forum Universidad y Patrimonio Cultural","description":"Una red universitaria internacional al cuidado del Patrimonio Cultural","publisher":{"@id":"https:\/\/catunescoforum.upv.es\/#organization"},"potentialAction":[{"@type":"SearchAction","target":{"@type":"EntryPoint","urlTemplate":"https:\/\/catunescoforum.upv.es\/?s={search_term_string}"},"query-input":{"@type":"PropertyValueSpecification","valueRequired":true,"valueName":"search_term_string"}}],"inLanguage":"es"},{"@type":"Organization","@id":"https:\/\/catunescoforum.upv.es\/#organization","name":"C\u00e1tedra UNESCO Forum Universidad y Patrimonio Cultura","url":"https:\/\/catunescoforum.upv.es\/","logo":{"@type":"ImageObject","inLanguage":"es","@id":"https:\/\/catunescoforum.upv.es\/#\/schema\/logo\/image\/","url":"https:\/\/catunescoforum.upv.es\/wp-content\/uploads\/2025\/07\/cropped-Logo_catedra_2025_julio-scaled-1.png","contentUrl":"https:\/\/catunescoforum.upv.es\/wp-content\/uploads\/2025\/07\/cropped-Logo_catedra_2025_julio-scaled-1.png","width":2560,"height":329,"caption":"C\u00e1tedra UNESCO Forum Universidad y Patrimonio Cultura"},"image":{"@id":"https:\/\/catunescoforum.upv.es\/#\/schema\/logo\/image\/"}},{"@type":"Person","@id":"https:\/\/catunescoforum.upv.es\/#\/schema\/person\/52c5bb7be482269f0e98ed62e0fab767","name":"iggisar","image":{"@type":"ImageObject","inLanguage":"es","@id":"https:\/\/secure.gravatar.com\/avatar\/abf70bef82f50c68a6527d081e6585b5ff3e8a7ac7742a3e40b4d21cb5286d73?s=96&d=mm&r=g","url":"https:\/\/secure.gravatar.com\/avatar\/abf70bef82f50c68a6527d081e6585b5ff3e8a7ac7742a3e40b4d21cb5286d73?s=96&d=mm&r=g","contentUrl":"https:\/\/secure.gravatar.com\/avatar\/abf70bef82f50c68a6527d081e6585b5ff3e8a7ac7742a3e40b4d21cb5286d73?s=96&d=mm&r=g","caption":"iggisar"},"url":"https:\/\/catunescoforum.upv.es\/?author=11561"}]}},"_links":{"self":[{"href":"https:\/\/catunescoforum.upv.es\/index.php?rest_route=\/wp\/v2\/posts\/8641","targetHints":{"allow":["GET"]}}],"collection":[{"href":"https:\/\/catunescoforum.upv.es\/index.php?rest_route=\/wp\/v2\/posts"}],"about":[{"href":"https:\/\/catunescoforum.upv.es\/index.php?rest_route=\/wp\/v2\/types\/post"}],"author":[{"embeddable":true,"href":"https:\/\/catunescoforum.upv.es\/index.php?rest_route=\/wp\/v2\/users\/11561"}],"replies":[{"embeddable":true,"href":"https:\/\/catunescoforum.upv.es\/index.php?rest_route=%2Fwp%2Fv2%2Fcomments&post=8641"}],"version-history":[{"count":2,"href":"https:\/\/catunescoforum.upv.es\/index.php?rest_route=\/wp\/v2\/posts\/8641\/revisions"}],"predecessor-version":[{"id":8644,"href":"https:\/\/catunescoforum.upv.es\/index.php?rest_route=\/wp\/v2\/posts\/8641\/revisions\/8644"}],"wp:featuredmedia":[{"embeddable":true,"href":"https:\/\/catunescoforum.upv.es\/index.php?rest_route=\/wp\/v2\/media\/8642"}],"wp:attachment":[{"href":"https:\/\/catunescoforum.upv.es\/index.php?rest_route=%2Fwp%2Fv2%2Fmedia&parent=8641"}],"wp:term":[{"taxonomy":"category","embeddable":true,"href":"https:\/\/catunescoforum.upv.es\/index.php?rest_route=%2Fwp%2Fv2%2Fcategories&post=8641"},{"taxonomy":"post_tag","embeddable":true,"href":"https:\/\/catunescoforum.upv.es\/index.php?rest_route=%2Fwp%2Fv2%2Ftags&post=8641"}],"curies":[{"name":"wp","href":"https:\/\/api.w.org\/{rel}","templated":true}]}}