{"id":8900,"date":"2024-05-24T10:12:50","date_gmt":"2024-05-24T10:12:50","guid":{"rendered":"https:\/\/catunescoforum.upv.es\/?p=8900"},"modified":"2024-05-24T10:12:50","modified_gmt":"2024-05-24T10:12:50","slug":"conferencia-en-el-museo-de-ciencias-naturales-de-valencia","status":"publish","type":"post","link":"https:\/\/catunescoforum.upv.es\/?p=8900","title":{"rendered":"CONFERENCIA EN EL MUSEO DE CIENCIAS NATURALES DE VALENCIA"},"content":{"rendered":"<div id=\"pl-8900\"  class=\"panel-layout\" ><div id=\"pg-8900-0\"  class=\"panel-grid panel-has-style\" ><div class=\"panel-row-style panel-row-style-for-8900-0\" ><div id=\"pgc-8900-0-0\"  class=\"panel-grid-cell\" ><div id=\"panel-8900-0-0-0\" class=\"so-panel widget widget_media_image panel-first-child panel-last-child\" data-index=\"0\" ><img loading=\"lazy\" decoding=\"async\" width=\"4000\" height=\"2250\" src=\"https:\/\/catunescoforum.upv.es\/wp-content\/uploads\/2024\/05\/2205202322_diversidadbiologica.png\" class=\"image wp-image-8901  attachment-full size-full\" alt=\"\" style=\"max-width: 100%; height: auto;\" title=\"ACTUALIDAD\" srcset=\"https:\/\/catunescoforum.upv.es\/wp-content\/uploads\/2024\/05\/2205202322_diversidadbiologica.png 4000w, https:\/\/catunescoforum.upv.es\/wp-content\/uploads\/2024\/05\/2205202322_diversidadbiologica-850x478.png 850w, https:\/\/catunescoforum.upv.es\/wp-content\/uploads\/2024\/05\/2205202322_diversidadbiologica-1200x675.png 1200w, https:\/\/catunescoforum.upv.es\/wp-content\/uploads\/2024\/05\/2205202322_diversidadbiologica-250x141.png 250w, https:\/\/catunescoforum.upv.es\/wp-content\/uploads\/2024\/05\/2205202322_diversidadbiologica-768x432.png 768w, https:\/\/catunescoforum.upv.es\/wp-content\/uploads\/2024\/05\/2205202322_diversidadbiologica-1536x864.png 1536w, https:\/\/catunescoforum.upv.es\/wp-content\/uploads\/2024\/05\/2205202322_diversidadbiologica-2048x1152.png 2048w\" sizes=\"auto, (max-width: 4000px) 100vw, 4000px\" \/><\/div><\/div><\/div><\/div><div id=\"pg-8900-1\"  class=\"panel-grid panel-has-style\" ><div class=\"panel-row-style panel-row-style-for-8900-1\" ><div id=\"pgc-8900-1-0\"  class=\"panel-grid-cell\" ><div id=\"panel-8900-1-0-0\" class=\"so-panel widget widget_text panel-first-child panel-last-child\" data-index=\"1\" ><div class=\"panel-widget-style panel-widget-style-for-8900-1-0-0\" ><h3 class=\"widget-title\">CONFERENCIA EN EL MUSEO DE CIENCIAS NATURALES DE VALENCIA<\/h3>\t\t\t<div class=\"textwidget\"><p>El<strong> pasado mi\u00e9rcoles 22 de mayo<\/strong>, el equipo de Ocean Art Project, proyecto de la C\u00e1tedra UNESCO Forum Universidad y Patrimonio Cultural UPV, estuvo presente en el <strong>Museo de Ciencias Naturales de Valencia.<\/strong><\/p>\n<p>Gracias a la gesti\u00f3n de la directora del museo, Bego\u00f1a Poza, Ocean Art Project pudo presentar sus objetivos y algunos de los resultados obtenidos en plena fase final de proyecto que, se integra en la estrategia conjunta ThinkInAzul de la Comunidad Valenciana.<\/p>\n<p>Esta conferencia se realiz\u00f3 bajo el t\u00edtulo Ocean Art Project: cuidando nuestros mares y oc\u00e9anos con el patrimonio cultural marino.<\/p>\n<p>Ambas t\u00e9cnicas superiores de investigaci\u00f3n tuvieron la oportunidad de mostrar lo investigado hasta el momento sobre los riesgos que amenazan nuestros mares y oc\u00e9anos y llevar una muestra de la estrategia de divulgaci\u00f3n del conocimiento del patrimonio cultural y natural marino en la que el equipo lleva trabajando este a\u00f1o y medio.<\/p>\n<p>Desde Ocean Art Project, queremos recordar que todos los recursos se encuentran de manera libre y accesible en nuestra web y pueden ser descargados por los usuarios interesadas en esta iniciativa que busca concienciar sobre el cuidado de los mares y oc\u00e9anos a trav\u00e9s de una herramienta valios\u00edsima: el patrimonio.<br \/>\n__<\/p>\n<p>On<strong> Wednesday May 22,<\/strong> the Ocean Art Project team, a project of the UNESCO Chair Forum University and Cultural Heritage UPV, was present at the <strong>Museum of Natural Sciences of Valencia.<\/strong><\/p>\n<p>Thanks to the management of the director of the museum, Bego\u00f1a Poza, Ocean Art Project was able to present its objectives and some of the results obtained in the final phase of the project, which is part of the joint strategy ThinkInAzul of the Valencian Community.<\/p>\n<p>This conference was held under the title Ocean Art Project: taking care of our seas and oceans with marine cultural heritage.<\/p>\n<p>Both senior research technicians had the opportunity to show what has been investigated so far on the risks that threaten our seas and oceans and to bring a sample of the strategy of dissemination of knowledge of the marine cultural and natural heritage in which the team has been working this year and a half.<\/p>\n<p>From Ocean Art Project, we would like to remind that all resources are freely accessible on our website and can be downloaded by users interested in this initiative that seeks to raise awareness about the care of the seas and oceans through a very valuable tool: heritage.<\/p>\n<\/div>\n\t\t<\/div><\/div><\/div><\/div><\/div><\/div>","protected":false},"excerpt":{"rendered":"<p>El equipo se desplaz\u00f3 al Museo de Ciencias Naturales de Valencia para hablar sobre el Ocean Art Project. <\/p>\n","protected":false},"author":11561,"featured_media":8901,"comment_status":"open","ping_status":"open","sticky":false,"template":"","format":"standard","meta":{"_monsterinsights_skip_tracking":false,"footnotes":""},"categories":[10],"tags":[281,630,193,493,88],"class_list":["post-8900","post","type-post","status-publish","format-standard","has-post-thumbnail","hentry","category-news","tag-evento","tag-agends2030","tag-museo","tag-oap","tag-patrimonio"],"yoast_head":"<!-- This site is optimized with the Yoast SEO plugin v28.4 - https:\/\/yoast.com\/product\/yoast-seo-wordpress\/ -->\n<title>CONFERENCIA EN EL MUSEO DE CIENCIAS NATURALES DE VALENCIA - C\u00e1tedra UNESCO Forum Universidad y Patrimonio Cultural<\/title>\n<meta name=\"robots\" content=\"index, follow, max-snippet:-1, max-image-preview:large, max-video-preview:-1\" \/>\n<link rel=\"canonical\" href=\"https:\/\/catunescoforum.upv.es\/?p=8900\" \/>\n<meta property=\"og:locale\" content=\"es_ES\" \/>\n<meta property=\"og:type\" content=\"article\" \/>\n<meta property=\"og:title\" content=\"[:es]CONFERENCIA EN EL MUSEO DE CIENCIAS NATURALES DE VALENCIA[:en]BLUE SHIELDS IN THE HERITAGE OF UKRAINE[:] - C\u00e1tedra UNESCO Forum Universidad y Patrimonio Cultural\" \/>\n<meta property=\"og:description\" content=\"El equipo se desplaz\u00f3 al Museo de Ciencias Naturales de Valencia para hablar sobre el Ocean Art Project.\" \/>\n<meta property=\"og:url\" content=\"https:\/\/catunescoforum.upv.es\/?p=8900\" \/>\n<meta property=\"og:site_name\" content=\"C\u00e1tedra UNESCO Forum Universidad y Patrimonio Cultural\" \/>\n<meta property=\"article:published_time\" content=\"2024-05-24T10:12:50+00:00\" \/>\n<meta property=\"og:image\" content=\"https:\/\/catunescoforum.upv.es\/wp-content\/uploads\/2024\/05\/2205202322_diversidadbiologica-1200x675.png\" \/>\n\t<meta property=\"og:image:width\" content=\"1200\" \/>\n\t<meta property=\"og:image:height\" content=\"675\" \/>\n\t<meta property=\"og:image:type\" content=\"image\/png\" \/>\n<meta name=\"author\" content=\"iggisar\" \/>\n<meta name=\"twitter:card\" content=\"summary_large_image\" \/>\n<meta name=\"twitter:label1\" content=\"Escrito por\" \/>\n\t<meta name=\"twitter:data1\" content=\"iggisar\" \/>\n\t<meta name=\"twitter:label2\" content=\"Tiempo de lectura\" \/>\n\t<meta name=\"twitter:data2\" content=\"2 minutos\" \/>\n<script type=\"application\/ld+json\" class=\"yoast-schema-graph\">{\"@context\":\"https:\\\/\\\/schema.org\",\"@graph\":[{\"@type\":\"Article\",\"@id\":\"https:\\\/\\\/catunescoforum.upv.es\\\/?p=8900#article\",\"isPartOf\":{\"@id\":\"https:\\\/\\\/catunescoforum.upv.es\\\/?p=8900\"},\"author\":{\"name\":\"iggisar\",\"@id\":\"https:\\\/\\\/catunescoforum.upv.es\\\/#\\\/schema\\\/person\\\/52c5bb7be482269f0e98ed62e0fab767\"},\"headline\":\"CONFERENCIA EN EL MUSEO DE CIENCIAS NATURALES DE VALENCIA\",\"datePublished\":\"2024-05-24T10:12:50+00:00\",\"mainEntityOfPage\":{\"@id\":\"https:\\\/\\\/catunescoforum.upv.es\\\/?p=8900\"},\"wordCount\":446,\"commentCount\":0,\"publisher\":{\"@id\":\"https:\\\/\\\/catunescoforum.upv.es\\\/#organization\"},\"image\":{\"@id\":\"https:\\\/\\\/catunescoforum.upv.es\\\/?p=8900#primaryimage\"},\"thumbnailUrl\":\"https:\\\/\\\/catunescoforum.upv.es\\\/wp-content\\\/uploads\\\/2024\\\/05\\\/2205202322_diversidadbiologica.png\",\"keywords\":[\"#evento\",\"Agends2030\",\"museo\",\"OAP\",\"patrimonio\"],\"articleSection\":[\"Noticias\"],\"inLanguage\":\"es\",\"potentialAction\":[{\"@type\":\"CommentAction\",\"name\":\"Comment\",\"target\":[\"https:\\\/\\\/catunescoforum.upv.es\\\/?p=8900#respond\"]}]},{\"@type\":\"WebPage\",\"@id\":\"https:\\\/\\\/catunescoforum.upv.es\\\/?p=8900\",\"url\":\"https:\\\/\\\/catunescoforum.upv.es\\\/?p=8900\",\"name\":\"[:es]CONFERENCIA EN EL MUSEO DE CIENCIAS NATURALES DE VALENCIA[:en]BLUE SHIELDS IN THE HERITAGE OF UKRAINE[:] - C\u00e1tedra UNESCO Forum Universidad y Patrimonio Cultural\",\"isPartOf\":{\"@id\":\"https:\\\/\\\/catunescoforum.upv.es\\\/#website\"},\"primaryImageOfPage\":{\"@id\":\"https:\\\/\\\/catunescoforum.upv.es\\\/?p=8900#primaryimage\"},\"image\":{\"@id\":\"https:\\\/\\\/catunescoforum.upv.es\\\/?p=8900#primaryimage\"},\"thumbnailUrl\":\"https:\\\/\\\/catunescoforum.upv.es\\\/wp-content\\\/uploads\\\/2024\\\/05\\\/2205202322_diversidadbiologica.png\",\"datePublished\":\"2024-05-24T10:12:50+00:00\",\"breadcrumb\":{\"@id\":\"https:\\\/\\\/catunescoforum.upv.es\\\/?p=8900#breadcrumb\"},\"inLanguage\":\"es\",\"potentialAction\":[{\"@type\":\"ReadAction\",\"target\":[\"https:\\\/\\\/catunescoforum.upv.es\\\/?p=8900\"]}]},{\"@type\":\"ImageObject\",\"inLanguage\":\"es\",\"@id\":\"https:\\\/\\\/catunescoforum.upv.es\\\/?p=8900#primaryimage\",\"url\":\"https:\\\/\\\/catunescoforum.upv.es\\\/wp-content\\\/uploads\\\/2024\\\/05\\\/2205202322_diversidadbiologica.png\",\"contentUrl\":\"https:\\\/\\\/catunescoforum.upv.es\\\/wp-content\\\/uploads\\\/2024\\\/05\\\/2205202322_diversidadbiologica.png\",\"width\":4000,\"height\":2250},{\"@type\":\"BreadcrumbList\",\"@id\":\"https:\\\/\\\/catunescoforum.upv.es\\\/?p=8900#breadcrumb\",\"itemListElement\":[{\"@type\":\"ListItem\",\"position\":1,\"name\":\"Home\",\"item\":\"https:\\\/\\\/catunescoforum.upv.es\\\/\"},{\"@type\":\"ListItem\",\"position\":2,\"name\":\"CONFERENCIA EN EL MUSEO DE CIENCIAS NATURALES DE VALENCIA\"}]},{\"@type\":\"WebSite\",\"@id\":\"https:\\\/\\\/catunescoforum.upv.es\\\/#website\",\"url\":\"https:\\\/\\\/catunescoforum.upv.es\\\/\",\"name\":\"C\u00e1tedra UNESCO Forum Universidad y Patrimonio Cultural\",\"description\":\"Una red universitaria internacional al cuidado del Patrimonio Cultural\",\"publisher\":{\"@id\":\"https:\\\/\\\/catunescoforum.upv.es\\\/#organization\"},\"potentialAction\":[{\"@type\":\"SearchAction\",\"target\":{\"@type\":\"EntryPoint\",\"urlTemplate\":\"https:\\\/\\\/catunescoforum.upv.es\\\/?s={search_term_string}\"},\"query-input\":{\"@type\":\"PropertyValueSpecification\",\"valueRequired\":true,\"valueName\":\"search_term_string\"}}],\"inLanguage\":\"es\"},{\"@type\":\"Organization\",\"@id\":\"https:\\\/\\\/catunescoforum.upv.es\\\/#organization\",\"name\":\"C\u00e1tedra UNESCO Forum Universidad y Patrimonio Cultura\",\"url\":\"https:\\\/\\\/catunescoforum.upv.es\\\/\",\"logo\":{\"@type\":\"ImageObject\",\"inLanguage\":\"es\",\"@id\":\"https:\\\/\\\/catunescoforum.upv.es\\\/#\\\/schema\\\/logo\\\/image\\\/\",\"url\":\"https:\\\/\\\/catunescoforum.upv.es\\\/wp-content\\\/uploads\\\/2025\\\/07\\\/cropped-Logo_catedra_2025_julio-scaled-1.png\",\"contentUrl\":\"https:\\\/\\\/catunescoforum.upv.es\\\/wp-content\\\/uploads\\\/2025\\\/07\\\/cropped-Logo_catedra_2025_julio-scaled-1.png\",\"width\":2560,\"height\":329,\"caption\":\"C\u00e1tedra UNESCO Forum Universidad y Patrimonio Cultura\"},\"image\":{\"@id\":\"https:\\\/\\\/catunescoforum.upv.es\\\/#\\\/schema\\\/logo\\\/image\\\/\"}},{\"@type\":\"Person\",\"@id\":\"https:\\\/\\\/catunescoforum.upv.es\\\/#\\\/schema\\\/person\\\/52c5bb7be482269f0e98ed62e0fab767\",\"name\":\"iggisar\",\"image\":{\"@type\":\"ImageObject\",\"inLanguage\":\"es\",\"@id\":\"https:\\\/\\\/secure.gravatar.com\\\/avatar\\\/abf70bef82f50c68a6527d081e6585b5ff3e8a7ac7742a3e40b4d21cb5286d73?s=96&d=mm&r=g\",\"url\":\"https:\\\/\\\/secure.gravatar.com\\\/avatar\\\/abf70bef82f50c68a6527d081e6585b5ff3e8a7ac7742a3e40b4d21cb5286d73?s=96&d=mm&r=g\",\"contentUrl\":\"https:\\\/\\\/secure.gravatar.com\\\/avatar\\\/abf70bef82f50c68a6527d081e6585b5ff3e8a7ac7742a3e40b4d21cb5286d73?s=96&d=mm&r=g\",\"caption\":\"iggisar\"},\"url\":\"https:\\\/\\\/catunescoforum.upv.es\\\/?author=11561\"}]}<\/script>\n<!-- \/ Yoast SEO plugin. -->","yoast_head_json":{"title":"[:es]CONFERENCIA EN EL MUSEO DE CIENCIAS NATURALES DE VALENCIA[:en]BLUE SHIELDS IN THE HERITAGE OF UKRAINE[:] - C\u00e1tedra UNESCO Forum Universidad y Patrimonio Cultural","robots":{"index":"index","follow":"follow","max-snippet":"max-snippet:-1","max-image-preview":"max-image-preview:large","max-video-preview":"max-video-preview:-1"},"canonical":"https:\/\/catunescoforum.upv.es\/?p=8900","og_locale":"es_ES","og_type":"article","og_title":"[:es]CONFERENCIA EN EL MUSEO DE CIENCIAS NATURALES DE VALENCIA[:en]BLUE SHIELDS IN THE HERITAGE OF UKRAINE[:] - C\u00e1tedra UNESCO Forum Universidad y Patrimonio Cultural","og_description":"El equipo se desplaz\u00f3 al Museo de Ciencias Naturales de Valencia para hablar sobre el Ocean Art Project.","og_url":"https:\/\/catunescoforum.upv.es\/?p=8900","og_site_name":"C\u00e1tedra UNESCO Forum Universidad y Patrimonio Cultural","article_published_time":"2024-05-24T10:12:50+00:00","og_image":[{"width":1200,"height":675,"url":"https:\/\/catunescoforum.upv.es\/wp-content\/uploads\/2024\/05\/2205202322_diversidadbiologica-1200x675.png","type":"image\/png"}],"author":"iggisar","twitter_card":"summary_large_image","twitter_misc":{"Escrito por":"iggisar","Tiempo de lectura":"2 minutos"},"schema":{"@context":"https:\/\/schema.org","@graph":[{"@type":"Article","@id":"https:\/\/catunescoforum.upv.es\/?p=8900#article","isPartOf":{"@id":"https:\/\/catunescoforum.upv.es\/?p=8900"},"author":{"name":"iggisar","@id":"https:\/\/catunescoforum.upv.es\/#\/schema\/person\/52c5bb7be482269f0e98ed62e0fab767"},"headline":"CONFERENCIA EN EL MUSEO DE CIENCIAS NATURALES DE VALENCIA","datePublished":"2024-05-24T10:12:50+00:00","mainEntityOfPage":{"@id":"https:\/\/catunescoforum.upv.es\/?p=8900"},"wordCount":446,"commentCount":0,"publisher":{"@id":"https:\/\/catunescoforum.upv.es\/#organization"},"image":{"@id":"https:\/\/catunescoforum.upv.es\/?p=8900#primaryimage"},"thumbnailUrl":"https:\/\/catunescoforum.upv.es\/wp-content\/uploads\/2024\/05\/2205202322_diversidadbiologica.png","keywords":["#evento","Agends2030","museo","OAP","patrimonio"],"articleSection":["Noticias"],"inLanguage":"es","potentialAction":[{"@type":"CommentAction","name":"Comment","target":["https:\/\/catunescoforum.upv.es\/?p=8900#respond"]}]},{"@type":"WebPage","@id":"https:\/\/catunescoforum.upv.es\/?p=8900","url":"https:\/\/catunescoforum.upv.es\/?p=8900","name":"[:es]CONFERENCIA EN EL MUSEO DE CIENCIAS NATURALES DE VALENCIA[:en]BLUE SHIELDS IN THE HERITAGE OF UKRAINE[:] - C\u00e1tedra UNESCO Forum Universidad y Patrimonio Cultural","isPartOf":{"@id":"https:\/\/catunescoforum.upv.es\/#website"},"primaryImageOfPage":{"@id":"https:\/\/catunescoforum.upv.es\/?p=8900#primaryimage"},"image":{"@id":"https:\/\/catunescoforum.upv.es\/?p=8900#primaryimage"},"thumbnailUrl":"https:\/\/catunescoforum.upv.es\/wp-content\/uploads\/2024\/05\/2205202322_diversidadbiologica.png","datePublished":"2024-05-24T10:12:50+00:00","breadcrumb":{"@id":"https:\/\/catunescoforum.upv.es\/?p=8900#breadcrumb"},"inLanguage":"es","potentialAction":[{"@type":"ReadAction","target":["https:\/\/catunescoforum.upv.es\/?p=8900"]}]},{"@type":"ImageObject","inLanguage":"es","@id":"https:\/\/catunescoforum.upv.es\/?p=8900#primaryimage","url":"https:\/\/catunescoforum.upv.es\/wp-content\/uploads\/2024\/05\/2205202322_diversidadbiologica.png","contentUrl":"https:\/\/catunescoforum.upv.es\/wp-content\/uploads\/2024\/05\/2205202322_diversidadbiologica.png","width":4000,"height":2250},{"@type":"BreadcrumbList","@id":"https:\/\/catunescoforum.upv.es\/?p=8900#breadcrumb","itemListElement":[{"@type":"ListItem","position":1,"name":"Home","item":"https:\/\/catunescoforum.upv.es\/"},{"@type":"ListItem","position":2,"name":"CONFERENCIA EN EL MUSEO DE CIENCIAS NATURALES DE VALENCIA"}]},{"@type":"WebSite","@id":"https:\/\/catunescoforum.upv.es\/#website","url":"https:\/\/catunescoforum.upv.es\/","name":"C\u00e1tedra UNESCO Forum Universidad y Patrimonio Cultural","description":"Una red universitaria internacional al cuidado del Patrimonio Cultural","publisher":{"@id":"https:\/\/catunescoforum.upv.es\/#organization"},"potentialAction":[{"@type":"SearchAction","target":{"@type":"EntryPoint","urlTemplate":"https:\/\/catunescoforum.upv.es\/?s={search_term_string}"},"query-input":{"@type":"PropertyValueSpecification","valueRequired":true,"valueName":"search_term_string"}}],"inLanguage":"es"},{"@type":"Organization","@id":"https:\/\/catunescoforum.upv.es\/#organization","name":"C\u00e1tedra UNESCO Forum Universidad y Patrimonio Cultura","url":"https:\/\/catunescoforum.upv.es\/","logo":{"@type":"ImageObject","inLanguage":"es","@id":"https:\/\/catunescoforum.upv.es\/#\/schema\/logo\/image\/","url":"https:\/\/catunescoforum.upv.es\/wp-content\/uploads\/2025\/07\/cropped-Logo_catedra_2025_julio-scaled-1.png","contentUrl":"https:\/\/catunescoforum.upv.es\/wp-content\/uploads\/2025\/07\/cropped-Logo_catedra_2025_julio-scaled-1.png","width":2560,"height":329,"caption":"C\u00e1tedra UNESCO Forum Universidad y Patrimonio Cultura"},"image":{"@id":"https:\/\/catunescoforum.upv.es\/#\/schema\/logo\/image\/"}},{"@type":"Person","@id":"https:\/\/catunescoforum.upv.es\/#\/schema\/person\/52c5bb7be482269f0e98ed62e0fab767","name":"iggisar","image":{"@type":"ImageObject","inLanguage":"es","@id":"https:\/\/secure.gravatar.com\/avatar\/abf70bef82f50c68a6527d081e6585b5ff3e8a7ac7742a3e40b4d21cb5286d73?s=96&d=mm&r=g","url":"https:\/\/secure.gravatar.com\/avatar\/abf70bef82f50c68a6527d081e6585b5ff3e8a7ac7742a3e40b4d21cb5286d73?s=96&d=mm&r=g","contentUrl":"https:\/\/secure.gravatar.com\/avatar\/abf70bef82f50c68a6527d081e6585b5ff3e8a7ac7742a3e40b4d21cb5286d73?s=96&d=mm&r=g","caption":"iggisar"},"url":"https:\/\/catunescoforum.upv.es\/?author=11561"}]}},"_links":{"self":[{"href":"https:\/\/catunescoforum.upv.es\/index.php?rest_route=\/wp\/v2\/posts\/8900","targetHints":{"allow":["GET"]}}],"collection":[{"href":"https:\/\/catunescoforum.upv.es\/index.php?rest_route=\/wp\/v2\/posts"}],"about":[{"href":"https:\/\/catunescoforum.upv.es\/index.php?rest_route=\/wp\/v2\/types\/post"}],"author":[{"embeddable":true,"href":"https:\/\/catunescoforum.upv.es\/index.php?rest_route=\/wp\/v2\/users\/11561"}],"replies":[{"embeddable":true,"href":"https:\/\/catunescoforum.upv.es\/index.php?rest_route=%2Fwp%2Fv2%2Fcomments&post=8900"}],"version-history":[{"count":2,"href":"https:\/\/catunescoforum.upv.es\/index.php?rest_route=\/wp\/v2\/posts\/8900\/revisions"}],"predecessor-version":[{"id":8903,"href":"https:\/\/catunescoforum.upv.es\/index.php?rest_route=\/wp\/v2\/posts\/8900\/revisions\/8903"}],"wp:featuredmedia":[{"embeddable":true,"href":"https:\/\/catunescoforum.upv.es\/index.php?rest_route=\/wp\/v2\/media\/8901"}],"wp:attachment":[{"href":"https:\/\/catunescoforum.upv.es\/index.php?rest_route=%2Fwp%2Fv2%2Fmedia&parent=8900"}],"wp:term":[{"taxonomy":"category","embeddable":true,"href":"https:\/\/catunescoforum.upv.es\/index.php?rest_route=%2Fwp%2Fv2%2Fcategories&post=8900"},{"taxonomy":"post_tag","embeddable":true,"href":"https:\/\/catunescoforum.upv.es\/index.php?rest_route=%2Fwp%2Fv2%2Ftags&post=8900"}],"curies":[{"name":"wp","href":"https:\/\/api.w.org\/{rel}","templated":true}]}}