{"id":8924,"date":"2024-06-05T09:39:46","date_gmt":"2024-06-05T09:39:46","guid":{"rendered":"https:\/\/catunescoforum.upv.es\/?p=8924"},"modified":"2024-06-07T08:31:47","modified_gmt":"2024-06-07T08:31:47","slug":"premio-responsabilidad-social-a-catedra-unesco-forum-universidad-y-patrimonio-cultural-upv","status":"publish","type":"post","link":"https:\/\/catunescoforum.upv.es\/?p=8924","title":{"rendered":"PREMIO RESPONSABILIDAD SOCIAL A C\u00c1TEDRA UNESCO FORUM UNIVERSIDAD Y PATRIMONIO CULTURAL UPV"},"content":{"rendered":"<div id=\"pl-8924\"  class=\"panel-layout\" ><div id=\"pg-8924-0\"  class=\"panel-grid panel-has-style\" ><div class=\"panel-row-style panel-row-style-for-8924-0\" ><div id=\"pgc-8924-0-0\"  class=\"panel-grid-cell\" ><div id=\"panel-8924-0-0-0\" class=\"so-panel widget widget_media_image panel-first-child panel-last-child\" data-index=\"0\" ><img loading=\"lazy\" decoding=\"async\" width=\"643\" height=\"343\" src=\"https:\/\/catunescoforum.upv.es\/wp-content\/uploads\/2024\/06\/LOGO.png\" class=\"image wp-image-8925  attachment-full size-full\" alt=\"\" style=\"max-width: 100%; height: auto;\" title=\"ACTUALIDAD\" \/><\/div><\/div><\/div><\/div><div id=\"pg-8924-1\"  class=\"panel-grid panel-has-style\" ><div class=\"panel-row-style panel-row-style-for-8924-1\" ><div id=\"pgc-8924-1-0\"  class=\"panel-grid-cell\" ><div id=\"panel-8924-1-0-0\" class=\"so-panel widget widget_text panel-first-child panel-last-child\" data-index=\"1\" ><div class=\"panel-widget-style panel-widget-style-for-8924-1-0-0\" ><h3 class=\"widget-title\">PREMIO RESPONSABILIDAD SOCIAL C\u00c1TEDRA UNESCO FORUM UNIVERSIDAD Y PATRIMONIO CULTURAL UPV<\/h3>\t\t\t<div class=\"textwidget\"><p>En nombre de D\u00aa. M\u00f3nica Bragado Cabeza, Presidenta del Consejo Social de la Universidad Polit\u00e9cnica de Val\u00e8ncia, y de todo el Consejo Social en su conjunto, se ha anunciado el <strong>otorgamiento del premio de responsabilidad social a la c\u00e1tedra UNESCO F\u00f3rum Universidad y Patrimonio Cultural UPV.<\/strong> Este reconocimiento se concede en el marco del Premio Consejo Social a la \u201cResponsabilidad Social Universitaria\u201d, cuyo objetivo es destacar el trabajo excepcional realizado en el \u00e1mbito de la responsabilidad social por Centros Universitarios, Departamentos, Institutos Universitarios o de Investigaci\u00f3n, Servicios o Grupos de Investigaci\u00f3n de la UPV, as\u00ed como por empresas u organizaciones de la Comunidad Valenciana.<\/p>\n<p>La ceremonia de entrega de la XXIII Edici\u00f3n de los Premios del Consejo Social se celebrar\u00e1 el pr\u00f3ximo 4 de julio de 2024 en el Paraninfo de la Universidad Polit\u00e9cnica de Val\u00e8ncia, ubicado en el Edificio 3A de la misma universidad. El evento comenzar\u00e1 a las 17:30 horas, y se ruega a los asistentes m\u00e1xima puntualidad.<\/p>\n<p>Este premio reafirma el compromiso de la Universidad Polit\u00e9cnica de Val\u00e8ncia con la promoci\u00f3n y el reconocimiento de la responsabilidad social, subrayando la importancia de estas iniciativas para el desarrollo sostenible y el bienestar de la comunidad.<\/p>\n<p>__<\/p>\n<p>On behalf of Ms. M\u00f3nica Bragado Cabeza, President of the Social Council of the Polytechnic University of Valencia (UPV), and the entire Social Council, it is announced that the <strong>Social Responsibility to the UNESCO Chair Forum University and Cultural Heritage UPV.<\/strong> This recognition is given as part of the Social Council Award for &#8220;University Social Responsibility,&#8221; which aims to highlight the exceptional work carried out in the field of social responsibility by University Centers, Departments, University or Research Institutes, Services, or Research Groups of the UPV, as well as by companies or organizations in the Valencian Community.<\/p>\n<p>The award ceremony for the XXIII Edition of the Social Council Awards will take place on July 4, 2024, in the Auditorium of the Polytechnic University of Valencia, located in Building 3A of the university. The event will begin at 5:30 PM, and attendees are requested to be punctual.<\/p>\n<p>This award reaffirms the commitment of the Polytechnic University of Valencia to promoting and recognizing social responsibility, underscoring the importance of these initiatives for sustainable development and community well-being.<\/p>\n<\/div>\n\t\t<\/div><\/div><\/div><\/div><\/div><\/div>","protected":false},"excerpt":{"rendered":"<p>La labor de la C\u00e1tedra ha sido reconocida recientemente con este galard\u00f3n.<\/p>\n","protected":false},"author":11561,"featured_media":8925,"comment_status":"open","ping_status":"open","sticky":false,"template":"","format":"standard","meta":{"_monsterinsights_skip_tracking":false,"footnotes":""},"categories":[10],"tags":[515,633,112,121],"class_list":["post-8924","post","type-post","status-publish","format-standard","has-post-thumbnail","hentry","category-news","tag-premio","tag-responsabilidadsocial","tag-unesco","tag-upv"],"yoast_head":"<!-- This site is optimized with the Yoast SEO plugin v28.4 - https:\/\/yoast.com\/product\/yoast-seo-wordpress\/ -->\n<title>PREMIO RESPONSABILIDAD SOCIAL A C\u00c1TEDRA UNESCO FORUM UNIVERSIDAD Y PATRIMONIO CULTURAL UPV - C\u00e1tedra UNESCO Forum Universidad y Patrimonio Cultural<\/title>\n<meta name=\"robots\" content=\"index, follow, max-snippet:-1, max-image-preview:large, max-video-preview:-1\" \/>\n<link rel=\"canonical\" href=\"https:\/\/catunescoforum.upv.es\/?p=8924\" \/>\n<meta property=\"og:locale\" content=\"es_ES\" \/>\n<meta property=\"og:type\" content=\"article\" \/>\n<meta property=\"og:title\" content=\"[:es]PREMIO RESPONSABILIDAD SOCIAL A C\u00c1TEDRA UNESCO FORUM UNIVERSIDAD Y PATRIMONIO CULTURAL UPV[:en]BLUE SHIELDS IN THE HERITAGE OF UKRAINE[:] - C\u00e1tedra UNESCO Forum Universidad y Patrimonio Cultural\" \/>\n<meta property=\"og:description\" content=\"La labor de la C\u00e1tedra ha sido reconocida recientemente con este galard\u00f3n.\" \/>\n<meta property=\"og:url\" content=\"https:\/\/catunescoforum.upv.es\/?p=8924\" \/>\n<meta property=\"og:site_name\" content=\"C\u00e1tedra UNESCO Forum Universidad y Patrimonio Cultural\" \/>\n<meta property=\"article:published_time\" content=\"2024-06-05T09:39:46+00:00\" \/>\n<meta property=\"article:modified_time\" content=\"2024-06-07T08:31:47+00:00\" \/>\n<meta property=\"og:image\" content=\"https:\/\/catunescoforum.upv.es\/wp-content\/uploads\/2024\/06\/LOGO.png\" \/>\n\t<meta property=\"og:image:width\" content=\"643\" \/>\n\t<meta property=\"og:image:height\" content=\"343\" \/>\n\t<meta property=\"og:image:type\" content=\"image\/png\" \/>\n<meta name=\"author\" content=\"iggisar\" \/>\n<meta name=\"twitter:card\" content=\"summary_large_image\" \/>\n<meta name=\"twitter:label1\" content=\"Escrito por\" \/>\n\t<meta name=\"twitter:data1\" content=\"iggisar\" \/>\n\t<meta name=\"twitter:label2\" content=\"Tiempo de lectura\" \/>\n\t<meta name=\"twitter:data2\" content=\"2 minutos\" \/>\n<script type=\"application\/ld+json\" class=\"yoast-schema-graph\">{\"@context\":\"https:\\\/\\\/schema.org\",\"@graph\":[{\"@type\":\"Article\",\"@id\":\"https:\\\/\\\/catunescoforum.upv.es\\\/?p=8924#article\",\"isPartOf\":{\"@id\":\"https:\\\/\\\/catunescoforum.upv.es\\\/?p=8924\"},\"author\":{\"name\":\"iggisar\",\"@id\":\"https:\\\/\\\/catunescoforum.upv.es\\\/#\\\/schema\\\/person\\\/52c5bb7be482269f0e98ed62e0fab767\"},\"headline\":\"PREMIO RESPONSABILIDAD SOCIAL A C\u00c1TEDRA UNESCO FORUM UNIVERSIDAD Y PATRIMONIO CULTURAL UPV\",\"datePublished\":\"2024-06-05T09:39:46+00:00\",\"dateModified\":\"2024-06-07T08:31:47+00:00\",\"mainEntityOfPage\":{\"@id\":\"https:\\\/\\\/catunescoforum.upv.es\\\/?p=8924\"},\"wordCount\":425,\"commentCount\":0,\"publisher\":{\"@id\":\"https:\\\/\\\/catunescoforum.upv.es\\\/#organization\"},\"image\":{\"@id\":\"https:\\\/\\\/catunescoforum.upv.es\\\/?p=8924#primaryimage\"},\"thumbnailUrl\":\"https:\\\/\\\/catunescoforum.upv.es\\\/wp-content\\\/uploads\\\/2024\\\/06\\\/LOGO.png\",\"keywords\":[\"premio\",\"responsabilidadsocial\",\"UNESCO\",\"UPV\"],\"articleSection\":[\"Noticias\"],\"inLanguage\":\"es\",\"potentialAction\":[{\"@type\":\"CommentAction\",\"name\":\"Comment\",\"target\":[\"https:\\\/\\\/catunescoforum.upv.es\\\/?p=8924#respond\"]}]},{\"@type\":\"WebPage\",\"@id\":\"https:\\\/\\\/catunescoforum.upv.es\\\/?p=8924\",\"url\":\"https:\\\/\\\/catunescoforum.upv.es\\\/?p=8924\",\"name\":\"[:es]PREMIO RESPONSABILIDAD SOCIAL A C\u00c1TEDRA UNESCO FORUM UNIVERSIDAD Y PATRIMONIO CULTURAL UPV[:en]BLUE SHIELDS IN THE HERITAGE OF UKRAINE[:] - C\u00e1tedra UNESCO Forum Universidad y Patrimonio Cultural\",\"isPartOf\":{\"@id\":\"https:\\\/\\\/catunescoforum.upv.es\\\/#website\"},\"primaryImageOfPage\":{\"@id\":\"https:\\\/\\\/catunescoforum.upv.es\\\/?p=8924#primaryimage\"},\"image\":{\"@id\":\"https:\\\/\\\/catunescoforum.upv.es\\\/?p=8924#primaryimage\"},\"thumbnailUrl\":\"https:\\\/\\\/catunescoforum.upv.es\\\/wp-content\\\/uploads\\\/2024\\\/06\\\/LOGO.png\",\"datePublished\":\"2024-06-05T09:39:46+00:00\",\"dateModified\":\"2024-06-07T08:31:47+00:00\",\"breadcrumb\":{\"@id\":\"https:\\\/\\\/catunescoforum.upv.es\\\/?p=8924#breadcrumb\"},\"inLanguage\":\"es\",\"potentialAction\":[{\"@type\":\"ReadAction\",\"target\":[\"https:\\\/\\\/catunescoforum.upv.es\\\/?p=8924\"]}]},{\"@type\":\"ImageObject\",\"inLanguage\":\"es\",\"@id\":\"https:\\\/\\\/catunescoforum.upv.es\\\/?p=8924#primaryimage\",\"url\":\"https:\\\/\\\/catunescoforum.upv.es\\\/wp-content\\\/uploads\\\/2024\\\/06\\\/LOGO.png\",\"contentUrl\":\"https:\\\/\\\/catunescoforum.upv.es\\\/wp-content\\\/uploads\\\/2024\\\/06\\\/LOGO.png\",\"width\":643,\"height\":343},{\"@type\":\"BreadcrumbList\",\"@id\":\"https:\\\/\\\/catunescoforum.upv.es\\\/?p=8924#breadcrumb\",\"itemListElement\":[{\"@type\":\"ListItem\",\"position\":1,\"name\":\"Home\",\"item\":\"https:\\\/\\\/catunescoforum.upv.es\\\/\"},{\"@type\":\"ListItem\",\"position\":2,\"name\":\"PREMIO RESPONSABILIDAD SOCIAL A C\u00c1TEDRA UNESCO FORUM UNIVERSIDAD Y PATRIMONIO CULTURAL UPV\"}]},{\"@type\":\"WebSite\",\"@id\":\"https:\\\/\\\/catunescoforum.upv.es\\\/#website\",\"url\":\"https:\\\/\\\/catunescoforum.upv.es\\\/\",\"name\":\"C\u00e1tedra UNESCO Forum Universidad y Patrimonio Cultural\",\"description\":\"Una red universitaria internacional al cuidado del Patrimonio Cultural\",\"publisher\":{\"@id\":\"https:\\\/\\\/catunescoforum.upv.es\\\/#organization\"},\"potentialAction\":[{\"@type\":\"SearchAction\",\"target\":{\"@type\":\"EntryPoint\",\"urlTemplate\":\"https:\\\/\\\/catunescoforum.upv.es\\\/?s={search_term_string}\"},\"query-input\":{\"@type\":\"PropertyValueSpecification\",\"valueRequired\":true,\"valueName\":\"search_term_string\"}}],\"inLanguage\":\"es\"},{\"@type\":\"Organization\",\"@id\":\"https:\\\/\\\/catunescoforum.upv.es\\\/#organization\",\"name\":\"C\u00e1tedra UNESCO Forum Universidad y Patrimonio Cultura\",\"url\":\"https:\\\/\\\/catunescoforum.upv.es\\\/\",\"logo\":{\"@type\":\"ImageObject\",\"inLanguage\":\"es\",\"@id\":\"https:\\\/\\\/catunescoforum.upv.es\\\/#\\\/schema\\\/logo\\\/image\\\/\",\"url\":\"https:\\\/\\\/catunescoforum.upv.es\\\/wp-content\\\/uploads\\\/2025\\\/07\\\/cropped-Logo_catedra_2025_julio-scaled-1.png\",\"contentUrl\":\"https:\\\/\\\/catunescoforum.upv.es\\\/wp-content\\\/uploads\\\/2025\\\/07\\\/cropped-Logo_catedra_2025_julio-scaled-1.png\",\"width\":2560,\"height\":329,\"caption\":\"C\u00e1tedra UNESCO Forum Universidad y Patrimonio Cultura\"},\"image\":{\"@id\":\"https:\\\/\\\/catunescoforum.upv.es\\\/#\\\/schema\\\/logo\\\/image\\\/\"}},{\"@type\":\"Person\",\"@id\":\"https:\\\/\\\/catunescoforum.upv.es\\\/#\\\/schema\\\/person\\\/52c5bb7be482269f0e98ed62e0fab767\",\"name\":\"iggisar\",\"image\":{\"@type\":\"ImageObject\",\"inLanguage\":\"es\",\"@id\":\"https:\\\/\\\/secure.gravatar.com\\\/avatar\\\/abf70bef82f50c68a6527d081e6585b5ff3e8a7ac7742a3e40b4d21cb5286d73?s=96&d=mm&r=g\",\"url\":\"https:\\\/\\\/secure.gravatar.com\\\/avatar\\\/abf70bef82f50c68a6527d081e6585b5ff3e8a7ac7742a3e40b4d21cb5286d73?s=96&d=mm&r=g\",\"contentUrl\":\"https:\\\/\\\/secure.gravatar.com\\\/avatar\\\/abf70bef82f50c68a6527d081e6585b5ff3e8a7ac7742a3e40b4d21cb5286d73?s=96&d=mm&r=g\",\"caption\":\"iggisar\"},\"url\":\"https:\\\/\\\/catunescoforum.upv.es\\\/?author=11561\"}]}<\/script>\n<!-- \/ Yoast SEO plugin. -->","yoast_head_json":{"title":"[:es]PREMIO RESPONSABILIDAD SOCIAL A C\u00c1TEDRA UNESCO FORUM UNIVERSIDAD Y PATRIMONIO CULTURAL UPV[:en]BLUE SHIELDS IN THE HERITAGE OF UKRAINE[:] - C\u00e1tedra UNESCO Forum Universidad y Patrimonio Cultural","robots":{"index":"index","follow":"follow","max-snippet":"max-snippet:-1","max-image-preview":"max-image-preview:large","max-video-preview":"max-video-preview:-1"},"canonical":"https:\/\/catunescoforum.upv.es\/?p=8924","og_locale":"es_ES","og_type":"article","og_title":"[:es]PREMIO RESPONSABILIDAD SOCIAL A C\u00c1TEDRA UNESCO FORUM UNIVERSIDAD Y PATRIMONIO CULTURAL UPV[:en]BLUE SHIELDS IN THE HERITAGE OF UKRAINE[:] - C\u00e1tedra UNESCO Forum Universidad y Patrimonio Cultural","og_description":"La labor de la C\u00e1tedra ha sido reconocida recientemente con este galard\u00f3n.","og_url":"https:\/\/catunescoforum.upv.es\/?p=8924","og_site_name":"C\u00e1tedra UNESCO Forum Universidad y Patrimonio Cultural","article_published_time":"2024-06-05T09:39:46+00:00","article_modified_time":"2024-06-07T08:31:47+00:00","og_image":[{"width":643,"height":343,"url":"https:\/\/catunescoforum.upv.es\/wp-content\/uploads\/2024\/06\/LOGO.png","type":"image\/png"}],"author":"iggisar","twitter_card":"summary_large_image","twitter_misc":{"Escrito por":"iggisar","Tiempo de lectura":"2 minutos"},"schema":{"@context":"https:\/\/schema.org","@graph":[{"@type":"Article","@id":"https:\/\/catunescoforum.upv.es\/?p=8924#article","isPartOf":{"@id":"https:\/\/catunescoforum.upv.es\/?p=8924"},"author":{"name":"iggisar","@id":"https:\/\/catunescoforum.upv.es\/#\/schema\/person\/52c5bb7be482269f0e98ed62e0fab767"},"headline":"PREMIO RESPONSABILIDAD SOCIAL A C\u00c1TEDRA UNESCO FORUM UNIVERSIDAD Y PATRIMONIO CULTURAL UPV","datePublished":"2024-06-05T09:39:46+00:00","dateModified":"2024-06-07T08:31:47+00:00","mainEntityOfPage":{"@id":"https:\/\/catunescoforum.upv.es\/?p=8924"},"wordCount":425,"commentCount":0,"publisher":{"@id":"https:\/\/catunescoforum.upv.es\/#organization"},"image":{"@id":"https:\/\/catunescoforum.upv.es\/?p=8924#primaryimage"},"thumbnailUrl":"https:\/\/catunescoforum.upv.es\/wp-content\/uploads\/2024\/06\/LOGO.png","keywords":["premio","responsabilidadsocial","UNESCO","UPV"],"articleSection":["Noticias"],"inLanguage":"es","potentialAction":[{"@type":"CommentAction","name":"Comment","target":["https:\/\/catunescoforum.upv.es\/?p=8924#respond"]}]},{"@type":"WebPage","@id":"https:\/\/catunescoforum.upv.es\/?p=8924","url":"https:\/\/catunescoforum.upv.es\/?p=8924","name":"[:es]PREMIO RESPONSABILIDAD SOCIAL A C\u00c1TEDRA UNESCO FORUM UNIVERSIDAD Y PATRIMONIO CULTURAL UPV[:en]BLUE SHIELDS IN THE HERITAGE OF UKRAINE[:] - C\u00e1tedra UNESCO Forum Universidad y Patrimonio Cultural","isPartOf":{"@id":"https:\/\/catunescoforum.upv.es\/#website"},"primaryImageOfPage":{"@id":"https:\/\/catunescoforum.upv.es\/?p=8924#primaryimage"},"image":{"@id":"https:\/\/catunescoforum.upv.es\/?p=8924#primaryimage"},"thumbnailUrl":"https:\/\/catunescoforum.upv.es\/wp-content\/uploads\/2024\/06\/LOGO.png","datePublished":"2024-06-05T09:39:46+00:00","dateModified":"2024-06-07T08:31:47+00:00","breadcrumb":{"@id":"https:\/\/catunescoforum.upv.es\/?p=8924#breadcrumb"},"inLanguage":"es","potentialAction":[{"@type":"ReadAction","target":["https:\/\/catunescoforum.upv.es\/?p=8924"]}]},{"@type":"ImageObject","inLanguage":"es","@id":"https:\/\/catunescoforum.upv.es\/?p=8924#primaryimage","url":"https:\/\/catunescoforum.upv.es\/wp-content\/uploads\/2024\/06\/LOGO.png","contentUrl":"https:\/\/catunescoforum.upv.es\/wp-content\/uploads\/2024\/06\/LOGO.png","width":643,"height":343},{"@type":"BreadcrumbList","@id":"https:\/\/catunescoforum.upv.es\/?p=8924#breadcrumb","itemListElement":[{"@type":"ListItem","position":1,"name":"Home","item":"https:\/\/catunescoforum.upv.es\/"},{"@type":"ListItem","position":2,"name":"PREMIO RESPONSABILIDAD SOCIAL A C\u00c1TEDRA UNESCO FORUM UNIVERSIDAD Y PATRIMONIO CULTURAL UPV"}]},{"@type":"WebSite","@id":"https:\/\/catunescoforum.upv.es\/#website","url":"https:\/\/catunescoforum.upv.es\/","name":"C\u00e1tedra UNESCO Forum Universidad y Patrimonio Cultural","description":"Una red universitaria internacional al cuidado del Patrimonio Cultural","publisher":{"@id":"https:\/\/catunescoforum.upv.es\/#organization"},"potentialAction":[{"@type":"SearchAction","target":{"@type":"EntryPoint","urlTemplate":"https:\/\/catunescoforum.upv.es\/?s={search_term_string}"},"query-input":{"@type":"PropertyValueSpecification","valueRequired":true,"valueName":"search_term_string"}}],"inLanguage":"es"},{"@type":"Organization","@id":"https:\/\/catunescoforum.upv.es\/#organization","name":"C\u00e1tedra UNESCO Forum Universidad y Patrimonio Cultura","url":"https:\/\/catunescoforum.upv.es\/","logo":{"@type":"ImageObject","inLanguage":"es","@id":"https:\/\/catunescoforum.upv.es\/#\/schema\/logo\/image\/","url":"https:\/\/catunescoforum.upv.es\/wp-content\/uploads\/2025\/07\/cropped-Logo_catedra_2025_julio-scaled-1.png","contentUrl":"https:\/\/catunescoforum.upv.es\/wp-content\/uploads\/2025\/07\/cropped-Logo_catedra_2025_julio-scaled-1.png","width":2560,"height":329,"caption":"C\u00e1tedra UNESCO Forum Universidad y Patrimonio Cultura"},"image":{"@id":"https:\/\/catunescoforum.upv.es\/#\/schema\/logo\/image\/"}},{"@type":"Person","@id":"https:\/\/catunescoforum.upv.es\/#\/schema\/person\/52c5bb7be482269f0e98ed62e0fab767","name":"iggisar","image":{"@type":"ImageObject","inLanguage":"es","@id":"https:\/\/secure.gravatar.com\/avatar\/abf70bef82f50c68a6527d081e6585b5ff3e8a7ac7742a3e40b4d21cb5286d73?s=96&d=mm&r=g","url":"https:\/\/secure.gravatar.com\/avatar\/abf70bef82f50c68a6527d081e6585b5ff3e8a7ac7742a3e40b4d21cb5286d73?s=96&d=mm&r=g","contentUrl":"https:\/\/secure.gravatar.com\/avatar\/abf70bef82f50c68a6527d081e6585b5ff3e8a7ac7742a3e40b4d21cb5286d73?s=96&d=mm&r=g","caption":"iggisar"},"url":"https:\/\/catunescoforum.upv.es\/?author=11561"}]}},"_links":{"self":[{"href":"https:\/\/catunescoforum.upv.es\/index.php?rest_route=\/wp\/v2\/posts\/8924","targetHints":{"allow":["GET"]}}],"collection":[{"href":"https:\/\/catunescoforum.upv.es\/index.php?rest_route=\/wp\/v2\/posts"}],"about":[{"href":"https:\/\/catunescoforum.upv.es\/index.php?rest_route=\/wp\/v2\/types\/post"}],"author":[{"embeddable":true,"href":"https:\/\/catunescoforum.upv.es\/index.php?rest_route=\/wp\/v2\/users\/11561"}],"replies":[{"embeddable":true,"href":"https:\/\/catunescoforum.upv.es\/index.php?rest_route=%2Fwp%2Fv2%2Fcomments&post=8924"}],"version-history":[{"count":2,"href":"https:\/\/catunescoforum.upv.es\/index.php?rest_route=\/wp\/v2\/posts\/8924\/revisions"}],"predecessor-version":[{"id":8929,"href":"https:\/\/catunescoforum.upv.es\/index.php?rest_route=\/wp\/v2\/posts\/8924\/revisions\/8929"}],"wp:featuredmedia":[{"embeddable":true,"href":"https:\/\/catunescoforum.upv.es\/index.php?rest_route=\/wp\/v2\/media\/8925"}],"wp:attachment":[{"href":"https:\/\/catunescoforum.upv.es\/index.php?rest_route=%2Fwp%2Fv2%2Fmedia&parent=8924"}],"wp:term":[{"taxonomy":"category","embeddable":true,"href":"https:\/\/catunescoforum.upv.es\/index.php?rest_route=%2Fwp%2Fv2%2Fcategories&post=8924"},{"taxonomy":"post_tag","embeddable":true,"href":"https:\/\/catunescoforum.upv.es\/index.php?rest_route=%2Fwp%2Fv2%2Ftags&post=8924"}],"curies":[{"name":"wp","href":"https:\/\/api.w.org\/{rel}","templated":true}]}}