{"id":9853,"date":"2024-12-21T21:56:06","date_gmt":"2024-12-21T21:56:06","guid":{"rendered":"https:\/\/catunescoforum.upv.es\/?p=9853"},"modified":"2024-12-21T22:31:37","modified_gmt":"2024-12-21T22:31:37","slug":"9853-2","status":"publish","type":"post","link":"https:\/\/catunescoforum.upv.es\/?p=9853","title":{"rendered":"ADI\u00d3S A FEDERICO MAYOR ZARAGOZA, UN FARO DE PAZ Y CULTURA"},"content":{"rendered":"<div id=\"pl-9853\"  class=\"panel-layout\" ><div id=\"pg-9853-0\"  class=\"panel-grid panel-has-style\" ><div class=\"panel-row-style panel-row-style-for-9853-0\" ><div id=\"pgc-9853-0-0\"  class=\"panel-grid-cell\" ><div id=\"panel-9853-0-0-0\" class=\"so-panel widget widget_sow-hero panel-first-child panel-last-child\" data-index=\"0\" ><div\n\t\t\t\n\t\t\tclass=\"so-widget-sow-hero so-widget-sow-hero-default-53edb8781e20-9853 so-widget-fittext-wrapper\"\n\t\t\t data-fit-text-compressor=\"0.85\"\n\t\t>\t\t\t\t<div class=\"sow-slider-base\" style=\"display: none\" tabindex=\"0\">\n\t\t\t\t\t<ul\n\t\t\t\t\tclass=\"sow-slider-images\"\n\t\t\t\t\tdata-settings=\"{&quot;pagination&quot;:true,&quot;speed&quot;:800,&quot;timeout&quot;:8000,&quot;paused&quot;:false,&quot;pause_on_hover&quot;:false,&quot;swipe&quot;:true,&quot;nav_always_show_desktop&quot;:&quot;&quot;,&quot;nav_always_show_mobile&quot;:&quot;&quot;,&quot;breakpoint&quot;:&quot;780px&quot;,&quot;unmute&quot;:false,&quot;anchor&quot;:null}\"\n\t\t\t\t\tstyle=\"min-height: 620px\"\t\t\t\t\tdata-anchor-id=\"\"\n\t\t\t\t>\t\t<li class=\"sow-slider-image  sow-slider-image-cover\" style=\"visibility: visible;;background-color: #333333;background-image: url(https:\/\/catunescoforum.upv.es\/wp-content\/uploads\/2024\/12\/Federico-mayor-zaragoza.png)\" >\n\t\t\t\t\t<div class=\"sow-slider-image-container\">\n\t\t\t<div class=\"sow-slider-image-wrapper\">\n\t\t\t\t\t\t\t<\/div>\n\t\t<\/div>\n\t\t\t\t<\/li>\n\t\t<\/ul>\t\t\t\t<ol class=\"sow-slider-pagination\">\n\t\t\t\t\t\t\t\t\t\t\t<li><a href=\"#\" data-goto=\"0\" aria-label=\"mostrar diapositiva 1\"><\/a><\/li>\n\t\t\t\t\t\t\t\t\t<\/ol>\n\n\t\t\t\t<div class=\"sow-slide-nav sow-slide-nav-next\">\n\t\t\t\t\t<a href=\"#\" data-goto=\"next\" aria-label=\"diapositiva siguiente\" data-action=\"next\">\n\t\t\t\t\t\t<em class=\"sow-sld-icon-thin-right\"><\/em>\n\t\t\t\t\t<\/a>\n\t\t\t\t<\/div>\n\n\t\t\t\t<div class=\"sow-slide-nav sow-slide-nav-prev\">\n\t\t\t\t\t<a href=\"#\" data-goto=\"previous\" aria-label=\"diapositiva anterior\" data-action=\"prev\">\n\t\t\t\t\t\t<em class=\"sow-sld-icon-thin-left\"><\/em>\n\t\t\t\t\t<\/a>\n\t\t\t\t<\/div>\n\t\t\t\t<\/div><\/div><\/div><\/div><\/div><\/div><div id=\"pg-9853-1\"  class=\"panel-grid panel-no-style\" ><div id=\"pgc-9853-1-0\"  class=\"panel-grid-cell panel-grid-cell-empty\" ><\/div><div id=\"pgc-9853-1-1\"  class=\"panel-grid-cell panel-grid-cell-mobile-last\" ><div id=\"panel-9853-1-1-0\" class=\"so-panel widget widget_sow-headline panel-first-child panel-last-child\" data-index=\"1\" ><div\n\t\t\t\n\t\t\tclass=\"so-widget-sow-headline so-widget-sow-headline-default-ebc767302648-9853\"\n\t\t\t\n\t\t><div class=\"sow-headline-container \">\n\t\t\t\t\t\t\t<h2 class=\"sow-headline\">\n\t\t\t\t\t\tADI\u00d3S A FEDERICO MAYOR ZARAGOZA, UN FARO DE PAZ Y CULTURA\t\t\t\t\t\t<\/h2>\n\t\t\t\t\t\t<\/div>\n<\/div><\/div><\/div><div id=\"pgc-9853-1-2\"  class=\"panel-grid-cell panel-grid-cell-empty\" ><\/div><\/div><div id=\"pg-9853-2\"  class=\"panel-grid panel-no-style\" ><div id=\"pgc-9853-2-0\"  class=\"panel-grid-cell\" ><div id=\"panel-9853-2-0-0\" class=\"so-panel widget widget_sow-editor panel-first-child panel-last-child\" data-index=\"2\" ><div\n\t\t\t\n\t\t\tclass=\"so-widget-sow-editor so-widget-sow-editor-base\"\n\t\t\t\n\t\t>\n<div class=\"siteorigin-widget-tinymce textwidget\">\n\t<p>Con profundo pesar lamentamos comunicar que el pasado 19 de diciembre ha fallecido D.Federico Mayor Zaragoza, colaborador <em>ad honorem<\/em> de nuestra C\u00e1tedra, fundador del programa de las C\u00e1tedras UNESCO y una figura de referencia en el \u00e1mbito internacional.<\/p>\n<p>Federico Mayor Zaragoza dedic\u00f3 su vida a construir puentes entre culturas a trav\u00e9s de la educaci\u00f3n, a fomentar el di\u00e1logo como herramienta esencial para la resoluci\u00f3n de conflictos y a promover la paz como fundamento de una sociedad justa. Su legado como Director General de la UNESCO y su incansable trabajo por la educaci\u00f3n, la ciencia y la cultura nos dejan un ejemplo imborrable de compromiso con los valores universales.<\/p>\n<p>M\u00e1s all\u00e1 de su impecable trayectoria profesional, quienes tuvimos el privilegio de conocerlo pudimos apreciar su calidad humana, su generosidad y su inquebrantable fe en la capacidad transformadora del di\u00e1logo. Federico cre\u00eda firmemente en el poder de las ideas para cambiar el mundo y dedic\u00f3 sus \u00faltimos a\u00f1os a defender la Cultura de la Paz como una alternativa indispensable frente a la violencia y la divisi\u00f3n.<\/p>\n<p>Os animamos a que visualic\u00e9is la CHARLA \"<strong><a href=\"https:\/\/www.youtube.com\/watch?v=eWKtJXTxQ9w\">60 MINUTOS CON... FEDERICO MAYOR ZARAGOZA: DIRECTOR GENERAL DE LA UNESCO (1987-1999)<\/a><\/strong>\" que tuvimos el honor de realizar hace un a\u00f1o, donde podr\u00e9is disfrutar de su grandeza y, a la vez, de su humildad como el hombre bueno que siempre fue. Hoy, queremos honrar su memoria recordando sus palabras y, sobre todo, renovando nuestro compromiso con las causas que \u00e9l defendi\u00f3 con tanto empe\u00f1o.<\/p>\n<p>Federico Mayor Zaragoza no solo fue un l\u00edder visionario, sino tambi\u00e9n un amigo cercano para todos aquellos que compartimos su misi\u00f3n de construir un futuro m\u00e1s solidario y equitativo. Desde la C\u00e1tedra UNESCO Forum Universidad y Patrimonio Cultural UPV, enviamos nuestras m\u00e1s sinceras condolencias a su familia, amigos y a todos aquellos que, como nosotros, sienten profundamente su p\u00e9rdida. Federico ser\u00e1 siempre una fuente de inspiraci\u00f3n para nuestras acciones y proyectos.<\/p>\n<p>&nbsp;<\/p>\n<\/div>\n<\/div><\/div><\/div><\/div><div id=\"pg-9853-3\"  class=\"panel-grid panel-has-style\" ><div class=\"siteorigin-panels-stretch panel-row-style panel-row-style-for-9853-3\" data-stretch-type=\"full\" ><div id=\"pgc-9853-3-0\"  class=\"panel-grid-cell\" ><div id=\"panel-9853-3-0-0\" class=\"so-panel widget widget_sow-headline panel-first-child panel-last-child\" data-index=\"3\" ><div class=\"so-rounded panel-widget-style panel-widget-style-for-9853-3-0-0\" ><div\n\t\t\t\n\t\t\tclass=\"so-widget-sow-headline so-widget-sow-headline-default-b53d284abf2e-9853 so-widget-fittext-wrapper\"\n\t\t\t data-fit-text-compressor=\"0.85\"\n\t\t><div class=\"sow-headline-container \">\n\t\t\t\t\t\t\t<h1 class=\"sow-headline\">\n\t\t\t\t\t\t        <u>Ciclo de charlas<\/u>         \t\t\t\t\t\t<\/h1>\n\t\t\t\t\t\t\t\t\t\t\t\t<h2 class=\"sow-sub-headline\">\n\t\t\t\t\t\t        60 minutos con Federico Mayor Zaragoza.         \t\t\t\t\t\t<\/h2>\n\t\t\t\t\t\t<\/div>\n<\/div><\/div><\/div><\/div><div id=\"pgc-9853-3-1\"  class=\"panel-grid-cell\" ><div id=\"panel-9853-3-1-0\" class=\"so-panel widget widget_media_video panel-first-child panel-last-child\" data-index=\"4\" ><div class=\"panel-widget-style panel-widget-style-for-9853-3-1-0\" ><div style=\"width:100%;\" class=\"wp-video\"><video class=\"wp-video-shortcode\" id=\"video-9853-1\" preload=\"metadata\" controls=\"controls\"><source type=\"video\/youtube\" src=\"https:\/\/www.youtube.com\/watch?v=eWKtJXTxQ9w&#038;_=1\" \/><a href=\"https:\/\/www.youtube.com\/watch?v=eWKtJXTxQ9w\">https:\/\/www.youtube.com\/watch?v=eWKtJXTxQ9w<\/a><\/video><\/div><\/div><\/div><\/div><\/div><\/div><div id=\"pg-9853-4\"  class=\"panel-grid panel-no-style\" ><div id=\"pgc-9853-4-0\"  class=\"panel-grid-cell\" ><div id=\"panel-9853-4-0-0\" class=\"so-panel widget widget_sow-editor panel-first-child panel-last-child\" data-index=\"5\" ><div\n\t\t\t\n\t\t\tclass=\"so-widget-sow-editor so-widget-sow-editor-base\"\n\t\t\t\n\t\t>\n<div class=\"siteorigin-widget-tinymce textwidget\">\n\t<h3 style=\"text-align: left\"><strong><span style=\"color: #063971\">Farewell to Federico Mayor Zaragoza, a Beacon of Peace and Culture<\/span><\/strong><\/h3>\n<p style=\"text-align: left\"><span style=\"color: #063971\">With deep sorrow, we regret to announce that on December 19th, D. Federico Mayor Zaragoza, honorary collaborator of our Chair, founder of the UNESCO Chairs Program, and an international figure of reference, passed away.<\/span><\/p>\n<p style=\"text-align: left\"><span style=\"color: #063971\">Federico Mayor Zaragoza devoted his life to building bridges between cultures through education, fostering dialogue as an essential tool for conflict resolution, and promoting peace as the foundation of a just society. His legacy as Director-General of UNESCO and his tireless work in education, science, and culture leave us with an enduring example of commitment to universal values.<\/span><\/p>\n<p style=\"text-align: left\"><span style=\"color: #063971\">Beyond his impeccable professional career, those of us who had the privilege of knowing him could appreciate his humanity, generosity, and unwavering faith in the transformative power of dialogue. Federico firmly believed in the power of ideas to change the world and spent his final years advocating for a Culture of Peace as an indispensable alternative to violence and division.<\/span><\/p>\n<p style=\"text-align: left\"><span style=\"color: #063971\">We encourage you to watch the talk, <em>\u201c<\/em><strong><a href=\"https:\/\/www.youtube.com\/watch?v=eWKtJXTxQ9w\">60 Minutes with... Federico Mayor Zaragoza: Director-General of UNESCO (1987-1999)<\/a><\/strong><em>,\u201d<\/em> which we had the honor of hosting a year ago. There, you can witness his greatness as well as his humility as the good man he always was. Today, we wish to honor his memory by recalling his words and, above all, renewing our commitment to the causes he so passionately championed.<\/span><\/p>\n<p style=\"text-align: left\"><span style=\"color: #063971\">Federico Mayor Zaragoza was not only a visionary leader but also a close friend to all of us who shared his mission of building a more supportive and equitable future. From the UNESCO Forum Chair on University and Cultural Heritage at UPV, we extend our deepest condolences to his family, friends, and all those who, like us, profoundly feel his loss. Federico will forever remain a source of inspiration for our actions and projects.<\/span><\/p>\n<p>&nbsp;<\/p>\n<hr \/>\n<p>&nbsp;<\/p>\n<p>&nbsp;<\/p>\n<p>&nbsp;<\/p>\n<\/div>\n<\/div><\/div><\/div><\/div><\/div>","protected":false},"excerpt":{"rendered":"<p>Federico Mayor Zaragoza, exdirector general de la UNESCO y defensor incansable de la paz y la educaci\u00f3n, falleci\u00f3 el 19 de diciembre, dejando un legado imborrable en la construcci\u00f3n de puentes entre culturas y el fomento del di\u00e1logo como herramienta esencial para un mundo m\u00e1s justo.<\/p>\n","protected":false},"author":56076,"featured_media":9856,"comment_status":"open","ping_status":"open","sticky":false,"template":"","format":"standard","meta":{"_monsterinsights_skip_tracking":false,"footnotes":""},"categories":[10,1,13],"tags":[16,171,331,112,124],"class_list":["post-9853","post","type-post","status-publish","format-standard","has-post-thumbnail","hentry","category-news","category-sin-categoria","category-unesco","tag-catedraunescoforumupv","tag-comunidad-valenciana","tag-espana","tag-unesco","tag-valencia"],"yoast_head":"<!-- This site is optimized with the Yoast SEO plugin v28.4 - https:\/\/yoast.com\/product\/yoast-seo-wordpress\/ -->\n<title>ADI\u00d3S A FEDERICO MAYOR ZARAGOZA, UN FARO DE PAZ Y CULTURA - C\u00e1tedra UNESCO Forum Universidad y Patrimonio Cultural<\/title>\n<meta name=\"robots\" content=\"index, follow, max-snippet:-1, max-image-preview:large, max-video-preview:-1\" \/>\n<link rel=\"canonical\" href=\"https:\/\/catunescoforum.upv.es\/?p=9853\" \/>\n<meta property=\"og:locale\" content=\"es_ES\" \/>\n<meta property=\"og:type\" content=\"article\" \/>\n<meta property=\"og:title\" content=\"ADI\u00d3S A FEDERICO MAYOR ZARAGOZA, UN FARO DE PAZ Y CULTURA - C\u00e1tedra UNESCO Forum Universidad y Patrimonio Cultural\" \/>\n<meta property=\"og:description\" content=\"Federico Mayor Zaragoza, exdirector general de la UNESCO y defensor incansable de la paz y la educaci\u00f3n, falleci\u00f3 el 19 de diciembre, dejando un legado imborrable en la construcci\u00f3n de puentes entre culturas y el fomento del di\u00e1logo como herramienta esencial para un mundo m\u00e1s justo.\" \/>\n<meta property=\"og:url\" content=\"https:\/\/catunescoforum.upv.es\/?p=9853\" \/>\n<meta property=\"og:site_name\" content=\"C\u00e1tedra UNESCO Forum Universidad y Patrimonio Cultural\" \/>\n<meta property=\"article:published_time\" content=\"2024-12-21T21:56:06+00:00\" \/>\n<meta property=\"article:modified_time\" content=\"2024-12-21T22:31:37+00:00\" \/>\n<meta property=\"og:image\" content=\"https:\/\/catunescoforum.upv.es\/wp-content\/uploads\/2024\/12\/Federico-Mayor.png\" \/>\n\t<meta property=\"og:image:width\" content=\"504\" \/>\n\t<meta property=\"og:image:height\" content=\"372\" \/>\n\t<meta property=\"og:image:type\" content=\"image\/png\" \/>\n<meta name=\"author\" content=\"prilehgr\" \/>\n<meta name=\"twitter:card\" content=\"summary_large_image\" \/>\n<meta name=\"twitter:label1\" content=\"Escrito por\" \/>\n\t<meta name=\"twitter:data1\" content=\"prilehgr\" \/>\n\t<meta name=\"twitter:label2\" content=\"Tiempo de lectura\" \/>\n\t<meta name=\"twitter:data2\" content=\"3 minutos\" \/>\n<script type=\"application\/ld+json\" class=\"yoast-schema-graph\">{\"@context\":\"https:\\\/\\\/schema.org\",\"@graph\":[{\"@type\":\"Article\",\"@id\":\"https:\\\/\\\/catunescoforum.upv.es\\\/?p=9853#article\",\"isPartOf\":{\"@id\":\"https:\\\/\\\/catunescoforum.upv.es\\\/?p=9853\"},\"author\":{\"name\":\"prilehgr\",\"@id\":\"https:\\\/\\\/catunescoforum.upv.es\\\/#\\\/schema\\\/person\\\/db5475dd68f89dd9bb4f73e096a42b07\"},\"headline\":\"ADI\u00d3S A FEDERICO MAYOR ZARAGOZA, UN FARO DE PAZ Y CULTURA\",\"datePublished\":\"2024-12-21T21:56:06+00:00\",\"dateModified\":\"2024-12-21T22:31:37+00:00\",\"mainEntityOfPage\":{\"@id\":\"https:\\\/\\\/catunescoforum.upv.es\\\/?p=9853\"},\"wordCount\":697,\"commentCount\":0,\"publisher\":{\"@id\":\"https:\\\/\\\/catunescoforum.upv.es\\\/#organization\"},\"image\":{\"@id\":\"https:\\\/\\\/catunescoforum.upv.es\\\/?p=9853#primaryimage\"},\"thumbnailUrl\":\"https:\\\/\\\/catunescoforum.upv.es\\\/wp-content\\\/uploads\\\/2024\\\/12\\\/Federico-Mayor.png\",\"keywords\":[\"#catedraunescoforumupv\",\"comunidad valenciana\",\"Espa\u00f1a\",\"UNESCO\",\"Valencia\"],\"articleSection\":[\"Noticias\",\"Publicaciones\",\"UNESCO\"],\"inLanguage\":\"es\",\"potentialAction\":[{\"@type\":\"CommentAction\",\"name\":\"Comment\",\"target\":[\"https:\\\/\\\/catunescoforum.upv.es\\\/?p=9853#respond\"]}]},{\"@type\":\"WebPage\",\"@id\":\"https:\\\/\\\/catunescoforum.upv.es\\\/?p=9853\",\"url\":\"https:\\\/\\\/catunescoforum.upv.es\\\/?p=9853\",\"name\":\"ADI\u00d3S A FEDERICO MAYOR ZARAGOZA, UN FARO DE PAZ Y CULTURA - C\u00e1tedra UNESCO Forum Universidad y Patrimonio Cultural\",\"isPartOf\":{\"@id\":\"https:\\\/\\\/catunescoforum.upv.es\\\/#website\"},\"primaryImageOfPage\":{\"@id\":\"https:\\\/\\\/catunescoforum.upv.es\\\/?p=9853#primaryimage\"},\"image\":{\"@id\":\"https:\\\/\\\/catunescoforum.upv.es\\\/?p=9853#primaryimage\"},\"thumbnailUrl\":\"https:\\\/\\\/catunescoforum.upv.es\\\/wp-content\\\/uploads\\\/2024\\\/12\\\/Federico-Mayor.png\",\"datePublished\":\"2024-12-21T21:56:06+00:00\",\"dateModified\":\"2024-12-21T22:31:37+00:00\",\"breadcrumb\":{\"@id\":\"https:\\\/\\\/catunescoforum.upv.es\\\/?p=9853#breadcrumb\"},\"inLanguage\":\"es\",\"potentialAction\":[{\"@type\":\"ReadAction\",\"target\":[\"https:\\\/\\\/catunescoforum.upv.es\\\/?p=9853\"]}]},{\"@type\":\"ImageObject\",\"inLanguage\":\"es\",\"@id\":\"https:\\\/\\\/catunescoforum.upv.es\\\/?p=9853#primaryimage\",\"url\":\"https:\\\/\\\/catunescoforum.upv.es\\\/wp-content\\\/uploads\\\/2024\\\/12\\\/Federico-Mayor.png\",\"contentUrl\":\"https:\\\/\\\/catunescoforum.upv.es\\\/wp-content\\\/uploads\\\/2024\\\/12\\\/Federico-Mayor.png\",\"width\":504,\"height\":372},{\"@type\":\"BreadcrumbList\",\"@id\":\"https:\\\/\\\/catunescoforum.upv.es\\\/?p=9853#breadcrumb\",\"itemListElement\":[{\"@type\":\"ListItem\",\"position\":1,\"name\":\"Home\",\"item\":\"https:\\\/\\\/catunescoforum.upv.es\\\/\"},{\"@type\":\"ListItem\",\"position\":2,\"name\":\"ADI\u00d3S A FEDERICO MAYOR ZARAGOZA, UN FARO DE PAZ Y CULTURA\"}]},{\"@type\":\"WebSite\",\"@id\":\"https:\\\/\\\/catunescoforum.upv.es\\\/#website\",\"url\":\"https:\\\/\\\/catunescoforum.upv.es\\\/\",\"name\":\"C\u00e1tedra UNESCO Forum Universidad y Patrimonio Cultural\",\"description\":\"Una red universitaria internacional al cuidado del Patrimonio Cultural\",\"publisher\":{\"@id\":\"https:\\\/\\\/catunescoforum.upv.es\\\/#organization\"},\"potentialAction\":[{\"@type\":\"SearchAction\",\"target\":{\"@type\":\"EntryPoint\",\"urlTemplate\":\"https:\\\/\\\/catunescoforum.upv.es\\\/?s={search_term_string}\"},\"query-input\":{\"@type\":\"PropertyValueSpecification\",\"valueRequired\":true,\"valueName\":\"search_term_string\"}}],\"inLanguage\":\"es\"},{\"@type\":\"Organization\",\"@id\":\"https:\\\/\\\/catunescoforum.upv.es\\\/#organization\",\"name\":\"C\u00e1tedra UNESCO Forum Universidad y Patrimonio Cultura\",\"url\":\"https:\\\/\\\/catunescoforum.upv.es\\\/\",\"logo\":{\"@type\":\"ImageObject\",\"inLanguage\":\"es\",\"@id\":\"https:\\\/\\\/catunescoforum.upv.es\\\/#\\\/schema\\\/logo\\\/image\\\/\",\"url\":\"https:\\\/\\\/catunescoforum.upv.es\\\/wp-content\\\/uploads\\\/2025\\\/07\\\/cropped-Logo_catedra_2025_julio-scaled-1.png\",\"contentUrl\":\"https:\\\/\\\/catunescoforum.upv.es\\\/wp-content\\\/uploads\\\/2025\\\/07\\\/cropped-Logo_catedra_2025_julio-scaled-1.png\",\"width\":2560,\"height\":329,\"caption\":\"C\u00e1tedra UNESCO Forum Universidad y Patrimonio Cultura\"},\"image\":{\"@id\":\"https:\\\/\\\/catunescoforum.upv.es\\\/#\\\/schema\\\/logo\\\/image\\\/\"}},{\"@type\":\"Person\",\"@id\":\"https:\\\/\\\/catunescoforum.upv.es\\\/#\\\/schema\\\/person\\\/db5475dd68f89dd9bb4f73e096a42b07\",\"name\":\"prilehgr\",\"image\":{\"@type\":\"ImageObject\",\"inLanguage\":\"es\",\"@id\":\"https:\\\/\\\/secure.gravatar.com\\\/avatar\\\/5b388b0bdb1f4905d2c82f072c3498d15b87f4d5f109712d9d859b12e08d0da3?s=96&d=mm&r=g\",\"url\":\"https:\\\/\\\/secure.gravatar.com\\\/avatar\\\/5b388b0bdb1f4905d2c82f072c3498d15b87f4d5f109712d9d859b12e08d0da3?s=96&d=mm&r=g\",\"contentUrl\":\"https:\\\/\\\/secure.gravatar.com\\\/avatar\\\/5b388b0bdb1f4905d2c82f072c3498d15b87f4d5f109712d9d859b12e08d0da3?s=96&d=mm&r=g\",\"caption\":\"prilehgr\"},\"url\":\"https:\\\/\\\/catunescoforum.upv.es\\\/?author=56076\"}]}<\/script>\n<!-- \/ Yoast SEO plugin. -->","yoast_head_json":{"title":"ADI\u00d3S A FEDERICO MAYOR ZARAGOZA, UN FARO DE PAZ Y CULTURA - C\u00e1tedra UNESCO Forum Universidad y Patrimonio Cultural","robots":{"index":"index","follow":"follow","max-snippet":"max-snippet:-1","max-image-preview":"max-image-preview:large","max-video-preview":"max-video-preview:-1"},"canonical":"https:\/\/catunescoforum.upv.es\/?p=9853","og_locale":"es_ES","og_type":"article","og_title":"ADI\u00d3S A FEDERICO MAYOR ZARAGOZA, UN FARO DE PAZ Y CULTURA - C\u00e1tedra UNESCO Forum Universidad y Patrimonio Cultural","og_description":"Federico Mayor Zaragoza, exdirector general de la UNESCO y defensor incansable de la paz y la educaci\u00f3n, falleci\u00f3 el 19 de diciembre, dejando un legado imborrable en la construcci\u00f3n de puentes entre culturas y el fomento del di\u00e1logo como herramienta esencial para un mundo m\u00e1s justo.","og_url":"https:\/\/catunescoforum.upv.es\/?p=9853","og_site_name":"C\u00e1tedra UNESCO Forum Universidad y Patrimonio Cultural","article_published_time":"2024-12-21T21:56:06+00:00","article_modified_time":"2024-12-21T22:31:37+00:00","og_image":[{"width":504,"height":372,"url":"https:\/\/catunescoforum.upv.es\/wp-content\/uploads\/2024\/12\/Federico-Mayor.png","type":"image\/png"}],"author":"prilehgr","twitter_card":"summary_large_image","twitter_misc":{"Escrito por":"prilehgr","Tiempo de lectura":"3 minutos"},"schema":{"@context":"https:\/\/schema.org","@graph":[{"@type":"Article","@id":"https:\/\/catunescoforum.upv.es\/?p=9853#article","isPartOf":{"@id":"https:\/\/catunescoforum.upv.es\/?p=9853"},"author":{"name":"prilehgr","@id":"https:\/\/catunescoforum.upv.es\/#\/schema\/person\/db5475dd68f89dd9bb4f73e096a42b07"},"headline":"ADI\u00d3S A FEDERICO MAYOR ZARAGOZA, UN FARO DE PAZ Y CULTURA","datePublished":"2024-12-21T21:56:06+00:00","dateModified":"2024-12-21T22:31:37+00:00","mainEntityOfPage":{"@id":"https:\/\/catunescoforum.upv.es\/?p=9853"},"wordCount":697,"commentCount":0,"publisher":{"@id":"https:\/\/catunescoforum.upv.es\/#organization"},"image":{"@id":"https:\/\/catunescoforum.upv.es\/?p=9853#primaryimage"},"thumbnailUrl":"https:\/\/catunescoforum.upv.es\/wp-content\/uploads\/2024\/12\/Federico-Mayor.png","keywords":["#catedraunescoforumupv","comunidad valenciana","Espa\u00f1a","UNESCO","Valencia"],"articleSection":["Noticias","Publicaciones","UNESCO"],"inLanguage":"es","potentialAction":[{"@type":"CommentAction","name":"Comment","target":["https:\/\/catunescoforum.upv.es\/?p=9853#respond"]}]},{"@type":"WebPage","@id":"https:\/\/catunescoforum.upv.es\/?p=9853","url":"https:\/\/catunescoforum.upv.es\/?p=9853","name":"ADI\u00d3S A FEDERICO MAYOR ZARAGOZA, UN FARO DE PAZ Y CULTURA - C\u00e1tedra UNESCO Forum Universidad y Patrimonio Cultural","isPartOf":{"@id":"https:\/\/catunescoforum.upv.es\/#website"},"primaryImageOfPage":{"@id":"https:\/\/catunescoforum.upv.es\/?p=9853#primaryimage"},"image":{"@id":"https:\/\/catunescoforum.upv.es\/?p=9853#primaryimage"},"thumbnailUrl":"https:\/\/catunescoforum.upv.es\/wp-content\/uploads\/2024\/12\/Federico-Mayor.png","datePublished":"2024-12-21T21:56:06+00:00","dateModified":"2024-12-21T22:31:37+00:00","breadcrumb":{"@id":"https:\/\/catunescoforum.upv.es\/?p=9853#breadcrumb"},"inLanguage":"es","potentialAction":[{"@type":"ReadAction","target":["https:\/\/catunescoforum.upv.es\/?p=9853"]}]},{"@type":"ImageObject","inLanguage":"es","@id":"https:\/\/catunescoforum.upv.es\/?p=9853#primaryimage","url":"https:\/\/catunescoforum.upv.es\/wp-content\/uploads\/2024\/12\/Federico-Mayor.png","contentUrl":"https:\/\/catunescoforum.upv.es\/wp-content\/uploads\/2024\/12\/Federico-Mayor.png","width":504,"height":372},{"@type":"BreadcrumbList","@id":"https:\/\/catunescoforum.upv.es\/?p=9853#breadcrumb","itemListElement":[{"@type":"ListItem","position":1,"name":"Home","item":"https:\/\/catunescoforum.upv.es\/"},{"@type":"ListItem","position":2,"name":"ADI\u00d3S A FEDERICO MAYOR ZARAGOZA, UN FARO DE PAZ Y CULTURA"}]},{"@type":"WebSite","@id":"https:\/\/catunescoforum.upv.es\/#website","url":"https:\/\/catunescoforum.upv.es\/","name":"C\u00e1tedra UNESCO Forum Universidad y Patrimonio Cultural","description":"Una red universitaria internacional al cuidado del Patrimonio Cultural","publisher":{"@id":"https:\/\/catunescoforum.upv.es\/#organization"},"potentialAction":[{"@type":"SearchAction","target":{"@type":"EntryPoint","urlTemplate":"https:\/\/catunescoforum.upv.es\/?s={search_term_string}"},"query-input":{"@type":"PropertyValueSpecification","valueRequired":true,"valueName":"search_term_string"}}],"inLanguage":"es"},{"@type":"Organization","@id":"https:\/\/catunescoforum.upv.es\/#organization","name":"C\u00e1tedra UNESCO Forum Universidad y Patrimonio Cultura","url":"https:\/\/catunescoforum.upv.es\/","logo":{"@type":"ImageObject","inLanguage":"es","@id":"https:\/\/catunescoforum.upv.es\/#\/schema\/logo\/image\/","url":"https:\/\/catunescoforum.upv.es\/wp-content\/uploads\/2025\/07\/cropped-Logo_catedra_2025_julio-scaled-1.png","contentUrl":"https:\/\/catunescoforum.upv.es\/wp-content\/uploads\/2025\/07\/cropped-Logo_catedra_2025_julio-scaled-1.png","width":2560,"height":329,"caption":"C\u00e1tedra UNESCO Forum Universidad y Patrimonio Cultura"},"image":{"@id":"https:\/\/catunescoforum.upv.es\/#\/schema\/logo\/image\/"}},{"@type":"Person","@id":"https:\/\/catunescoforum.upv.es\/#\/schema\/person\/db5475dd68f89dd9bb4f73e096a42b07","name":"prilehgr","image":{"@type":"ImageObject","inLanguage":"es","@id":"https:\/\/secure.gravatar.com\/avatar\/5b388b0bdb1f4905d2c82f072c3498d15b87f4d5f109712d9d859b12e08d0da3?s=96&d=mm&r=g","url":"https:\/\/secure.gravatar.com\/avatar\/5b388b0bdb1f4905d2c82f072c3498d15b87f4d5f109712d9d859b12e08d0da3?s=96&d=mm&r=g","contentUrl":"https:\/\/secure.gravatar.com\/avatar\/5b388b0bdb1f4905d2c82f072c3498d15b87f4d5f109712d9d859b12e08d0da3?s=96&d=mm&r=g","caption":"prilehgr"},"url":"https:\/\/catunescoforum.upv.es\/?author=56076"}]}},"_links":{"self":[{"href":"https:\/\/catunescoforum.upv.es\/index.php?rest_route=\/wp\/v2\/posts\/9853","targetHints":{"allow":["GET"]}}],"collection":[{"href":"https:\/\/catunescoforum.upv.es\/index.php?rest_route=\/wp\/v2\/posts"}],"about":[{"href":"https:\/\/catunescoforum.upv.es\/index.php?rest_route=\/wp\/v2\/types\/post"}],"author":[{"embeddable":true,"href":"https:\/\/catunescoforum.upv.es\/index.php?rest_route=\/wp\/v2\/users\/56076"}],"replies":[{"embeddable":true,"href":"https:\/\/catunescoforum.upv.es\/index.php?rest_route=%2Fwp%2Fv2%2Fcomments&post=9853"}],"version-history":[{"count":1,"href":"https:\/\/catunescoforum.upv.es\/index.php?rest_route=\/wp\/v2\/posts\/9853\/revisions"}],"predecessor-version":[{"id":9874,"href":"https:\/\/catunescoforum.upv.es\/index.php?rest_route=\/wp\/v2\/posts\/9853\/revisions\/9874"}],"wp:featuredmedia":[{"embeddable":true,"href":"https:\/\/catunescoforum.upv.es\/index.php?rest_route=\/wp\/v2\/media\/9856"}],"wp:attachment":[{"href":"https:\/\/catunescoforum.upv.es\/index.php?rest_route=%2Fwp%2Fv2%2Fmedia&parent=9853"}],"wp:term":[{"taxonomy":"category","embeddable":true,"href":"https:\/\/catunescoforum.upv.es\/index.php?rest_route=%2Fwp%2Fv2%2Fcategories&post=9853"},{"taxonomy":"post_tag","embeddable":true,"href":"https:\/\/catunescoforum.upv.es\/index.php?rest_route=%2Fwp%2Fv2%2Ftags&post=9853"}],"curies":[{"name":"wp","href":"https:\/\/api.w.org\/{rel}","templated":true}]}}